{"id":2236,"date":"2012-07-12T10:02:08","date_gmt":"2012-07-12T08:02:08","guid":{"rendered":"http:\/\/www.ladislavjakl.cz\/?p=2236"},"modified":"2012-07-12T10:02:08","modified_gmt":"2012-07-12T08:02:08","slug":"dost-podpori-hned-tri-kandidaty-na-prezidenta","status":"publish","type":"post","link":"https:\/\/www.ladislavjakl.cz\/?p=2236","title":{"rendered":"DOST podpo\u0159\u00ed hned t\u0159i kandid\u00e1ty na prezidenta"},"content":{"rendered":"<div>Konzervativci  z Akce D.O.S.T. podpo\u0159\u00ed v kampani na prezidenta republiky t\u0159i kandid\u00e1ty  &#8211; Ladislava Jakla, Janu Bobo\u0161\u00edkovou a Ji\u0159\u00edho Karase.<\/div>\n<div><!--more-->P\u0159edstavitel\u00e9 Akce D.O.S.T. to uvedli v prohl\u00e1\u0161en\u00ed v\u011bnovan\u00e9m p\u0159\u00edm\u00e9 volb\u011b prezidenta.<\/div>\n<p>A\u010dkoli  m\u00e1 Akce D.O.S.T. v\u00fdhrady k vhodnosti p\u0159\u00edm\u00e9 volby hlavy st\u00e1tu za  sou\u010dasn\u00e9ho \u00fastavn\u00edho po\u0159\u00e1dku, bere ji jako p\u0159\u00edle\u017eitost prost\u0159ednictv\u00edm  vhodn\u00e9ho kandid\u00e1ta \u010di kandid\u00e1t\u016f upozornit \u0161ir\u0161\u00ed \u010deskou ve\u0159ejnost na  hodnoty obsa\u017een\u00e9 v Manifestu D.O.S.T. a na nebezpe\u010d\u00ed, kter\u00e9 by plynulo z  jejich zpochyb\u0148ov\u00e1n\u00ed.<\/p>\n<p>&#8222;Hlava st\u00e1tu, jakkoli jsou jeho pravomoci  zna\u010dn\u011b omezen\u00e9, m\u016f\u017ee hr\u00e1t, jak je tomu ostatn\u011b i dnes, v\u00fdznamnou \u00falohu  p\u0159i obran\u011b t\u011bchto hodnot. Proto je nutn\u00e9 k t\u011bmto volb\u00e1m p\u0159istoupit velmi  zodpov\u011bdn\u011b,&#8220; uvedl p\u0159edseda Akce D.O.S.T. Michal Sem\u00edn<\/p>\n<p>Proto\u017ee  se nenaplnilo p\u0159\u00e1n\u00ed p\u0159edstavitel\u016f Akce D.O.S.T., aby se konzervativn\u011b  orientovan\u00e9 proudy v \u010desk\u00e9m ve\u0159ejn\u00e9m \u017eivot\u011b shodly na spole\u010dn\u00e9m  kandid\u00e1tovi, podpo\u0159\u00ed D.O.S.T. nakonec v\u0161echny t\u0159i osobnosti, kter\u00e9  my\u0161lenky zt\u011blesn\u011bn\u00e9 v Manifestu D.O.S.T. reprezentuj\u00ed.<\/p>\n<p>&#8222;M\u016f\u017eeme s  pot\u011b\u0161en\u00edm konstatovat, \u017ee do kl\u00e1n\u00ed o prezidentsk\u00fd \u00fa\u0159ad aktu\u00e1ln\u011b vstupuj\u00ed  osobnosti, kter\u00e9 si na\u0161i podporu zasluhuj\u00ed. Dva z nich jsou signat\u00e1\u0159i  Manifestu D.O.S.T., jmenovit\u011b Ladislav Jakl a Jana Bobo\u0161\u00edkov\u00e1. T\u0159et\u00edm  kandid\u00e1tem, kter\u00fd m\u00e1 na\u0161e sympatie, je Ji\u0159\u00ed Karas. V\u00edme, \u017ee i naprost\u00e1  v\u011bt\u0161ina signat\u00e1\u0159\u016f Manifestu D.O.S.T. n\u011bkter\u00e9ho z t\u011bchto kandid\u00e1t\u016f bude  cht\u00edt podporovat a volit,&#8220; uvedl m\u00edstop\u0159edseda sdru\u017een\u00ed Petr Bahn\u00edk.<\/p>\n<p>Akce  D.O.S.T. si p\u0159eje, aby se budouc\u00edm prezidentem republiky stala  osobnost, kter\u00e1 bude \u00fa\u010dinn\u011b h\u00e1jit \u010deskou st\u00e1tn\u00ed svrchovanost a hodnoty  odvozen\u00e9 z k\u0159es\u0165ansk\u00fdch ko\u0159en\u016f na\u0161\u00ed civilizace. Odm\u00edt\u00e1 proto v\u011bt\u0161inu  kandid\u00e1t\u016f, jejich\u017e jm\u00e9na se objevuj\u00ed v \u010dele medi\u00e1ln\u011b prefabrikovan\u00fdch  \u017eeb\u0159\u00ed\u010dk\u016f. \u201eNa\u0161i podporu si tedy mohou zaslou\u017eit jen takov\u00ed kandid\u00e1ti,  kte\u0159\u00ed, alespo\u0148 v n\u011bkter\u00e9m d\u016fle\u017eit\u00e9m ohledu, stoj\u00ed v opozici v\u016f\u010di  soudob\u00fdm soci\u00e1ln\u011b in\u017een\u00fdrsk\u00fdm projekt\u016fm multikulturalismu a glob\u00e1ln\u00ed  vl\u00e1dy!&#8220; vysv\u011btlil Sem\u00edn.<\/p>\n<p>Akce D.O.S.T. se proto obrac\u00ed na  signat\u00e1\u0159e Manifestu D.O.S.T. a dal\u0161\u00ed p\u0159\u00edznivce se \u017e\u00e1dost\u00ed, aby sv\u00fdm  podpisem podpo\u0159ili kandidaturu v\u0161ech t\u011bchto t\u0159\u00ed kandid\u00e1t\u016f a pomohli i se  sb\u011brem dal\u0161\u00edch podpis\u016f, kter\u00e9 podmi\u0148uj\u00ed \u00fa\u010dast t\u011bchto kandid\u00e1t\u016f ve  volb\u011b.<\/p>\n<p>Akce D.O.S.T. je ob\u010dansk\u00e9 sdru\u017een\u00ed pro podporu ob\u010dansk\u00fdch  pr\u00e1v a svobod i tradi\u010dn\u00edch hodnot \u010desk\u00e9 kultury a st\u00e1tnosti. Odm\u00edt\u00e1  ideologizaci ve\u0159ejn\u00e9ho \u017eivota a sna\u017e\u00ed se \u0161\u00ed\u0159it atmosf\u00e9ru otev\u0159enosti a  objektivity. V\u011bnuje se proto vzd\u011bl\u00e1vac\u00ed a populariza\u010dn\u00ed \u010dinnosti, po\u0159\u00e1d\u00e1  kulturn\u00ed akce i ve\u0159ejn\u00e1 shrom\u00e1\u017ed\u011bn\u00ed a happeningy. V neposledn\u00ed \u0159ad\u011b  tak\u00e9 monitoruje p\u0159\u00edpady mo\u017en\u00e9ho poru\u0161ov\u00e1n\u00ed pr\u00e1v a svobod ob\u010dan\u016f a  poskytuje ob\u011btem takov\u00e9ho poru\u0161ov\u00e1n\u00ed pot\u0159ebnou pr\u00e1vn\u00ed pomoc a podporu.  Ve sv\u00e9m p\u016fsoben\u00ed vych\u00e1z\u00ed z textu Manifestu D.O.S.T. ze dne 7. listopadu  2007 a na n\u011bj navazuj\u00edc\u00edch aktivit.<\/p>\n<p><a href=\"http:\/\/www.prvnizpravy.cz\/style=default\/zpravy\/z-domova\/dost-podpori-hned-tri-kandidaty-na-prezidenta\/\" target=\"_blank\">Zdroj<\/a><\/p>\n","protected":false},"excerpt":{"rendered":"<p>Konzervativci z Akce D.O.S.T. podpo\u0159\u00ed v kampani na prezidenta republiky t\u0159i kandid\u00e1ty &#8211; Ladislava Jakla, Janu Bobo\u0161\u00edkovou a Ji\u0159\u00edho Karase.<\/p>\n","protected":false},"author":1,"featured_media":0,"comment_status":"open","ping_status":"open","sticky":false,"template":"","format":"standard","meta":{"ngg_post_thumbnail":0,"footnotes":""},"categories":[17,11],"tags":[],"class_list":["post-2236","post","type-post","status-publish","format-standard","hentry","category-jakl-president","category-ozvena"],"_links":{"self":[{"href":"https:\/\/www.ladislavjakl.cz\/index.php?rest_route=\/wp\/v2\/posts\/2236","targetHints":{"allow":["GET"]}}],"collection":[{"href":"https:\/\/www.ladislavjakl.cz\/index.php?rest_route=\/wp\/v2\/posts"}],"about":[{"href":"https:\/\/www.ladislavjakl.cz\/index.php?rest_route=\/wp\/v2\/types\/post"}],"author":[{"embeddable":true,"href":"https:\/\/www.ladislavjakl.cz\/index.php?rest_route=\/wp\/v2\/users\/1"}],"replies":[{"embeddable":true,"href":"https:\/\/www.ladislavjakl.cz\/index.php?rest_route=%2Fwp%2Fv2%2Fcomments&post=2236"}],"version-history":[{"count":2,"href":"https:\/\/www.ladislavjakl.cz\/index.php?rest_route=\/wp\/v2\/posts\/2236\/revisions"}],"predecessor-version":[{"id":2238,"href":"https:\/\/www.ladislavjakl.cz\/index.php?rest_route=\/wp\/v2\/posts\/2236\/revisions\/2238"}],"wp:attachment":[{"href":"https:\/\/www.ladislavjakl.cz\/index.php?rest_route=%2Fwp%2Fv2%2Fmedia&parent=2236"}],"wp:term":[{"taxonomy":"category","embeddable":true,"href":"https:\/\/www.ladislavjakl.cz\/index.php?rest_route=%2Fwp%2Fv2%2Fcategories&post=2236"},{"taxonomy":"post_tag","embeddable":true,"href":"https:\/\/www.ladislavjakl.cz\/index.php?rest_route=%2Fwp%2Fv2%2Ftags&post=2236"}],"curies":[{"name":"wp","href":"https:\/\/api.w.org\/{rel}","templated":true}]}}