{"id":2239,"date":"2012-07-12T10:07:57","date_gmt":"2012-07-12T08:07:57","guid":{"rendered":"http:\/\/www.ladislavjakl.cz\/?p=2239"},"modified":"2012-07-12T10:07:57","modified_gmt":"2012-07-12T08:07:57","slug":"prezident-klaus-pockal-na-tajemnika-jakla-a-vyrazil-na-prohlidku-chramu-indonesie","status":"publish","type":"post","link":"https:\/\/www.ladislavjakl.cz\/?p=2239","title":{"rendered":"Prezident Klaus po\u010dkal na tajemn\u00edka Jakla a vyrazil na prohl\u00eddku chr\u00e1m\u016f Indon\u00e9sie"},"content":{"rendered":"<p>\u010cesk\u00fd prezident v ned\u011bli p\u0159ilet\u011bl na st\u00e1tn\u00ed n\u00e1v\u0161t\u011bvu Indon\u00e9sie a  nav\u0161t\u00edvil tu hned dva starobyl\u00e9 chr\u00e1my \u2013 hinduistick\u00fd Prambanan a  buddhistick\u00fd Borobudur. Nejd\u0159\u00edv musel ale V\u00e1clav Klaus v Malajsii r\u00e1no  po\u010dkat, a\u017e se k cest\u011b na leti\u0161t\u011b dostav\u00ed i jeho tajemn\u00edk a mo\u017en\u00fd  n\u00e1stupce Ladislav Jakl.<\/p>\n<p><!--more-->Prezidentsk\u00fd kandid\u00e1t Jakl se na odjezdu kolony limuz\u00edn z  malajsijsk\u00e9ho Kuchingu o \u010dtvrt hodiny opozdil. Hradn\u00ed protokol proto na  posledn\u00ed Klause zarazil, aby nenasedl do p\u0159ipraven\u00e9ho vozu a nerozjel  tak celou kolonu, kter\u00e1 by tajemn\u00edka Hradu nechala za z\u00e1dy.<\/p>\n<p>&#8222;Dnes r\u00e1no jsme ztratili 15 minut p\u0159i \u010dek\u00e1n\u00ed na jednoho z na\u0161ich  koleg\u016f. R\u00e1d bych proto \u0159ekl, \u017ee \u00faslov\u00ed o akademick\u00e9 \u010dtvrthodince nen\u00ed  v\u017edycky pravdiv\u00e9,&#8220; uvedl Klaus v nar\u00e1\u017ece na rann\u00ed epizodu p\u0159i ob\u011bd\u011b se  sult\u00e1nem z indon\u00e9sk\u00e9ho m\u011bsta Yogyakarta Buwonem X.<\/p>\n<p>Sult\u00e1n a guvern\u00e9r v jedn\u00e9 osob\u011b p\u0159edt\u00edm zaujal hosty na ob\u011bd\u011b svoj\u00ed  znalost\u00ed \u010desk\u00fdch po\u0159ekadel. Krom\u011b tolerovan\u00e9ho 15minutov\u00e9ho zpo\u017ed\u011bn\u00ed v  \u00favodn\u00ed \u0159e\u010di zm\u00ednil i to, \u017ee \u010distota je p\u016fl zdrav\u00ed. S\u00e1m se takov\u00e9mu  p\u0159\u00edstupu podivil. Uvedl, \u017ee sou\u010dasn\u00fd byznys mnohdy netoleruje ani  p\u011btiminutov\u00e9 me\u0161k\u00e1n\u00ed a \u017ee z druh\u00e9 p\u016flky je pro \u010cechy z\u0159ejm\u011b \u010distota  smrt\u00edc\u00ed. Jinak ale projevil z\u00e1jem o sbl\u00ed\u017een\u00ed turistick\u00e9ho ruchu sv\u00e9ho  m\u011bsta s Prahou.<\/p>\n<p>Na rozd\u00edl od metropole Jakarty nab\u00edz\u00ed Yogyakarta na ostrov\u011b J\u00e1va \u0159adu  turistick\u00fdch zaj\u00edmavost\u00ed. Mezi nimi v\u00e9vod\u00ed dva starobyl\u00e9 chr\u00e1my r\u016fzn\u00fdch  n\u00e1bo\u017eenstv\u00ed zapsan\u00fdch na seznam pam\u00e1tek UNESCO, kter\u00e9 si nenechal uj\u00edt  ani prezident Klaus.<\/p>\n<p>Hned po p\u0159\u00edletu do Indon\u00e9sie vedla prvn\u00ed cesta hlavy st\u00e1tu do  Prambananu, kter\u00fd je nejv\u011bt\u0161\u00edm hinduistick\u00fdm chr\u00e1mov\u00fdm komplexem v  Indon\u00e9sii. Stavb\u011b z 9. stolet\u00ed na\u0161eho letopo\u010dtu v\u00e9vod\u00ed t\u00e9m\u011b\u0159 50metrov\u00fd  centr\u00e1ln\u00ed chr\u00e1m.<\/p>\n<p>&#8222;Je neuv\u011b\u0159iteln\u00e9, jak bylo mo\u017en\u00e9 takovou strukturu postavit p\u0159ed v\u00edce  ne\u017e tis\u00edci lety bez internetu, globalizace a dal\u0161\u00edch v\u011bc\u00ed, kter\u00e9 tehdy  je\u0161t\u011b nebyly,&#8220; poznamenal Klaus. S\u00e1m v chr\u00e1mov\u00e9m komplexu vystoupal a  se\u0161el n\u011bkolik schodi\u0161\u0165, aby si na z\u00e1v\u011br pochv\u00e1lil, \u017ee ani nebylo moc  vedro. Teplota na slunci sice p\u0159esahovala 30 \u00b0C, prezidenta ale v\u011bt\u0161inu  \u010dasu chr\u00e1nil p\u0159ed hork\u00fdmi paprsky de\u0161tn\u00edk.<\/p>\n<p>Z konce prvn\u00edho tis\u00edcilet\u00ed poch\u00e1z\u00ed i druh\u00fd chr\u00e1m, kter\u00fd si V\u00e1clav  Klaus s man\u017eelkou Livi\u00ed i celou delegac\u00ed p\u0159i\u0161li na J\u00e1v\u011b prohl\u00e9dnout.  Buddhistick\u00fd komplex Borobudur se skl\u00e1d\u00e1 ze \u0161esti \u010dtvercov\u00fdch teras, nad  kter\u00fdmi jsou je\u0161t\u011b t\u0159i terasovit\u00e1 patra vyveden\u00e1 do kruhu.<\/p>\n<p>Prezident veden\u00fd m\u00edstn\u00edm pr\u016fvodcem nejd\u0159\u00edv i s jeho v\u00fdkladem  vystoupal po strm\u00fdch \u00fazk\u00fdch schodech jen na druhou terasu. Potom si ale  v\u0161iml ministra \u017eivotn\u00edho prost\u0159ed\u00ed Tom\u00e1\u0161e Chalupy (ODS) i n\u011bkolika  dal\u0161\u00edch \u010dlen\u016f delegace, kte\u0159\u00ed se proti n\u011bmu vraceli z vrchu chr\u00e1mu po  schodech dol\u016f.<\/p>\n<p>&#8222;Vy jste vy\u0161li a\u017e nahoru? Co tam je?&#8220; zeptal se ministra Klaus, ve  kter\u00e9m se probudila sout\u011b\u017eivost se zv\u011bdavost\u00ed. &#8222;Zvony, pane prezidente,&#8220;  prohl\u00e1sil ministr \u017eivotn\u00edho prost\u0159ed\u00ed a \u010desk\u00fd prezident se rozhodl pro  cestu vzh\u016fru. Ve sv\u00fdch 70 letech vystoupal k vrchn\u00edm patr\u016fm starobyl\u00e9  pam\u00e1tky, kterou si tak i s jej\u00edm okol\u00edm mohl prohl\u00e9dnout z v\u00fd\u0161ky.<\/p>\n<p>Budova je poseta v\u00edce ne\u017e 2500 reli\u00e9fn\u00edmi panely. Poutn\u00edky na cest\u011b  vzh\u016fru doprov\u00e1z\u00ed bezm\u00e1la 1500 z nich a p\u0159\u00edb\u011bhy n\u011bkter\u00fdch se dozv\u011bd\u011bl i  V\u00e1clav Klaus. Na trasu se vydal v duchu tradic, s kusem l\u00e1tky omotan\u00fdm  kolem pasu.<\/p>\n<p>Pracovn\u00ed program \u010desk\u00e9ho prezidenta se v Indon\u00e9sii naplno rozb\u011bhne v  pond\u011bl\u00ed, kdy bude jednat se sv\u00fdm prot\u011bj\u0161kem a z\u00fa\u010dastn\u00ed se i ceremoni\u00e1lu  podpis\u016f mezi z\u00e1stupci \u010cesk\u00e9 a Indon\u00e9sk\u00e9 republiky. Prezidenti obou st\u00e1t\u016f  vystoup\u00ed tak\u00e9 na spole\u010dn\u00e9 tiskov\u00e9 konferenci. V\u00e1clav Klaus se z\u00fa\u010dastn\u00ed  diskuse o indon\u00e9sk\u00e9m vyd\u00e1n\u00ed sv\u00e9 knihy Modr\u00e1, nikoli zelen\u00e1 planeta,  polo\u017e\u00ed v\u011bnce k m\u00edstn\u00edmu Pam\u00e1tn\u00edku hrdin\u016f a potom slavnostn\u011b pove\u010de\u0159\u00ed v  prezidentsk\u00e9m pal\u00e1ci. Zp\u011bt do \u010ceska odlet\u00ed v \u00fater\u00fd.<\/p>\n<p><a href=\"http:\/\/www.mediafax.cz\/zahranici\/4079179-Prezident-Klaus-pockal-na-tajemnika-Jakla-a-vyrazil-na-prohlidku-chramu-Indonesie\" target=\"_blank\">Zdroj<\/a><\/p>\n","protected":false},"excerpt":{"rendered":"<p>\u010cesk\u00fd prezident v ned\u011bli p\u0159ilet\u011bl na st\u00e1tn\u00ed n\u00e1v\u0161t\u011bvu Indon\u00e9sie a nav\u0161t\u00edvil tu hned dva starobyl\u00e9 chr\u00e1my \u2013 hinduistick\u00fd Prambanan a buddhistick\u00fd Borobudur. Nejd\u0159\u00edv musel ale V\u00e1clav Klaus v Malajsii r\u00e1no po\u010dkat, a\u017e se k cest\u011b na leti\u0161t\u011b dostav\u00ed i jeho tajemn\u00edk a mo\u017en\u00fd n\u00e1stupce Ladislav Jakl.<\/p>\n","protected":false},"author":1,"featured_media":0,"comment_status":"open","ping_status":"open","sticky":false,"template":"","format":"standard","meta":{"ngg_post_thumbnail":0,"footnotes":""},"categories":[11],"tags":[],"class_list":["post-2239","post","type-post","status-publish","format-standard","hentry","category-ozvena"],"_links":{"self":[{"href":"https:\/\/www.ladislavjakl.cz\/index.php?rest_route=\/wp\/v2\/posts\/2239","targetHints":{"allow":["GET"]}}],"collection":[{"href":"https:\/\/www.ladislavjakl.cz\/index.php?rest_route=\/wp\/v2\/posts"}],"about":[{"href":"https:\/\/www.ladislavjakl.cz\/index.php?rest_route=\/wp\/v2\/types\/post"}],"author":[{"embeddable":true,"href":"https:\/\/www.ladislavjakl.cz\/index.php?rest_route=\/wp\/v2\/users\/1"}],"replies":[{"embeddable":true,"href":"https:\/\/www.ladislavjakl.cz\/index.php?rest_route=%2Fwp%2Fv2%2Fcomments&post=2239"}],"version-history":[{"count":1,"href":"https:\/\/www.ladislavjakl.cz\/index.php?rest_route=\/wp\/v2\/posts\/2239\/revisions"}],"predecessor-version":[{"id":2240,"href":"https:\/\/www.ladislavjakl.cz\/index.php?rest_route=\/wp\/v2\/posts\/2239\/revisions\/2240"}],"wp:attachment":[{"href":"https:\/\/www.ladislavjakl.cz\/index.php?rest_route=%2Fwp%2Fv2%2Fmedia&parent=2239"}],"wp:term":[{"taxonomy":"category","embeddable":true,"href":"https:\/\/www.ladislavjakl.cz\/index.php?rest_route=%2Fwp%2Fv2%2Fcategories&post=2239"},{"taxonomy":"post_tag","embeddable":true,"href":"https:\/\/www.ladislavjakl.cz\/index.php?rest_route=%2Fwp%2Fv2%2Ftags&post=2239"}],"curies":[{"name":"wp","href":"https:\/\/api.w.org\/{rel}","templated":true}]}}