{"id":2242,"date":"2012-07-12T10:10:01","date_gmt":"2012-07-12T08:10:01","guid":{"rendered":"http:\/\/www.ladislavjakl.cz\/?p=2242"},"modified":"2012-07-12T10:10:01","modified_gmt":"2012-07-12T08:10:01","slug":"jiri-karas-pro-reformy-cz","status":"publish","type":"post","link":"https:\/\/www.ladislavjakl.cz\/?p=2242","title":{"rendered":"Ji\u0159\u00ed Karas pro Reformy.cz"},"content":{"rendered":"<p>Ladislav Jakl prohl\u00e1sil na prezidentsk\u00e9m nomina\u010dn\u00edm setk\u00e1n\u00ed Svobodn\u00fdch, \u017ee vy jste jedin\u00fd z dosud avizovan\u00fdch kandid\u00e1t\u016f, kter\u00e9ho by mohl volit. \u010c\u00edm to, \u017ee si vyslou\u017eil Va\u0161e sympatie? Op\u011btujete je?<\/p>\n<p><!--more--><br \/>\nNev\u00edm, \u010d\u00edm jsem si zaslou\u017eil sympatie pana Ladislava Jakla. V ka\u017ed\u00e9m p\u0159\u00edpad\u011b pan Jakl jako kandid\u00e1t m\u00e9 sympatie v\u017edy m\u011bl a m\u00e1.<\/p>\n<p>Rozhovor po vedl V\u00edt Jedli\u010dka, p\u0159edseda Reformy.cz<\/p>\n","protected":false},"excerpt":{"rendered":"<p>Ladislav Jakl prohl\u00e1sil na prezidentsk\u00e9m nomina\u010dn\u00edm setk\u00e1n\u00ed Svobodn\u00fdch, \u017ee vy jste jedin\u00fd z dosud avizovan\u00fdch kandid\u00e1t\u016f, kter\u00e9ho by mohl volit. \u010c\u00edm to, \u017ee si vyslou\u017eil Va\u0161e sympatie? Op\u011btujete je?<\/p>\n","protected":false},"author":1,"featured_media":0,"comment_status":"open","ping_status":"open","sticky":false,"template":"","format":"standard","meta":{"ngg_post_thumbnail":0,"footnotes":""},"categories":[17,11],"tags":[],"class_list":["post-2242","post","type-post","status-publish","format-standard","hentry","category-jakl-president","category-ozvena"],"_links":{"self":[{"href":"https:\/\/www.ladislavjakl.cz\/index.php?rest_route=\/wp\/v2\/posts\/2242","targetHints":{"allow":["GET"]}}],"collection":[{"href":"https:\/\/www.ladislavjakl.cz\/index.php?rest_route=\/wp\/v2\/posts"}],"about":[{"href":"https:\/\/www.ladislavjakl.cz\/index.php?rest_route=\/wp\/v2\/types\/post"}],"author":[{"embeddable":true,"href":"https:\/\/www.ladislavjakl.cz\/index.php?rest_route=\/wp\/v2\/users\/1"}],"replies":[{"embeddable":true,"href":"https:\/\/www.ladislavjakl.cz\/index.php?rest_route=%2Fwp%2Fv2%2Fcomments&post=2242"}],"version-history":[{"count":2,"href":"https:\/\/www.ladislavjakl.cz\/index.php?rest_route=\/wp\/v2\/posts\/2242\/revisions"}],"predecessor-version":[{"id":2244,"href":"https:\/\/www.ladislavjakl.cz\/index.php?rest_route=\/wp\/v2\/posts\/2242\/revisions\/2244"}],"wp:attachment":[{"href":"https:\/\/www.ladislavjakl.cz\/index.php?rest_route=%2Fwp%2Fv2%2Fmedia&parent=2242"}],"wp:term":[{"taxonomy":"category","embeddable":true,"href":"https:\/\/www.ladislavjakl.cz\/index.php?rest_route=%2Fwp%2Fv2%2Fcategories&post=2242"},{"taxonomy":"post_tag","embeddable":true,"href":"https:\/\/www.ladislavjakl.cz\/index.php?rest_route=%2Fwp%2Fv2%2Ftags&post=2242"}],"curies":[{"name":"wp","href":"https:\/\/api.w.org\/{rel}","templated":true}]}}