{"id":2255,"date":"2012-07-16T13:13:27","date_gmt":"2012-07-16T11:13:27","guid":{"rendered":"http:\/\/www.ladislavjakl.cz\/?p=2255"},"modified":"2012-07-16T13:13:27","modified_gmt":"2012-07-16T11:13:27","slug":"ostrihat-jakla-zapomente-rika-klausuv-tajemnik-2","status":"publish","type":"post","link":"https:\/\/www.ladislavjakl.cz\/?p=2255","title":{"rendered":"Ost\u0159\u00edhat Jakla? Zapome\u0148te, \u0159\u00edk\u00e1 Klaus\u016fv tajemn\u00edk"},"content":{"rendered":"<p>Tajemn\u00edk prezidenta a kandid\u00e1t na prezidenta pro p\u0159\u00ed\u0161t\u00ed funk\u010dn\u00ed obdob\u00ed  Ladislav Jakl sv\u016fj zevn\u011bj\u0161ek m\u011bnit nehodl\u00e1. Ost\u0159\u00edh\u00e1n\u00ed o\u010dek\u00e1vat nelze.<\/p>\n<p><!--more--><\/p>\n<p>A to ani p\u0159esto, \u017ee mu n\u011bkte\u0159\u00ed pod touto podm\u00ednkou slibuj\u00ed volebn\u00ed hlas.<\/p>\n<p>Nap\u0159\u00edklad  jeden z \u010dlen\u016f Svobodn\u00fdch Jakla coby kandid\u00e1ta na prezidenta doporu\u010duje  sv\u00fdm zn\u00e1m\u00fdm a p\u0159\u00e1tel\u016fm, kte\u0159\u00ed mu pr\u00fd fand\u00ed, ale&#8230;<\/p>\n<p>&#8222;Vzhledem k  tomu, \u017ee to jsou konservativn\u00ed lid\u00e9, kladou mi ot\u00e1zku, na kterou  nedovedu odpov\u011bd\u011bt. R\u00e1d bych, kdybyste mi s t\u00edm pomohl. Jste v p\u0159\u00edpad\u011b  \u00fasp\u011bchu ochoten upravit sv\u016fj vzhled tak, aby byl hezk\u00fd, nap\u0159. i na  zn\u00e1mk\u00e1ch a obrazech ve t\u0159\u00edd\u00e1ch?&#8220; pt\u00e1 se tento p\u0159\u00edznivec Jakla v mailu,  kter\u00fd prezident\u016fv tajemn\u00edk zve\u0159ejnil na sv\u00fdch webov\u00fdch str\u00e1nk\u00e1ch.<\/p>\n<p>&#8222;Pro  m\u011b to je trochu probl\u00e9m: lidsk\u00e1 svoboda x n\u011bco ob\u011btovat pro obecn\u00e9  dobr\u00e9. Tento probl\u00e9m nen\u00ed nov\u00fd, u\u017e prof. Kn\u00ed\u017e\u00e1k se s n\u00edm nepopral  uspokojiv\u011b. D\u011bkuji za odpov\u011b\u010f. P\u0159eji V\u00e1m \u00fasp\u011bch,&#8220; napsal voli\u010d J.S.<\/p>\n<p>Se  sv\u00fdm n\u00e1m\u011btem ale nepochodil. &#8222;Dobr\u00fd den. Co mysl\u00edte \u00b4\u00fapravou vzhledu\u00b4?  Jestli ost\u0159\u00edh\u00e1n\u00ed, pak to o\u010dek\u00e1vat asi nelze,&#8220; odepsal mu Ladislav Jakl.<\/p>\n<p>&#8222;Za  posledn\u00edch 40 let jsem byl tis\u00edckr\u00e1t postaven p\u0159ed volbu: ost\u0159\u00edhat se \u2013  z\u00edskat v\u00fdhodu, neost\u0159\u00edhat se \u2013 z\u00edskat nev\u00fdhodu. Mnohokr\u00e1t jsem na to  doplatil, ale i d\u00edky tomuto postoji jsem takov\u00fd, jak\u00fd jsem. I d\u00edky tomu  ch\u00e1pu svobodu nejen jako vlastn\u00ed osvobozen\u00ed, ale jako hodnotu, kterou je  nutno p\u0159\u00e1t i druh\u00fdm,&#8220; vysv\u011btlil.<\/p>\n<p>A pokud t\u00edm tazatel mysl\u00ed n\u011bco jin\u00e9ho, pak Jakl nech\u00e1pe, co by to m\u011blo b\u00fdt.<\/p>\n<p>&#8222;M\u00e9  obleky i ko\u0161ile jsou kvalitn\u00ed a \u010dist\u00e9, nekouk\u00e1 mi z kalhot t\u00edlko,  nenos\u00edm \u0161pinav\u00e9 boty. A ve sv\u00e9m voln\u00e9m \u010dase si \u2013 mysl\u00edm \u2013 zaslou\u017e\u00edm  stejn\u00e9 pochopen\u00ed jako t\u0159eba ti, co hraj\u00ed o v\u00edkendech fobal, koupou se,  nebo t\u0159eba lezou po skal\u00e1ch.&#8220;<\/p>\n<p>&#8222;V\u00edte, on ten konzervativn\u00ed p\u0159\u00edstup k \u017eivotu m\u00e1 mo\u017en\u00e1 jin\u00e9, ne\u017e jen ty povrchn\u00ed projevy,&#8220; dodal.<\/p>\n<p><a href=\"http:\/\/www.prvnizpravy.cz\/zpravy\/z-domova\/ostrihat-jakla-zapomente-rika-klausuv-tajemnik\/\" target=\"_blank\">Zdroj<\/a><\/p>\n","protected":false},"excerpt":{"rendered":"<p>Tajemn\u00edk prezidenta a kandid\u00e1t na prezidenta pro p\u0159\u00ed\u0161t\u00ed funk\u010dn\u00ed obdob\u00ed Ladislav Jakl sv\u016fj zevn\u011bj\u0161ek m\u011bnit nehodl\u00e1. Ost\u0159\u00edh\u00e1n\u00ed o\u010dek\u00e1vat nelze.<\/p>\n","protected":false},"author":1,"featured_media":0,"comment_status":"open","ping_status":"open","sticky":false,"template":"","format":"standard","meta":{"ngg_post_thumbnail":0,"footnotes":""},"categories":[11],"tags":[],"class_list":["post-2255","post","type-post","status-publish","format-standard","hentry","category-ozvena"],"_links":{"self":[{"href":"https:\/\/www.ladislavjakl.cz\/index.php?rest_route=\/wp\/v2\/posts\/2255","targetHints":{"allow":["GET"]}}],"collection":[{"href":"https:\/\/www.ladislavjakl.cz\/index.php?rest_route=\/wp\/v2\/posts"}],"about":[{"href":"https:\/\/www.ladislavjakl.cz\/index.php?rest_route=\/wp\/v2\/types\/post"}],"author":[{"embeddable":true,"href":"https:\/\/www.ladislavjakl.cz\/index.php?rest_route=\/wp\/v2\/users\/1"}],"replies":[{"embeddable":true,"href":"https:\/\/www.ladislavjakl.cz\/index.php?rest_route=%2Fwp%2Fv2%2Fcomments&post=2255"}],"version-history":[{"count":1,"href":"https:\/\/www.ladislavjakl.cz\/index.php?rest_route=\/wp\/v2\/posts\/2255\/revisions"}],"predecessor-version":[{"id":2256,"href":"https:\/\/www.ladislavjakl.cz\/index.php?rest_route=\/wp\/v2\/posts\/2255\/revisions\/2256"}],"wp:attachment":[{"href":"https:\/\/www.ladislavjakl.cz\/index.php?rest_route=%2Fwp%2Fv2%2Fmedia&parent=2255"}],"wp:term":[{"taxonomy":"category","embeddable":true,"href":"https:\/\/www.ladislavjakl.cz\/index.php?rest_route=%2Fwp%2Fv2%2Fcategories&post=2255"},{"taxonomy":"post_tag","embeddable":true,"href":"https:\/\/www.ladislavjakl.cz\/index.php?rest_route=%2Fwp%2Fv2%2Ftags&post=2255"}],"curies":[{"name":"wp","href":"https:\/\/api.w.org\/{rel}","templated":true}]}}