{"id":2257,"date":"2012-07-16T13:15:10","date_gmt":"2012-07-16T11:15:10","guid":{"rendered":"http:\/\/www.ladislavjakl.cz\/?p=2257"},"modified":"2012-07-16T13:15:10","modified_gmt":"2012-07-16T11:15:10","slug":"ekonom-bacha-tihle-kandidati-na-hrad-vas-chteji-pripravit-o-penize","status":"publish","type":"post","link":"https:\/\/www.ladislavjakl.cz\/?p=2257","title":{"rendered":"Ekonom: Bacha, tihle kandid\u00e1ti na Hrad v\u00e1s cht\u011bj\u00ed p\u0159ipravit o pen\u00edze"},"content":{"rendered":"<p>JIN\u00ddMA O\u010cIMA Podle V\u00edta Jedli\u010dky, kter\u00fd je p\u0159edsedou sdru\u017een\u00ed Reformy.cz  a p\u0159edsedou Strany Svobodn\u00fdch ob\u010dan\u016f v Kr\u00e1lov\u00e9hradeck\u00e9m kraji,  bank\u00e9\u0159sk\u00e1 lobby nasadila do boje o prezidentsk\u00fd \u00fa\u0159ad siln\u00e9 kandid\u00e1ty.  Ka\u017ed\u00fd z kandid\u00e1t\u016f podle n\u011bj reprezentuje silnou skupinu z\u00e1jm\u016f, jejich\u017e  spole\u010dn\u00fdm jmenovatelem je podpora bank na \u00fakor da\u0148ov\u00fdch poplatn\u00edk\u016f.  Spojuje je tak\u00e9 pr\u00fd nad\u0161en\u00ed pro budov\u00e1n\u00ed evropsk\u00e9 federace a sv\u011btov\u00e9  vl\u00e1dy.<\/p>\n<p><!--more--><\/p>\n<p>Ekonom Jedli\u010dka v\u00a0\u0159\u00edjnu tohoto roku chyst\u00e1 vyd\u00e1n\u00ed knihy Globalizmus ve  sv\u011btov\u00e9 politice a jeho sdru\u017een\u00ed Reformy.cz podobn\u011b jako Strana  svobodn\u00fdch ob\u010dan\u016f podporuj\u00ed v\u00a0boji o Hrad sou\u010dasn\u00e9ho tajemn\u00edka  prezidenta republiky Ladislava Jakla.Volba prezidenta je podle Jedli\u010dky  stru\u010dn\u011b \u0159e\u010deno bojem o vstup do euroz\u00f3ny a 700 miliard devizov\u00fdch rezerv  \u010cesk\u00e9 n\u00e1rodn\u00ed banky<\/p>\n<p>\u201ePro bank\u00e9\u0159e je \u010cesk\u00e1 republika zaj\u00edmav\u00e1 p\u0159edev\u0161\u00edm kv\u016fli sv\u00fdm vysok\u00fdm  devizov\u00fdch rezerv\u00e1m. Prezident toti\u017e s\u00e1m vol\u00ed centr\u00e1ln\u00ed bank\u00e9\u0159e, kte\u0159\u00ed o  nich rozhoduj\u00ed a mohou tak\u00e9 br\u00e1nit vstupu \u010cR do euroz\u00f3ny,\u201c upozor\u0148uje  Jedli\u010dka, kter\u00fd nenech\u00e1v\u00e1 nit suchou na Janu Fischerovi, Janu  \u0160vejnarovi, Ji\u0159\u00edm Dienstbierovi, Vladim\u00edru Dlouh\u00e9m, Karlu  Schwarzenbergovi ani Milo\u0161i Zemanovi. V\u0161ichni podle n\u011bho n\u011bjak\u00fdm  zp\u016fsobem reprezentuj\u00ed bu\u010f ciz\u00ed z\u00e1jmy nebo z\u00e1jmy bank.<\/p>\n<p><strong>Ta my\u0161lenka na sv\u011btovou vl\u00e1du vyd\u011bs\u00ed mnoho lid\u00ed, s t\u00edm po\u010d\u00edt\u00e1me <\/strong><\/p>\n<p><strong>Jan Fischer<\/strong> byl viceprezidentem Evropsk\u00e9 banky pro  obnovu a rozvoj (EBRD). Jedli\u010dka upozor\u0148uje, \u017ee na a posledn\u00edm summitu  EU bylo rozhodnuto, \u017ee Evropsk\u00e1 investi\u010dn\u00ed banka, kter\u00e1 je \u010dlenem EBRD,  dostane 10 miliard euro, co\u017e je \u010dtvrtina \u010desk\u00e9ho st\u00e1tn\u00edho rozpo\u010dtu. Ty  cht\u011bj\u00ed evrop\u0161t\u00ed politici pou\u017e\u00edt na obnovu hospod\u00e1\u0159sk\u00e9ho r\u016fstu.<\/p>\n<p>\u201eTi sam\u00ed politici, kte\u0159\u00ed p\u0159ivedli EU na pokraj ekonomick\u00e9ho kolapsu,  n\u00e1s te\u010f p\u0159esv\u011bd\u010duj\u00ed, \u017ee dal\u0161\u00edmi dluhy a budovatelsk\u00fdmi projekty n\u00e1s  z\u00a0krize dostanou. Jak to funguje v\u00a0praxi, n\u00e1m uk\u00e1zala EBRD hned dva roky  po sv\u00e9m vzniku v\u00a0roce 1993, kdy za v\u00fdm\u011bnu mramoru ve sv\u00e9m s\u00eddle v  Lond\u00fdn\u011b banka utratila dvakr\u00e1t v\u00edce, ne\u017e rozd\u011blila na p\u016fj\u010dk\u00e1ch do zem\u00ed  st\u0159edn\u00ed a v\u00fdchodn\u00ed Evropy. Prvn\u00edm prezidentem t\u00e9to banky byl Jacques  Attali, \u00fa\u010dastn\u00edk skupiny Bilderberg a jeden z\u00a0nejzn\u00e1m\u011bj\u0161\u00edch obh\u00e1jc\u016f  sv\u011btov\u00e9 vl\u00e1dy, kter\u00fd v\u00a0interview pro Euronews 6. \u010dervna 2009 prohl\u00e1sil:  \u00b4Bu\u010f budeme sm\u011b\u0159ovat sm\u011brem ke sv\u011btov\u00e9 vl\u00e1d\u011b, nebo d\u00e1me p\u0159ednost  n\u00e1rodn\u00edm z\u00e1jm\u016fm\u2026 Ta my\u0161lenka na sv\u011btovou vl\u00e1du vyd\u011bs\u00ed mnoho lid\u00ed, s t\u00edm  po\u010d\u00edt\u00e1me,\u201c zlob\u00ed se V\u00edt Jedli\u010dka.<\/p>\n<p><strong>Goldman Sachs, Bilderberg a Trilater\u00e1ln\u00ed komise<\/strong><\/p>\n<p><strong>Vladim\u00edr Dlouh\u00fd<\/strong> pracuje pro Goldman Sachs jako hlavn\u00ed  spojka pro St\u0159edn\u00ed Evropu. \u201eSou\u010dasn\u011b je tak\u00e9 m\u00edstop\u0159edsedou  Rockefellerovy Trilater\u00e1ln\u00ed komise a \u00fa\u010dastn\u00edk Bilderbergu. Goldman Sachs  je velmi \u00fasp\u011b\u0161n\u00e1 v\u00a0dosazovan\u00e1 sv\u00fdch zam\u011bstnanc\u016f do kl\u00ed\u010dov\u00fdch  politick\u00fdch pozic po cel\u00e9m sv\u011bt\u011b. Ji\u017e se j\u00ed poda\u0159ilo dosadit sv\u00e9ho  zam\u011bstnance Maria Montiho na post premi\u00e9ra v\u00a0It\u00e1lii, kter\u00fd je z\u00e1rove\u0148  evropsk\u00fdm p\u0159edsedou Trilater\u00e1ln\u00ed komise, stejn\u011b jako \u010dlenem Bilderbergu.  Montiho Dlouh\u00fd v r\u00e1mci sv\u00e9 Prague Twenty pozval p\u0159ed \u010dasem do Prahy na  p\u0159edn\u00e1\u0161ku na t\u00e9ma nezastavitelnosti evropsk\u00e9 integrace,\u201c \u0159\u00edk\u00e1 Jedli\u010dka.<\/p>\n<p>Dal\u0161\u00ed z\u00e1stupce Goldman Sachs byl podle Jedli\u010dky dosazen v\u00a0\u0158ecku.  \u201ePremi\u00e9rem se v\u00a0r\u00e1mci krize stal Lucas Papademos, d\u0159\u00edve ECB a bostonsk\u00fd  Fed, jinak t\u00e9\u017e \u010dlen Trilater\u00e1ln\u00ed komise. D\u00e1le nap\u0159\u00edklad b\u00fdval\u00fd  m\u00edstop\u0159edseda u Goldman Sachs International Mario Draghi byl instalov\u00e1n  do funkce prezidenta Evropsk\u00e9 centr\u00e1ln\u00ed banky. To je pouze zlomek toho,  jak se t\u00e9to bance poda\u0159ilo politicky ovl\u00e1dnout kl\u00ed\u010dov\u00e9 politick\u00e9 pozice  v\u00a0EU i USA. Nen\u00ed n\u00e1hodou, \u017ee dal\u0161\u00edm st\u00e1l\u00fdm \u010dlenem Trilater\u00e1ln\u00ed komise a  kandid\u00e1tem na prezidenta je <strong>Karel Schwarzenberg<\/strong>,\u201c p\u0159ipom\u00edn\u00e1 Jedli\u010dka.<\/p>\n<p><strong>Rada pro mezin\u00e1rodn\u00ed vztahy<\/strong><\/p>\n<p><strong>Jan \u0160vejnar<\/strong> p\u016fsob\u00ed v pozici p\u0159edsedy dozor\u010d\u00ed rady  \u010cSOB. \u201e\u010cSOB je sou\u010d\u00e1sti skupiny bank KBC, kter\u00e9 natahuj\u00ed nejv\u00edce ruce po  pen\u011bz\u00edch da\u0148ov\u00fdch poplatn\u00edk\u016f v\u00a0r\u00e1mci krize euroz\u00f3ny. S\u00e1m \u0160vejnar v\u00a0USA  pracoval pro Radu pro mezin\u00e1rodn\u00ed vztahy (CFR), co\u017e je think-tank  zalo\u017een\u00fd tou samou z\u00e1jmovou skupinou, kter\u00e1 prosadila vznik americk\u00e9  soukrom\u00e9 centr\u00e1ln\u00ed banky Fed. Otec kandid\u00e1ta \u010cSSD <strong>Ji\u0159\u00edho Dienstbiera<\/strong> zalo\u017eil CFR po revoluci v\u00a0\u010cR pobo\u010dku,\u201c \u0159\u00edk\u00e1 V\u00edt Jedli\u010dka.<\/p>\n<p>\u201eJe p\u0159\u00edzna\u010dn\u00e9, \u017ee jak Jan Fischer, tak Vladim\u00edr Dlouh\u00fd byli a\u017e do  revoluce aktivn\u00ed \u010dlenov\u00e9 KS\u010c. Jak je vid\u011bt um\u011bj\u00ed se za\u0159\u00eddit v\u00a0ka\u017ed\u00e9m  syst\u00e9mu. Ve\u010dern\u00ed univerzitu marxismu-lenismu, neboli VUML studoval tak\u00e9  a\u017e t\u011bsn\u011b do revoluce kandid\u00e1t ODS <strong>P\u0159emysl Sobotka<\/strong>. Jeho  nominace v\u00a0ODS na prezidenta p\u011bkn\u011b dokresluje stav t\u00e9to kdysi  euroskeptick\u00e9 a pravicov\u00e9 strany,\u201c ne\u0161et\u0159\u00ed kandid\u00e1ty na prezidenta  Jedli\u010dka.<\/p>\n<p>\u201eKandid\u00e1ti Jan Fischer a Jan \u0160vejnar se naopak netaj\u00ed svoj\u00ed bl\u00edzkost\u00ed  k\u00a0\u010cSSD. Oba otev\u0159en\u011b zva\u017eovali, \u017ee by za \u010cSSD kandidovali. Dal\u0161\u00ed dva  kandid\u00e1ti \u010cSSD Ji\u0159\u00ed Dienstbier a <strong>Milo\u0161 Zeman<\/strong> (SPOZ) se  nikterak v\u00fdznamn\u011b od sv\u00fdch kolegu neli\u0161\u00ed. V\u0161ichni cht\u011bj\u00ed evropskou  federaci a zru\u0161en\u00ed n\u00e1rodn\u00edho st\u00e1tu. U Milo\u0161e Zemana je tento aspekt  upozad\u011bn jeho aurou d\u016fchodce z\u00a0Vyso\u010diny,\u201c pokra\u010duje Jedli\u010dka.<\/p>\n<p><strong>Euro jako n\u00e1stroj vzniku eurost\u00e1tu a zisk\u016f bank<\/strong><\/p>\n<p>O co vlastn\u011b v\u00a0krizi eura jde? Podle Jedli\u010dky byl z\u00e1m\u011br s\u00a0eurem  jednoduch\u00fd: Politici a bank\u00e9\u0159i v\u011bd\u011bli, \u017ee federalizace Evropy nen\u00ed mo\u017en\u00e9  ud\u011blat nap\u0159\u00edmo a nebude mo\u017en\u00e9 j\u00ed dos\u00e1hnout bez z\u00e1sadn\u00ed krize v\u00a0r\u00e1mci,  kter\u00e9 bude pot\u00e9 federalizace Evropy nab\u00eddnuta jako jedin\u00e9 mo\u017en\u00e9 \u0159e\u0161en\u00ed.  Zaveden\u00ed eura bylo pro vytvo\u0159en\u00ed tohoto chaosu ide\u00e1ln\u00ed.<\/p>\n<p>\u201eTo byl mezi politiky zn\u00e1m\u00fd fakt, \u017ee tak rozd\u00edln\u00e9 zem\u011b, jako jsou  v\u00a0euroz\u00f3n\u011b, nikdy nemohou m\u00edt spole\u010dnou m\u011bnu bez toho, aby se z\u00a0EU stal  jeden st\u00e1t. Krom\u011b politick\u00e9ho c\u00edle p\u0159in\u00e1\u0161\u00ed krize i prostor pro zisky  t\u011bch, kte\u0159\u00ed ji kontroluj\u00ed. ECB p\u016fj\u010duje obrovsk\u00e9 sumy pen\u011bz bank\u00e1m za  jedno procento a ony p\u016fj\u010duj\u00ed bankrotuj\u00edc\u00edm st\u00e1t\u016fm za vysok\u00e9 \u00faroky.  Vysok\u00e9 \u00faroky znamenaj\u00ed vysok\u00e9 riziko pro banky, ale pokud se za tyto  dluhy ciz\u00edch st\u00e1t\u016f zaru\u010d\u00ed da\u0148ov\u00ed poplatn\u00edci jin\u00fdch zem\u00ed, tak to znamen\u00e1  vysok\u00e9 zisky pro banky bez rizika. Z\u00a0dne\u0161n\u00edch pen\u011bz, kter\u00e9 plynou do  \u0158ecka od da\u0148ov\u00fdch poplatn\u00edk\u016f, v\u00a0euroz\u00f3n\u011b skon\u010d\u00ed v\u00a0\u0158ecku pouh\u00e9 jedno  procento. Zbytek jde na uhrazen\u00ed \u00fav\u011bru, ale p\u0159edev\u0161\u00edm \u00farok\u016f z\u00a0\u00fav\u011bru.  Z\u00a0dr\u017een\u00ed \u0158ecka v\u00a0euroz\u00f3n\u011b se tak pro banky, kter\u00e9 situaci kontroluj\u00ed, a  pro chytr\u00e9 spekulanty st\u00e1v\u00e1 zlat\u00fd d\u016fl,\u201c vysv\u011btluje ekonom Jedli\u010dka.<\/p>\n<p><strong>Trojka<\/strong><\/p>\n<p>Podle Jedli\u010dky se jedna zem\u011b za druhou se d\u00edky sv\u00fdm dluh\u016fm nap\u00e1chan\u00fdch  v\u011bt\u0161inou socialisty dost\u00e1v\u00e1 do podru\u010d\u00ed t\u0159\u00ed instituc\u00ed: Mezin\u00e1rodn\u00edho  m\u011bnov\u00e9ho fondu, Evropsk\u00e9 centr\u00e1ln\u00ed banky a Evropsk\u00e9 komise.<\/p>\n<p>\u201eMezit\u00edm jsou da\u0148ov\u00ed poplatn\u00edci ve zbytku euroz\u00f3ny nuceni platit  horentn\u00ed dluhy a \u00faroky za ob\u010dany krachuj\u00edc\u00edch st\u00e1t\u016f euroz\u00f3ny. Masivn\u011b se  privatizuj\u00ed zisky a socializuj\u00ed ztr\u00e1ty. I \u010cNB na n\u00e1tlaky vl\u00e1dy \u010cR ji\u017e  prost\u0159ednictv\u00edm Mezin\u00e1rodn\u00edho m\u011bnov\u00e9ho fondu poslala na krach euroz\u00f3ny  des\u00edtky miliard korun,\u201c zlob\u00ed se V\u00edt Jedli\u010dka.<\/p>\n<p><strong>ESM a stamiliardy z\u00a0na\u0161ich kapes<\/strong><\/p>\n<p>Ten p\u0159ipom\u00edn\u00e1, \u017ee Sen\u00e1t i Poslaneck\u00e1 sn\u011bmovna ned\u00e1vno schv\u00e1lily  za\u010dlen\u011bn\u00ed ESM do pr\u00e1va EU. \u201eV\u011bt\u0161ina sen\u00e1tor\u016f ani poslanc\u016f ale ani  netu\u0161ila, pro co hlasuj\u00ed. Dnes m\u00e1 V\u00e1clav Klaus tento n\u00e1vrh na stole a  \u010dek\u00e1, jak dopadnou \u00fastavn\u00ed st\u00ed\u017enosti proti ESM v N\u011bmecku. ESM je  posledn\u00ed bruselsk\u00fd vyn\u00e1lez, kter\u00fd by se m\u011bl sp\u00ed\u0161 jmenovat dluhov\u00e1  diktatura EU. V\u00a0praxi zaji\u0161\u0165uje to, \u017ee se zem\u011b euroz\u00f3ny zavazuj\u00ed poslat  libovolnou \u010d\u00e1stku a\u0165 ji\u017e do krachuj\u00edc\u00edch st\u00e1t\u016f a bank nebo na  budovatelsk\u00e9 projekty bruselsk\u00fdch \u00fa\u0159edn\u00edk\u016f,\u201c upozor\u0148uje p\u0159edseda  Reforem.cz.<\/p>\n<p>Podle Jedli\u010dky je osobnost p\u0159\u00ed\u0161t\u00edho prezidenta je kl\u00ed\u010dov\u00e1, proto\u017ee m\u016f\u017ee  blokovat nejen vznik tohoto ESM, ale tak\u00e9 m\u016f\u017ee \u010cR chr\u00e1nit p\u0159ed vstupem  do euroz\u00f3ny a nav\u00edc m\u016f\u017ee do veden\u00ed \u010cesk\u00e9 n\u00e1rodn\u00ed banky navolit takov\u00e9  lidi, kter\u00e9 zabr\u00e1n\u00ed dal\u0161\u00edmu pl\u00fdtv\u00e1n\u00ed \u010desk\u00fdmi devizov\u00fdmi rezervami na  z\u00e1chranu euroz\u00f3ny. \u201eZ\u00a0dosavadn\u00edch zn\u00e1m\u00fdch kandid\u00e1t\u016f na prezidenta  deklarovali, \u017ee tomu cht\u011bj\u00ed zabr\u00e1nit kandid\u00e1t Svobodn\u00fdch Ladislav Jakl a  \u010dern\u00e1 ovce KDU-\u010cSL Ji\u0159\u00ed Karas,\u201c p\u0159ipomn\u011bl Jedli\u010dka.<\/p>\n<p>\u201eJedno je jist\u00e9. Pen\u00edze p\u016fj\u010den\u00e9 krachuj\u00edc\u00edm st\u00e1t\u016fm euroz\u00f3ny se da\u0148ov\u00fdm  poplatn\u00edk\u016fm nikdy nevr\u00e1t\u00ed a to p\u0159edev\u0161\u00edm proto, \u017ee krize v\u00a0euroz\u00f3n\u011b  neust\u00e1le akceleruje. Nav\u00edc se bankovn\u00ed skupiny um\u00ed podstatn\u011b l\u00e9pe  postarat o tom, aby pen\u00edze skon\u010dily u nich na rozd\u00edl od politik\u016f,  jejich\u017e motivace na ochranu pen\u011bz da\u0148ov\u00fdch poplatn\u00edk\u016f je slab\u00e1. Bylo by  tedy z\u00e1hodno, abychom jako \u010ce\u0161i vhodnou volbou prezidenta bank\u00e9\u0159\u016fm tento  hon na na\u0161e pen\u00edze neuleh\u010dili,\u201c vyzval ob\u010dany Jedli\u010dka.<\/p>\n<p><a href=\"http:\/\/www.parlamentnilisty.cz\/zpravy\/Ekonom-Bacha-tihle-kandidati-na-Hrad-vas-chteji-pripravit-o-penize-238599\" target=\"_blank\">Zdroj<\/a><\/p>\n","protected":false},"excerpt":{"rendered":"<p>JIN\u00ddMA O\u010cIMA Podle V\u00edta Jedli\u010dky, kter\u00fd je p\u0159edsedou sdru\u017een\u00ed Reformy.cz a p\u0159edsedou Strany Svobodn\u00fdch ob\u010dan\u016f v Kr\u00e1lov\u00e9hradeck\u00e9m kraji, bank\u00e9\u0159sk\u00e1 lobby nasadila do boje o prezidentsk\u00fd \u00fa\u0159ad siln\u00e9 kandid\u00e1ty. Ka\u017ed\u00fd z kandid\u00e1t\u016f podle n\u011bj reprezentuje silnou skupinu z\u00e1jm\u016f, jejich\u017e spole\u010dn\u00fdm jmenovatelem je podpora bank na \u00fakor da\u0148ov\u00fdch poplatn\u00edk\u016f. Spojuje je tak\u00e9 pr\u00fd nad\u0161en\u00ed pro budov\u00e1n\u00ed evropsk\u00e9 [&hellip;]<\/p>\n","protected":false},"author":1,"featured_media":0,"comment_status":"open","ping_status":"open","sticky":false,"template":"","format":"standard","meta":{"ngg_post_thumbnail":0,"footnotes":""},"categories":[17,11],"tags":[],"class_list":["post-2257","post","type-post","status-publish","format-standard","hentry","category-jakl-president","category-ozvena"],"_links":{"self":[{"href":"https:\/\/www.ladislavjakl.cz\/index.php?rest_route=\/wp\/v2\/posts\/2257","targetHints":{"allow":["GET"]}}],"collection":[{"href":"https:\/\/www.ladislavjakl.cz\/index.php?rest_route=\/wp\/v2\/posts"}],"about":[{"href":"https:\/\/www.ladislavjakl.cz\/index.php?rest_route=\/wp\/v2\/types\/post"}],"author":[{"embeddable":true,"href":"https:\/\/www.ladislavjakl.cz\/index.php?rest_route=\/wp\/v2\/users\/1"}],"replies":[{"embeddable":true,"href":"https:\/\/www.ladislavjakl.cz\/index.php?rest_route=%2Fwp%2Fv2%2Fcomments&post=2257"}],"version-history":[{"count":1,"href":"https:\/\/www.ladislavjakl.cz\/index.php?rest_route=\/wp\/v2\/posts\/2257\/revisions"}],"predecessor-version":[{"id":2258,"href":"https:\/\/www.ladislavjakl.cz\/index.php?rest_route=\/wp\/v2\/posts\/2257\/revisions\/2258"}],"wp:attachment":[{"href":"https:\/\/www.ladislavjakl.cz\/index.php?rest_route=%2Fwp%2Fv2%2Fmedia&parent=2257"}],"wp:term":[{"taxonomy":"category","embeddable":true,"href":"https:\/\/www.ladislavjakl.cz\/index.php?rest_route=%2Fwp%2Fv2%2Fcategories&post=2257"},{"taxonomy":"post_tag","embeddable":true,"href":"https:\/\/www.ladislavjakl.cz\/index.php?rest_route=%2Fwp%2Fv2%2Ftags&post=2257"}],"curies":[{"name":"wp","href":"https:\/\/api.w.org\/{rel}","templated":true}]}}