{"id":2289,"date":"2012-07-18T11:08:54","date_gmt":"2012-07-18T09:08:54","guid":{"rendered":"http:\/\/www.ladislavjakl.cz\/?p=2289"},"modified":"2012-07-18T11:08:54","modified_gmt":"2012-07-18T09:08:54","slug":"ladislav-jakl-hostem-poradu-hovory-o-politice-na-stanici-cro6-na-tema-prezidentske-kandidatury","status":"publish","type":"post","link":"https:\/\/www.ladislavjakl.cz\/?p=2289","title":{"rendered":"Ladislav Jakl hostem po\u0159adu Hovory o politice na stanici \u010cRo6 na t\u00e9ma prezidentsk\u00e9 kandidatury"},"content":{"rendered":"<p>Z\u00e1znam rozhovoru (audio) uvnit\u0159 \u010dl\u00e1nku.<\/p>\n<p><!--more-->Audio naleznete <a href=\"http:\/\/prehravac.rozhlas.cz\/audio\/2678448\" target=\"_blank\">ZDE<\/a><\/p>\n","protected":false},"excerpt":{"rendered":"<p>Z\u00e1znam rozhovoru (audio) uvnit\u0159 \u010dl\u00e1nku.<\/p>\n","protected":false},"author":1,"featured_media":0,"comment_status":"open","ping_status":"open","sticky":false,"template":"","format":"standard","meta":{"ngg_post_thumbnail":0,"footnotes":""},"categories":[13],"tags":[],"class_list":["post-2289","post","type-post","status-publish","format-standard","hentry","category-rozhovory"],"_links":{"self":[{"href":"https:\/\/www.ladislavjakl.cz\/index.php?rest_route=\/wp\/v2\/posts\/2289","targetHints":{"allow":["GET"]}}],"collection":[{"href":"https:\/\/www.ladislavjakl.cz\/index.php?rest_route=\/wp\/v2\/posts"}],"about":[{"href":"https:\/\/www.ladislavjakl.cz\/index.php?rest_route=\/wp\/v2\/types\/post"}],"author":[{"embeddable":true,"href":"https:\/\/www.ladislavjakl.cz\/index.php?rest_route=\/wp\/v2\/users\/1"}],"replies":[{"embeddable":true,"href":"https:\/\/www.ladislavjakl.cz\/index.php?rest_route=%2Fwp%2Fv2%2Fcomments&post=2289"}],"version-history":[{"count":1,"href":"https:\/\/www.ladislavjakl.cz\/index.php?rest_route=\/wp\/v2\/posts\/2289\/revisions"}],"predecessor-version":[{"id":2290,"href":"https:\/\/www.ladislavjakl.cz\/index.php?rest_route=\/wp\/v2\/posts\/2289\/revisions\/2290"}],"wp:attachment":[{"href":"https:\/\/www.ladislavjakl.cz\/index.php?rest_route=%2Fwp%2Fv2%2Fmedia&parent=2289"}],"wp:term":[{"taxonomy":"category","embeddable":true,"href":"https:\/\/www.ladislavjakl.cz\/index.php?rest_route=%2Fwp%2Fv2%2Fcategories&post=2289"},{"taxonomy":"post_tag","embeddable":true,"href":"https:\/\/www.ladislavjakl.cz\/index.php?rest_route=%2Fwp%2Fv2%2Ftags&post=2289"}],"curies":[{"name":"wp","href":"https:\/\/api.w.org\/{rel}","templated":true}]}}