{"id":2295,"date":"2012-07-19T13:29:56","date_gmt":"2012-07-19T11:29:56","guid":{"rendered":"http:\/\/www.ladislavjakl.cz\/?p=2295"},"modified":"2012-07-19T13:49:39","modified_gmt":"2012-07-19T11:49:39","slug":"ladislav-jakl-v-radiozurnalu-o-prijeti-policejniho-prezidenta-u-prezidenta-republiky-18-7-2012-12-10h","status":"publish","type":"post","link":"https:\/\/www.ladislavjakl.cz\/?p=2295","title":{"rendered":"Ladislav Jakl v Radio\u017eurn\u00e1lu o p\u0159ijet\u00ed policejn\u00edho prezidenta u prezidenta republiky  18. 7. 2012, 12:10h"},"content":{"rendered":"<p><strong> V\u00e1clav Klaus podporuje Petra Lessyho ve snaze br\u00e1nit policii p\u0159ed vn\u011bj\u0161\u00edmi vlivy<\/strong><\/p>\n<p>Zdroj:\u00a0Radio\u017eurn\u00e1l Datum:\u00a018.07.2012 Relace:\u00a0Ozv\u011bny dne 12:00 \u010cas vys\u00edl\u00e1n\u00ed:\u00a012:09:25<\/p>\n<p><!--more--><\/p>\n<p><em>(audio na konci \u010dl\u00e1nku)<\/em><\/p>\n<p><strong>Veronika SEDL\u00c1\u010cKOV\u00c1, moder\u00e1torka:<\/strong><\/p>\n<p>V\u00e1clav Klaus podporuje Petra Lessyho ve snaze br\u00e1nit policii p\u0159ed vn\u011bj\u0161\u00edmi vlivy. Po dne\u0161n\u00ed sch\u016fzce na Pra\u017esk\u00e9m hrad\u011b prezident prohl\u00e1sil, \u017ee by m\u011bly ustat p\u0159\u00edm\u00e9 i nep\u0159\u00edm\u00e9 \u00fatoky na ni. Podpora hlavy st\u00e1tu p\u0159ich\u00e1z\u00ed po tom, co v\u010dera premi\u00e9r obvinil policejn\u00edho prezidenta z politick\u00e9ho aktivismu a ministr vnitra prohl\u00e1sil, \u017ee po\u010d\u00edt\u00e1 s jeho odchodem, o n\u011bm\u017e ho Lessy \u00fadajn\u011b s\u00e1m informoval. A ve sn\u011bmovn\u011b dnes hodl\u00e1 Miroslav Kalousek p\u0159edlo\u017eit dokumenty, kter\u00e9 maj\u00ed dok\u00e1zat, \u017ee policejn\u00ed \u0161\u00e9f nemluvil pravdu, kdy\u017e tvrdil, \u017ee mu ministr financ\u00ed volal kv\u016fli kontroverzn\u00edmu n\u00e1kupu arm\u00e1dn\u00edch letoun\u016f CASA. V tuto chv\u00edli jsme m\u011bli b\u00fdt ve spojen\u00ed s tajemn\u00edkem prezidenta republiky Ladislavem Jaklem, zat\u00edm se n\u00e1m spojen\u00ed neda\u0159\u00ed, budeme to zkou\u0161et d\u00e1l. Ale do studia p\u0159i\u0161el koment\u00e1tor Lidov\u00fdch novin Daniel Kaiser, j\u00e1 d\u011bkuji, \u017ee jste p\u0159i\u0161el, dobr\u00fd den.<\/p>\n<p><strong>Daniel KAISER, koment\u00e1tor Lidov\u00fdch novin:<\/strong><\/p>\n<p>Dobr\u00fd den.<\/p>\n<p><strong>Veronika SEDL\u00c1\u010cKOV\u00c1, moder\u00e1torka:<\/strong><\/p>\n<p>Jak si vysv\u011btlujete podporu, kterou V\u00e1clav Klaus vyj\u00e1d\u0159il Petru Lessymu.<\/p>\n<p><strong>Daniel KAISER, koment\u00e1tor Lidov\u00fdch novin:<\/strong><\/p>\n<p>Tak tam je t\u0159eba \u0159\u00edct dv\u011b v\u011bci. Prezident na jednu stranu mus\u00ed m\u00edt z\u00e1jem, aby takhle d\u016fle\u017eit\u00e9 slo\u017eky jak exekutivy a st\u00e1tn\u00ed spr\u00e1vy nebyly ve v\u00e1lce nebo v n\u011bjak\u00e9m otev\u0159en\u00e9m sporu. A v\u00edme i z minulosti, \u017ee podobn\u00e9 spory se sna\u017eil v\u017edycky hasit. Ale pravda je to, co jste \u0159\u00edkala vy nebo jak jste to interpretovali tady v r\u00e1diu, \u017ee se te\u010f evidentn\u011b stav\u00ed na stranu policejn\u00edho prezidenta. J\u00e1 si to vysv\u011btluju tak, \u017ee je to takov\u00e1 klasick\u00e1 pozice V\u00e1clava Klause v\u016f\u010di t\u00e9to vl\u00e1d\u011b, kterou, se kterou je jakoby ideov\u011b sp\u0159\u00edzn\u011bn, ale ob\u010das hraje roli takov\u00e9 jakoby poloopozice v\u016f\u010di t\u00e9 vl\u00e1d\u011b, \u017ee se v n\u00ed v n\u011bkter\u00fdch momentech j\u00ed podpo\u0159\u00ed a n\u011bkdy se v\u016f\u010di n\u00ed vymezuje.<\/p>\n<p><strong>Veronika SEDL\u00c1\u010cKOV\u00c1, moder\u00e1torka:<\/strong><\/p>\n<p>V tuto chv\u00edli se budeme moci zeptat tajemn\u00edka prezidenta republiky Ladislava Jakla, jak jsem slibovala. Spojen\u00ed by m\u011blo b\u00fdt nav\u00e1z\u00e1no, dobr\u00fd den.<\/p>\n<p><strong>Ladislav JAKL, tajemn\u00edk prezidenta republiky:<\/strong><\/p>\n<p>Dobr\u00fd den.<\/p>\n<p><strong>Veronika SEDL\u00c1\u010cKOV\u00c1, moder\u00e1torka:<\/strong><\/p>\n<p>Pane Jakle, m\u016f\u017eete, pros\u00edm, rozv\u00e9st, jak ch\u00e1pat podporu prezidenta V\u00e1clava Klause, kterou dnes vyj\u00e1d\u0159il Petru Lessymu, je to mo\u017en\u00e9?<\/p>\n<p><strong>Ladislav JAKL, tajemn\u00edk prezidenta republiky:<\/strong><\/p>\n<p>Nen\u00ed.<\/p>\n<p><strong>Veronika SEDL\u00c1\u010cKOV\u00c1, moder\u00e1torka:<\/strong><\/p>\n<p>Nen\u00ed.<\/p>\n<p><strong>Ladislav JAKL, tajemn\u00edk prezidenta republiky:<\/strong><\/p>\n<p>Ta sch\u016fzka skon\u010dila p\u0159ed asi dv\u011bma minutami a j\u00e1 jsem s panem prezidentem nemluvil, tak\u017ee je t\u0159eba se pod\u00edvat na ta slova, kter\u00e1 pan prezident \u0159ekl p\u0159ed p\u0159ijet\u00edm pana policejn\u00edho prezidenta a tam je to naps\u00e1no a j\u00e1 nem\u00e1m pot\u0159ebu to n\u011bjak p\u0159ekl\u00e1dat z \u010de\u0161tiny do \u010de\u0161tiny. Ta podpora se t\u00fdk\u00e1 snahy policejn\u00edho prezidenta o stabilizaci policejn\u00edho sboru a o jeho uchr\u00e1n\u011bn\u00ed p\u0159ed vn\u011bj\u0161\u00edmi vlivy. J\u00e1 mysl\u00edm, \u017ee ta slova jsou velmi jasn\u00e1 a nebudu k nim amat\u00e9rsky n\u011bco dod\u00e1vat.<\/p>\n<p><strong>Veronika SEDL\u00c1\u010cKOV\u00c1, moder\u00e1torka:<\/strong><\/p>\n<p>Na jednou stranu jsou jasn\u00e1, na druhou stranu je tam n\u011bkolik otazn\u00edk\u016f, nap\u0159\u00edklad koho pan prezident mysl\u00ed t\u011bmi vn\u011bj\u0161\u00edmi vlivy, jestli je mo\u017en\u00e9 b\u00fdt v tomto konkr\u00e9tn\u011bj\u0161\u00ed, p\u0159ed k\u00fdm se m\u00e1 m\u00edt tedy Petr Lessy na pozoru a chr\u00e1nit nez\u00e1vislost policie.<\/p>\n<p><strong>Ladislav JAKL, tajemn\u00edk prezidenta republiky:<\/strong><\/p>\n<p>J\u00e1 mysl\u00edm, \u017ee to v\u0161ichni na\u0161i poslucha\u010di v\u011bd\u00ed, d\u00edvaj\u00ed se na televizi, poslouchaj\u00ed r\u00e1dio, nejenom to va\u0161e, \u010dtou noviny a v\u0161ichni v\u011bd\u00ed, \u017ee policie byla v t\u011bch posledn\u00edch dnech ter\u010dem ur\u010dit\u00e9ho tlaku, \u00fatoku.<\/p>\n<p><strong>Veronika SEDL\u00c1\u010cKOV\u00c1, moder\u00e1torka:<\/strong><\/p>\n<p>Ze strany ministr\u016f sou\u010dasn\u00e9 vl\u00e1dy mysl\u00edte?<\/p>\n<p><strong>Ladislav JAKL, tajemn\u00edk prezidenta republiky:<\/strong><\/p>\n<p>J\u00e1 nemysl\u00edm nic, j\u00e1 \u0159\u00edk\u00e1m, \u017ee v\u0161ichni poslucha\u010di v\u011bd\u00ed o t\u011bchto tlac\u00edch a byli sv\u011bdky, byli o nich informov\u00e1ni, vy ur\u010dit\u011b tak\u00e9, to se mn\u011b nemus\u00edte pt\u00e1t.<\/p>\n<p><strong>Veronika SEDL\u00c1\u010cKOV\u00c1, moder\u00e1torka:<\/strong><\/p>\n<p>Je\u0161t\u011b jednu v\u011bc, jestli je mo\u017en\u00e9 \u0159\u00edci podrobn\u011bji, jestli tedy v tuto chv\u00edli m\u00e1me podle V\u00e1clava Klause z\u016fstat Petr Lessy ve funkci policejn\u00edho prezidenta, i kdy\u017e s n\u00edm nen\u00ed spokojen\u00fd ani premi\u00e9r, ani ministr vnitra, alespo\u0148 podle toho, jak se vyjad\u0159uj\u00ed.<\/p>\n<p><strong>Ladislav JAKL, tajemn\u00edk prezidenta republiky:<\/strong><\/p>\n<p>To t\u00e9ma, na t\u00e9ma, jestli m\u00e1 nebo nem\u00e1 z\u016fstat ve funkci, znovu \u0159\u00edk\u00e1m, pan prezident te\u010f jde zrovna moment\u00e1ln\u011b kolem mn\u011b, j\u00e1 jsem s n\u00edm je\u0161t\u011b po t\u00e9 sch\u016fzce nemluvil. A m\u016f\u017eu v\u00e1s odk\u00e1zat jenom na ta \u00favodn\u00ed slova. J\u00e1 opravdu nejsem \u010dlov\u011bk, kter\u00fd si r\u00e1d hraje na chytr\u00e9ho a spekuluje a nahlas p\u0159em\u00fd\u0161l\u00ed. Prost\u011b to, co pan prezident uznal za vhodn\u00e9, to \u0159ekl a o pr\u016fb\u011bhu sch\u016fzky j\u00e1 fakt nev\u00edm nic v tuto chv\u00edli.<\/p>\n<p><strong>Veronika SEDL\u00c1\u010cKOV\u00c1, moder\u00e1torka:<\/strong><\/p>\n<p>Uv\u00e1d\u00ed tajemn\u00edk prezidenta republiky Ladislav Jakl, j\u00e1 v\u00e1m d\u011bkuji, na shledanou.<\/p>\n<p><strong>Ladislav JAKL, tajemn\u00edk prezidenta republiky:<\/strong><\/p>\n<p>J\u00e1 v\u00e1m d\u011bkuju tak\u00e9, na shledanou.<\/p>\n<p><strong>Veronika SEDL\u00c1\u010cKOV\u00c1, moder\u00e1torka:<\/strong><\/p>\n<p>Ve studiu z\u016fst\u00e1v\u00e1 koment\u00e1tor Lidov\u00fdch novin Daniel Kaiser. Kdy\u017e se zept\u00e1m na to sam\u00e9, co jsem te\u010f, jakou ot\u00e1zku jsem te\u010f polo\u017eila panu Jaklovi, tedy co se podle v\u00e1s bude d\u00edt d\u00e1l. Petr Lessy by m\u011bl z\u016fstat podle V\u00e1clava Klause v \u010dele policie, i kdy\u017e tedy nem\u00e1 podporu ministra vnitra dlouhodob\u011b, ani premi\u00e9ra.<\/p>\n<p><strong>Daniel KAISER, koment\u00e1tor Lidov\u00fdch novin:<\/strong><\/p>\n<p>No, tak pakli\u017ee m\u016f\u017eeme interpretovat dne\u0161n\u00ed pozici V\u00e1clava Klause, tak policejn\u00edho prezidenta podpo\u0159il. To znamen\u00e1, \u017ee asi by mu nevadilo, kdyby z\u016fstal ve funkci, pokud se pro to policejn\u00ed prezident s\u00e1m rozhodne. Tam je ot\u00e1zka, jak dlouho Petr Lessy v t\u00e9 funkci bude cht\u00edt z\u016fstat, proto\u017ee se o n\u011bm v\u00ed, \u017ee je n\u00e1ladov\u00fd a svoje rozhodnut\u00ed m\u011bn\u00ed docela \u010dasto.<\/p>\n<p><strong>Veronika SEDL\u00c1\u010cKOV\u00c1, moder\u00e1torka:<\/strong><\/p>\n<p>A podle va\u0161eho n\u00e1zoru je to vhodn\u00e9, aby Petr Lessy z\u016fst\u00e1val v \u010dele policie za v\u0161ech t\u011bchto okolnost\u00ed, v\u00edme, \u017ee dnes chce Miroslav Kalousek dolo\u017eit n\u011bjak\u00fdmi dal\u0161\u00edmi dokumenty, \u017ee Petr Lessy lhal, kdy\u017e informoval o telefon\u00e1tech, kter\u00e9 m\u011bl m\u00edt s ministrem financ\u00ed kv\u016fli n\u00e1kupu letoun\u016f CASA a tak d\u00e1l.<\/p>\n<p><strong>Daniel KAISER, koment\u00e1tor Lidov\u00fdch novin:<\/strong><\/p>\n<p>No, u Petra Lessyho, kdy\u017e ho hodnot\u00edme, podle m\u011b to hodnocen\u00ed se mus\u00ed skl\u00e1dat ze dvou dimenz\u00ed. Na jedn\u00e9 stran\u011b v t\u00e9 hodn\u011b d\u016fle\u017eit\u00e9 v\u011bci, o kterou te\u010f jakoby jde, obst\u00e1l, mysl\u00edm, ta v\u011bc, jestli policie m\u016f\u017ee \u0161et\u0159it, nebo jestli se detektivov\u00e9 m\u016f\u017eou c\u00edtit svobodn\u011b v \u0161et\u0159en\u00ed d\u016fle\u017eit\u00fdch p\u0159\u00edpad\u016f, kter\u00e9 zasahuj\u00ed p\u0159\u00edpadn\u011b i do vysoce postaven\u00e9 politiky nebo n\u011bjak\u00e9 s nimi spjat\u00e9 byznysmeny. Tady v tom policejn\u00ed prezident, tady mu zjevn\u011b zat\u00edm nen\u00ed co vytknout a on provedl, mysl\u00edm, \u017ee z po\u010d\u00e1tku leto\u0161n\u00edho roku, jednu docela d\u016fle\u017eitou v\u011bc, \u017ee odvolal p\u016fvodn\u00ed sm\u011brnici, podle kter\u00e9 detektivov\u00e9 museli sv\u00fdm nad\u0159\u00edzen\u00fdm tady ty z\u00e1va\u017en\u00e9 p\u0159\u00edpady hl\u00e1sit a v minulosti se pravd\u011bpodobn\u011b st\u00e1valo, \u017ee pr\u00e1v\u011b d\u00edky tady tomu, t\u00e9 nahla\u0161ovac\u00ed povinnosti se n\u011bkter\u00e9 p\u0159\u00edpady nevy\u0161et\u0159ily. Tak\u017ee tady je ta d\u016fle\u017eit\u00e1 v\u011bc, tam si mysl\u00edm, \u017ee Lessymu nen\u00ed co vyt\u00fdkat a \u017ee dokonce ani ministr Kubice ho tady za to, nebo \u017ee tady v tom ohledu je s n\u00edm spokojen. Druh\u00e1 v\u011bc je, druh\u00e1 v\u011bc, tam jde o p\u0159\u00edzemn\u00ed z\u00e1jmy policie, to si mysl\u00edm, \u017ee v motivaci pana Lessyho hraje minim\u00e1ln\u011b stejn\u011b velkou roli jako to, o \u010dem mluv\u00ed na ve\u0159ejnosti, tedy o tom nemluv\u00ed. Jde o to, \u017ee vl\u00e1da, kter\u00e1 pot\u0159ebuje \u0161et\u0159it, pot\u0159ebuje \u0161et\u0159it i na policii a ministr vnitra pravd\u011bpodobn\u011b po domluv\u011b s premi\u00e9rem si p\u0159edstavuje takovou reformu, \u017ee by se \u0161et\u0159ilo hlavn\u011b v t\u011bch \u00fast\u0159edn\u00edch org\u00e1nech.<\/p>\n<p><strong>Veronika SEDL\u00c1\u010cKOV\u00c1, moder\u00e1torka:<\/strong><\/p>\n<p>Tedy na byrokracii.<\/p>\n<p><strong>Daniel KAISER, koment\u00e1tor Lidov\u00fdch novin:<\/strong><\/p>\n<p>Na byrokracii, mezi lidmi, kte\u0159\u00ed jsou dnes ve slu\u017eebn\u00edm pom\u011bru. To znamen\u00e1, \u017ee budou potom pob\u00edrat v\u00fdsluhu a stoj\u00ed st\u00e1t nemal\u00e9 pen\u00edze a ministr vnitra tvrd\u00ed, mysl\u00edm si, \u017ee to m\u00e1 podlo\u017een\u00e9, \u017ee tady ty lidi m\u016f\u017eou b\u00fdt klidn\u011b civilov\u00e9, kte\u0159\u00ed nebudou zdaleka tak drz\u00ed. A tady tomu se policejn\u00ed prezident u\u017e skoro rok dost tvrdo\u0161\u00edjn\u011b br\u00e1n\u00ed. To si mysl\u00edm, \u017ee je hlavn\u00ed st\u0159et mezi n\u00edm a mezi ministrem vnitra, pota\u017emo celou vl\u00e1dou a to, co dneska, nebo to, co prov\u00e1d\u00ed od minul\u00e9ho t\u00fddne, kdy se tv\u00e1\u0159\u00ed, \u017ee jde o z\u00e1sadn\u00ed st\u0159et, o to, jestli policie bude moct vy\u0161et\u0159ovat nez\u00e1visle na politic\u00edch, to si mysl\u00edm, \u017ee je tro\u0161ku takov\u00e1 kou\u0159ov\u00e1 clona.<\/p>\n<p><strong>Veronika SEDL\u00c1\u010cKOV\u00c1, moder\u00e1torka:<\/strong><\/p>\n<p>Domn\u00edv\u00e1 se koment\u00e1tor Lidov\u00fdch novin Daniel Kaiser. D\u00edky za rozhovor, na shledanou.<\/p>\n<p>Audio z\u00e1znam je <a href=\"http:\/\/prehravac.rozhlas.cz\/audio\/2679836\" target=\"_blank\">ZDE<\/a><\/p>\n","protected":false},"excerpt":{"rendered":"<p>V\u00e1clav Klaus podporuje Petra Lessyho ve snaze br\u00e1nit policii p\u0159ed vn\u011bj\u0161\u00edmi vlivy Zdroj:\u00a0Radio\u017eurn\u00e1l Datum:\u00a018.07.2012 Relace:\u00a0Ozv\u011bny dne 12:00 \u010cas vys\u00edl\u00e1n\u00ed:\u00a012:09:25<\/p>\n","protected":false},"author":1,"featured_media":0,"comment_status":"open","ping_status":"open","sticky":false,"template":"","format":"standard","meta":{"ngg_post_thumbnail":0,"footnotes":""},"categories":[13],"tags":[],"class_list":["post-2295","post","type-post","status-publish","format-standard","hentry","category-rozhovory"],"_links":{"self":[{"href":"https:\/\/www.ladislavjakl.cz\/index.php?rest_route=\/wp\/v2\/posts\/2295","targetHints":{"allow":["GET"]}}],"collection":[{"href":"https:\/\/www.ladislavjakl.cz\/index.php?rest_route=\/wp\/v2\/posts"}],"about":[{"href":"https:\/\/www.ladislavjakl.cz\/index.php?rest_route=\/wp\/v2\/types\/post"}],"author":[{"embeddable":true,"href":"https:\/\/www.ladislavjakl.cz\/index.php?rest_route=\/wp\/v2\/users\/1"}],"replies":[{"embeddable":true,"href":"https:\/\/www.ladislavjakl.cz\/index.php?rest_route=%2Fwp%2Fv2%2Fcomments&post=2295"}],"version-history":[{"count":3,"href":"https:\/\/www.ladislavjakl.cz\/index.php?rest_route=\/wp\/v2\/posts\/2295\/revisions"}],"predecessor-version":[{"id":2297,"href":"https:\/\/www.ladislavjakl.cz\/index.php?rest_route=\/wp\/v2\/posts\/2295\/revisions\/2297"}],"wp:attachment":[{"href":"https:\/\/www.ladislavjakl.cz\/index.php?rest_route=%2Fwp%2Fv2%2Fmedia&parent=2295"}],"wp:term":[{"taxonomy":"category","embeddable":true,"href":"https:\/\/www.ladislavjakl.cz\/index.php?rest_route=%2Fwp%2Fv2%2Fcategories&post=2295"},{"taxonomy":"post_tag","embeddable":true,"href":"https:\/\/www.ladislavjakl.cz\/index.php?rest_route=%2Fwp%2Fv2%2Ftags&post=2295"}],"curies":[{"name":"wp","href":"https:\/\/api.w.org\/{rel}","templated":true}]}}