{"id":2301,"date":"2012-07-19T13:38:55","date_gmt":"2012-07-19T11:38:55","guid":{"rendered":"http:\/\/www.ladislavjakl.cz\/?p=2301"},"modified":"2012-07-19T13:38:55","modified_gmt":"2012-07-19T11:38:55","slug":"kvalifikace-na-prezidenta-zena-bezec-chalupar","status":"publish","type":"post","link":"https:\/\/www.ladislavjakl.cz\/?p=2301","title":{"rendered":"Kvalifikace na prezidenta? \u017dena, b\u011b\u017eec, chalup\u00e1\u0159"},"content":{"rendered":"<p>Lid a novin\u00e1\u0159i dos\u00e1hli sv\u00e9ho. Prezident bude volen  p\u0159\u00edmo. A d\u00edky tomu jsme ji\u017e n\u011bkolik dn\u016f sv\u011bdky neb\u00fdval\u00e9ho divadla, jeho\u017e  vrchol bude teprve n\u00e1sledovat. P\u0159edvolebn\u00ed kampa\u0148 u\u017e za\u010dala a je  jedine\u010dn\u00fdm d\u016fkazem toho, jak se politika postupem \u010dasu ideov\u011b naprosto  vypr\u00e1zdnila.<\/p>\n<p><!--more-->Zd\u00e1  se, \u017ee prvn\u00ed nezbytnou kvalifikac\u00ed k tomu, aby se n\u011bkdo mohl st\u00e1t  prezidentem, je vymezit se v\u016f\u010di sou\u010dasn\u00e9 hlav\u011b st\u00e1tu. Z\u00e1kladn\u00edm  pravidlem arbitr\u016f hry zvan\u00e9 prezidentsk\u00e1 volba, tedy novin\u00e1\u0159\u016f, je  odpov\u011bzte n\u00e1m na ot\u00e1zku,<span> <\/span><a href=\"http:\/\/zpravy.ihned.cz\/c1-55834350-schwarzenberg-jako-prezident-bych-asi-neudelal-nic-jako-vaclav-klaus\" target=\"_blank\">co byste ud\u011blal jinak ne\u017e V\u00e1clav Klaus<\/a>.  V tomto oboru exceluj\u00ed hlavn\u011b Jan \u0160vejnar a Karel Schwarzenberg. Jejich  polemika s Klausem se samoz\u0159ejm\u011b net\u00fdk\u00e1 idej\u00ed, ale bulv\u00e1rn\u011b vd\u011b\u010dn\u00fdch  t\u00e9mat jako je zpackan\u00e1 privatizace <span style=\"color: #111111; font-family: verdana,'Lucida Grande',arial,sans-serif; font-size: 13px; font-style: normal; font-variant: normal; font-weight: normal; letter-spacing: normal; line-height: 20px; orphans: 2; text-align: left; text-indent: 0px; text-transform: none; white-space: normal; widows: 2; word-spacing: 0px; background-color: #ffffff; display: inline ! important; float: none;\"><span> <\/span>(co na tom, \u017ee <\/span><a href=\"http:\/\/cepin.cz\/docs\/dokumenty\/sbor13.pdf\">v\u00fdznamn\u011b p\u0159isp\u011bla k rozvoji tr\u017en\u00edho prost\u0159ed\u00ed v na\u0161\u00ed zemi<\/a><span style=\"color: #111111; font-family: verdana,'Lucida Grande',arial,sans-serif; font-size: 13px; font-style: normal; font-variant: normal; font-weight: normal; letter-spacing: normal; line-height: 20px; orphans: 2; text-align: left; text-indent: 0px; text-transform: none; white-space: normal; widows: 2; word-spacing: 0px; background-color: #ffffff; display: inline ! important; float: none;\">)<\/span>, ukraden\u00e9ho pera (co na tom, \u017ee pan<span> <\/span><a href=\"http:\/\/www.ladislavspacek.cz\/blog\/clanek:klaus-krade-pero\" target=\"_blank\">prezident \u017e\u00e1dn\u00e9 pero neukradl<\/a>?) nebo argumenty nabit\u00e9ho hesla \u201cza v\u0161echno m\u016f\u017ee Klaus\u201d.<\/p>\n<p>Pravidlo  \u010d\u00edslo dva. Chcete-li se st\u00e1t prezidentem, uka\u017ete svou lidovou tv\u00e1\u0159. Lid  by r\u00e1d vid\u011bl na Hrad\u011b \u017eenu, hl\u00e1saj\u00ed novin\u00e1\u0159i. \u00d3 jak\u00e9 \u0161t\u011bst\u00ed pro Zuzanu  Roithovou \u010di Janu Bobo\u0161\u00edkovou. V zemi, kde polovina obyvatel tr\u00e1v\u00ed voln\u00e9  dny na chat\u00e1ch a chalup\u00e1ch, je dal\u0161\u00edm cenn\u00fdm trumfem sezn\u00e1mit voli\u010de s<span> <\/span><a href=\"http:\/\/www.lidovky.cz\/fischer-zahajil-prezidentskou-kampan-z-okna-chalupy-f93-\/ln-video.asp?c=A120402_204541_ln-video_mpr\" target=\"_blank\">chalup\u00e1\u0159skou \u010d\u00e1st\u00ed sv\u00e9ho j\u00e1<\/a>.  Toho si je dob\u0159e v\u011bdom Jan Fischer. Uk\u00e1zat se jako sportovec, zab\u00edr\u00e1 ve  spole\u010dnosti, kter\u00e1 je posedl\u00e1 kultem t\u011bla, v\u017edycky. Cyklista Edvard  Ko\u017eu\u0161n\u00edk to na kole dot\u00e1hl do eurosocialistick\u00e9ho r\u00e1je ve \u0160trasburku.  Excval\u00edk (a exkomunista) Vladim\u00edr Dlouh\u00fd vs\u00e1z\u00ed v cest\u011b na Hrad na<span> <\/span><a href=\"http:\/\/bezvabeh.cz\/clanek\/910-bude-prezidentem-bezec-kampan-zacne-zitra\" target=\"_blank\">image b\u011b\u017ece<\/a>.  A co politick\u00e9 n\u00e1zory, hodnoty a ideje na\u0161ich kandid\u00e1t\u016f, pt\u00e1te se mo\u017en\u00e1  se mnou. Ty se do z\u00e1b\u011bru televizn\u00ed kamery nevejdou a pro \u0159adu novin\u00e1\u0159\u016f  jsou nejsp\u00ed\u0161 natolik slo\u017eit\u00fdm t\u00e9matem, \u017ee by o n\u011bm nezvl\u00e1dli ps\u00e1t. A tak  jednotliv\u00ed kandid\u00e1ti n\u00e1zory zahodili a vym\u011bnili je za \u00fasm\u011bvy, pr\u00e1zdn\u00e1  hesla o slu\u0161nosti nebo stesky nad t\u00edm, jak n\u00e1s tr\u00e1p\u00ed korupce.<\/p>\n<p>Nev\u00edm,  jak vy, ale j\u00e1 na tuto hru p\u0159istupovat nehodl\u00e1m. P\u0159esto\u017ee chov\u00e1m k  \u017een\u00e1m sympatie, b\u011bh je m\u00fdm nejobl\u00edben\u011bj\u0161\u00edm kon\u00ed\u010dkem a se sousedem  chalup\u00e1\u0159em Fischerem bych nem\u011bl probl\u00e9m, od prezidenta \u010dek\u00e1m mnohem v\u00edc.  Nem\u00e1m z\u00e1jem vyb\u00edrat si podle toho, kdo se nejl\u00e9pe usm\u011bje do kamery,  koho korpor\u00e1tn\u00ed marketingov\u00e1 agentura obl\u00e9kne do nejl\u00e9pe padnouc\u00edho  obleku \u010di volno\u010dasov\u00e9ho outfitu. Nezaj\u00edm\u00e1 m\u011b, kdo vyhraje sout\u011b\u017e v  lezen\u00ed do zadku oby\u010dejn\u00fdm lidem na p\u0159edvolebn\u00edch setk\u00e1n\u00edch. Nechci  dopadnout jako Ameri\u010dan, kter\u00fd si vybral prezidenta podle vzhledu a  pr\u00e1zdn\u00e9ho hesla \u201czm\u011bna\u201d a kter\u00e9mu dnes hlava st\u00e1tu bez ostychu vp\u00e1l\u00ed do  o\u010d\u00ed, \u017ee<span> <\/span><a href=\"http:\/\/www.washingtontimes.com\/blog\/watercooler\/2012\/jul\/15\/picketvideo-obama-if-youve-got-business-you-didnt-\/\" target=\"_blank\">podnikatelsk\u00fd \u00fasp\u011bch nen\u00ed d\u00edlem vynal\u00e9zavosti a pracovitosti jednotlivce \u010di firemn\u00edho t\u00fdmu, ale d\u00edlem vl\u00e1dy<\/a>.  Chci si vyb\u00edrat podle hodnot a idej\u00ed, kter\u00e9 prezidentsk\u00fd kandid\u00e1t  zast\u00e1v\u00e1 pokud mo\u017eno ji\u017e n\u011bjak\u00fd ten p\u00e1tek. Moji podporu m\u016f\u017ee z\u00edskat  jedin\u011b ten kandid\u00e1t, jeho\u017e hodnoty a n\u00e1zory se do zna\u010dn\u00e9 m\u00edry p\u0159ekr\u00fdvaj\u00ed  s t\u011bmi m\u00fdmi. Kandid\u00e1t, u kter\u00e9ho stoj\u00ed jednotlivec, svoboda a voln\u00fd trh  na p\u0159edn\u00edch m\u00edstech hodnotov\u00e9ho \u017eeb\u0159\u00ed\u010dku.<\/p>\n<p>Tuto podm\u00ednku u mne spl\u0148uje kandid\u00e1t <a href=\"http:\/\/www.youtube.com\/watch?v=CnT_wt8Tt_g\" target=\"_blank\">Ladislav Jakl<\/a>. V p\u0159\u00edpad\u011b va\u0161eho z\u00e1jmu m\u016f\u017eete jeho kandidaturu podpo\u0159it<span> <\/span><a href=\"http:\/\/www.svobodni.cz\/3-kdo-jsme\/134-ladislav-jakl-2013\/\" target=\"_blank\">podpisem petice<\/a>.<\/p>\n<p><a href=\"http:\/\/numerato.blog.idnes.cz\/c\/280132\/Kvalifikace-na-prezidenta-Zena-bezec-chalupar.html\" target=\"_blank\">Zdroj<\/a><\/p>\n","protected":false},"excerpt":{"rendered":"<p>Lid a novin\u00e1\u0159i dos\u00e1hli sv\u00e9ho. Prezident bude volen p\u0159\u00edmo. A d\u00edky tomu jsme ji\u017e n\u011bkolik dn\u016f sv\u011bdky neb\u00fdval\u00e9ho divadla, jeho\u017e vrchol bude teprve n\u00e1sledovat. P\u0159edvolebn\u00ed kampa\u0148 u\u017e za\u010dala a je jedine\u010dn\u00fdm d\u016fkazem toho, jak se politika postupem \u010dasu ideov\u011b naprosto vypr\u00e1zdnila.<\/p>\n","protected":false},"author":1,"featured_media":0,"comment_status":"open","ping_status":"open","sticky":false,"template":"","format":"standard","meta":{"ngg_post_thumbnail":0,"footnotes":""},"categories":[17,11],"tags":[],"class_list":["post-2301","post","type-post","status-publish","format-standard","hentry","category-jakl-president","category-ozvena"],"_links":{"self":[{"href":"https:\/\/www.ladislavjakl.cz\/index.php?rest_route=\/wp\/v2\/posts\/2301","targetHints":{"allow":["GET"]}}],"collection":[{"href":"https:\/\/www.ladislavjakl.cz\/index.php?rest_route=\/wp\/v2\/posts"}],"about":[{"href":"https:\/\/www.ladislavjakl.cz\/index.php?rest_route=\/wp\/v2\/types\/post"}],"author":[{"embeddable":true,"href":"https:\/\/www.ladislavjakl.cz\/index.php?rest_route=\/wp\/v2\/users\/1"}],"replies":[{"embeddable":true,"href":"https:\/\/www.ladislavjakl.cz\/index.php?rest_route=%2Fwp%2Fv2%2Fcomments&post=2301"}],"version-history":[{"count":2,"href":"https:\/\/www.ladislavjakl.cz\/index.php?rest_route=\/wp\/v2\/posts\/2301\/revisions"}],"predecessor-version":[{"id":2303,"href":"https:\/\/www.ladislavjakl.cz\/index.php?rest_route=\/wp\/v2\/posts\/2301\/revisions\/2303"}],"wp:attachment":[{"href":"https:\/\/www.ladislavjakl.cz\/index.php?rest_route=%2Fwp%2Fv2%2Fmedia&parent=2301"}],"wp:term":[{"taxonomy":"category","embeddable":true,"href":"https:\/\/www.ladislavjakl.cz\/index.php?rest_route=%2Fwp%2Fv2%2Fcategories&post=2301"},{"taxonomy":"post_tag","embeddable":true,"href":"https:\/\/www.ladislavjakl.cz\/index.php?rest_route=%2Fwp%2Fv2%2Ftags&post=2301"}],"curies":[{"name":"wp","href":"https:\/\/api.w.org\/{rel}","templated":true}]}}