{"id":2319,"date":"2012-07-24T16:28:45","date_gmt":"2012-07-24T14:28:45","guid":{"rendered":"http:\/\/www.ladislavjakl.cz\/?p=2319"},"modified":"2012-07-24T16:28:45","modified_gmt":"2012-07-24T14:28:45","slug":"ladislav-jakl-pred-dlouhym-bobosikovou-sobotkou-i-schwarzenbergem","status":"publish","type":"post","link":"https:\/\/www.ladislavjakl.cz\/?p=2319","title":{"rendered":"Ladislav Jakl p\u0159ed Dlouh\u00fdm, Bobo\u0161\u00edkovou, Sobotkou i Schwarzenbergem"},"content":{"rendered":"<p>Podle prvn\u00edho pr\u016fzkumu, kam byl teprve nyn\u00ed za\u0159azen, je Ladislav Jakl mezi kandid\u00e1ty na prezidenta republiky na sedm\u00e9m m\u00edst\u011b s 4.8 procenty. Medi\u00e1ln\u011b prote\u017eovan\u00ed \u00fadajn\u00ed favorit\u00e9 voleb p\u0159es miliony investovan\u00fdch korun, p\u0159es pr\u00e1ci sv\u00fdch placen\u00fdch \u0161t\u00e1b\u016f, p\u0159\u00edze\u0148 novin\u00e1\u0159\u016f a stovky billboard\u016f z\u00edskali jen asi 4kr\u00e1t v\u00edce ne\u017e Ladislav Jakl, kter\u00fd svou kamap\u0148 ani neza\u010dal.<br \/>\n<!--more--><br \/>\nNejv\u011bt\u0161\u00edmi favority nadch\u00e1zej\u00edc\u00edch prezidentsk\u00fdch voleb, kter\u00e9 se budou konat po\u010d\u00e1tkem roku 2013, jsou podle aktu\u00e1ln\u00edho pr\u016fzkumu spole\u010dnosti SANEP op\u011btovn\u011b Ji\u0159\u00ed Fischer (19,7%), na n\u011bho\u017e se dotahuje se ztr\u00e1tou pouh\u00fdch 2,9 procentn\u00edch bod\u016f expremi\u00e9r Milo\u0161 Zeman (16,8%). \u010cervencov\u00e9 \u0161et\u0159en\u00ed spole\u010dnosti SANEP prezentuje n\u00e1zory 63,9 procent rozhodnut\u00fdch voli\u010d\u016f, kte\u0159\u00ed by se prezidentsk\u00fdch voleb aktu\u00e1ln\u011b z\u00fa\u010dastnili. Do v\u00fdb\u011bru pak byly za\u0159azeny ty osobnosti dom\u00e1c\u00ed politick\u00e9 sc\u00e9ny, kter\u00e9 svou prezidentskou kandidaturu ji\u017e ve\u0159ejn\u011b ohl\u00e1sily, pop\u0159\u00edpad\u011b ty, jejich\u017e jm\u00e9na byla v souvislosti s p\u0159\u00edmou volbou hlavy st\u00e1tu rovn\u011b\u017e zm\u00edn\u011bna.<\/p>\n<p>S relativn\u011b zna\u010dn\u00fdm odstupem 5,3 procentn\u00edho bodu se za Milo\u0161em Zemanem um\u00edstil Jan \u0160vejnar (11,5%), kter\u00fd je tak\u00e9 \u0159azen do u\u017e\u0161\u00ed skupiny favorit\u016f historicky prvn\u00edch prezidentsk\u00fdch voleb. Jan \u0160vejnar, kter\u00fd si oproti posledn\u00edmu \u0161et\u0159en\u00ed spole\u010dnosti SANEP pohor\u0161il o 3,7 procentn\u00edho bodu, patrn\u011b dopl\u00e1c\u00ed na odkl\u00e1d\u00e1n\u00ed sv\u00e9ho definitivn\u00edho rozhodnut\u00ed kandidovat v nadch\u00e1zej\u00edc\u00edch prezidentsk\u00fdch volb\u00e1ch. To pl\u00e1nuje u\u010dinit a\u017e v pr\u016fb\u011bhu tohoto l\u00e9ta.<\/p>\n<p>\u010ctvrt\u00fd nejv\u011bt\u0161\u00ed po\u010det hlas\u016f by v \u010dervenci tohoto roku z\u00edskal sen\u00e1tor a ofici\u00e1ln\u00ed prezidentsk\u00fd kandid\u00e1t \u010cSSD Ji\u0159\u00ed Dienstbier, kter\u00e9ho by v \u010dervenci volilo 7,3% voli\u010d\u016f. Se ziskem 5,6% hlas\u016f n\u00e1sleduje medi\u00e1ln\u011b zn\u00e1m\u00fd podnikatel Tomio Okamura. Ten v\u0161ak prozat\u00edm nen\u00ed rozhodnut, zda bude usilovat o prezidentsk\u00fd post. Definitivn\u00ed rozhodnut\u00ed Tomia Okamury bude z\u00e1viset na v\u00fdsledc\u00edch podzimn\u00edch sen\u00e1tn\u00edch voleb na Zl\u00ednsku, kde kandiduje.<\/p>\n<p>Exkluzivn\u00ed internetov\u00fd on\/off-line pr\u016fzkum byl proveden ve dnech 1. \u2013 20. \u010dervence 2012 na vybran\u00e9 skupin\u011b 21.324 dot\u00e1zan\u00fdch, kte\u0159\u00ed p\u0159edstavuj\u00ed reprezentativn\u00ed vzorek obyvatel \u010cR ve v\u011bku 18-69 let. Celkov\u011b se pr\u016fzkumu spole\u010dnosti SANEP z\u00fa\u010dastnilo v r\u00e1mci respondentn\u00edho panelu v\u00edce jak 200 tis\u00edc registrovan\u00fdch u\u017eivatel\u016f 47.918 dot\u00e1zan\u00fdch. Reprezentativn\u00ed vzorek byl vybr\u00e1n metodou kv\u00f3tn\u00edho v\u00fdb\u011bru a odpov\u00edd\u00e1 sociodemografick\u00e9mu rozlo\u017een\u00ed obyvatel \u010cR dle \u00fadaj\u016f \u010cesk\u00e9ho statistick\u00e9ho \u00fa\u0159adu. Statistick\u00e1 chyba u uveden\u00e9 skupiny obyvatel se pohybuje v rozmez\u00ed +-1,5%. Kontrola dan\u00e9ho vzorku byla provedena triangula\u010dn\u00ed datovou metodou.<\/p>\n<p>Na \u0161est\u00e9 p\u0159\u00ed\u010dce by se aktu\u00e1ln\u011b um\u00edstila europoslankyn\u011b a ofici\u00e1ln\u00ed prezidentsk\u00e1 kandid\u00e1tka za KDU-\u010cSL Zuzana Roithov\u00e1, kter\u00e1 by aktu\u00e1ln\u011b dostala hlas 5,4% dot\u00e1zan\u00fdch. Sedm\u00e1 p\u0159\u00ed\u010dka n\u00e1le\u017e\u00ed po zisku 4,8% kandid\u00e1tu za stranu Svobodn\u00fdch ob\u010dan\u016f, st\u00e1vaj\u00edc\u00edmu \u0159editeli politick\u00e9ho odboru Kancel\u00e1\u0159e prezidenta republiky Ladislavu Jaklovi.<\/p>\n<p>A\u017e osm\u00fd nejv\u011bt\u0161\u00ed po\u010det hlas\u016f (4,3%) z\u00edskal nyn\u011bj\u0161\u00ed ministr zahrani\u010d\u00ed a p\u0159edseda TOP 09 Karel Schwarzenberg. N\u00edzk\u00e9 hodnocen\u00ed Karla Schwarzenberga, kter\u00fd se t\u011b\u0161\u00ed pov\u011bsti respektovan\u00e9 politick\u00e9 osobnosti, je patrn\u011b d\u016fsledkem af\u00e9ry CASA, v n\u00ed\u017e figuruje jm\u00e9no poslankyn\u011b TOP 09 Vlasty Parkanov\u00e9 a do n\u00ed\u017e nestandartn\u00edm zp\u016fsobem zasahoval ministr financ\u00ed Miroslav Kalousek. P\u0159edseda TOP 09 si pak ve srovn\u00e1n\u00ed s posledn\u00edm \u0161et\u0159en\u00edm pohor\u0161il o 3,3 procentn\u00edho bodu.<\/p>\n<p>Dev\u00e1tou p\u0159\u00ed\u010dku zaujal b\u00fdval\u00fd guvern\u00e9r \u010cNB Zden\u011bk T\u016fma (3,9%), kter\u00fd se tak um\u00edstil p\u0159ed des\u00e1t\u00fdm P\u0159emyslem Sobotkou. P\u0159emysl Sobotka, kter\u00fd se po v\u00edt\u011bzstv\u00ed ve vnitrostranick\u00fdch prim\u00e1rk\u00e1ch ob\u010dansk\u00fdch demokrat\u016f stal ofici\u00e1ln\u00edm kandid\u00e1tem t\u00e9to strany, aktu\u00e1ln\u011b obdr\u017eel 3,8% hlas\u016f. Dal\u0161\u00ed z prezidentsk\u00fdch kandid\u00e1t\u016f p\u0159edsedkyn\u011b politick\u00e9 strany SUVERENITA \u2013 Blok Jany Bobo\u0161\u00edkov\u00e9, kter\u00e1 ne\u00fasp\u011b\u0161n\u011b kandidovala za KS\u010cM na prezidentsk\u00fd post ji\u017e v roce 2008, by v \u010dervenci tohoto roku z\u00edskala hlasy 3,5% voli\u010d\u016f. Nejm\u00e9n\u011b hlas\u016f pak v aktu\u00e1ln\u00edm \u0161et\u0159en\u00ed spole\u010dnosti SANEP obdr\u017eel b\u00fdval\u00fd ministr pr\u016fmyslu a obchodu a nez\u00e1visl\u00fd kandid\u00e1t Vladim\u00edr Dlouh\u00fd (1,7%).<br \/>\nJin\u00e9ho kandid\u00e1ta by aktu\u00e1ln\u011b volilo 4,6% dot\u00e1zan\u00fdch.<\/p>\n<p><a href=\"http:\/\/www.sanep.cz\/sid=ivjluj1tp4888o4fq0viuld912\/pruzkumy\/prima-volba-prezidenta-publikovano-24-7-2012\/\" target=\"_blank\">Zdroj<\/a><\/p>\n","protected":false},"excerpt":{"rendered":"<p>Podle prvn\u00edho pr\u016fzkumu, kam byl teprve nyn\u00ed za\u0159azen, je Ladislav Jakl mezi kandid\u00e1ty na prezidenta republiky na sedm\u00e9m m\u00edst\u011b s 4.8 procenty. Medi\u00e1ln\u011b prote\u017eovan\u00ed \u00fadajn\u00ed favorit\u00e9 voleb p\u0159es miliony investovan\u00fdch korun, p\u0159es pr\u00e1ci sv\u00fdch placen\u00fdch \u0161t\u00e1b\u016f, p\u0159\u00edze\u0148 novin\u00e1\u0159\u016f a stovky billboard\u016f z\u00edskali jen asi 4kr\u00e1t v\u00edce ne\u017e Ladislav Jakl, kter\u00fd svou kamap\u0148 ani neza\u010dal.<\/p>\n","protected":false},"author":1,"featured_media":0,"comment_status":"open","ping_status":"open","sticky":false,"template":"","format":"standard","meta":{"ngg_post_thumbnail":0,"footnotes":""},"categories":[17,2],"tags":[],"class_list":["post-2319","post","type-post","status-publish","format-standard","hentry","category-jakl-president","category-odkazy"],"_links":{"self":[{"href":"https:\/\/www.ladislavjakl.cz\/index.php?rest_route=\/wp\/v2\/posts\/2319","targetHints":{"allow":["GET"]}}],"collection":[{"href":"https:\/\/www.ladislavjakl.cz\/index.php?rest_route=\/wp\/v2\/posts"}],"about":[{"href":"https:\/\/www.ladislavjakl.cz\/index.php?rest_route=\/wp\/v2\/types\/post"}],"author":[{"embeddable":true,"href":"https:\/\/www.ladislavjakl.cz\/index.php?rest_route=\/wp\/v2\/users\/1"}],"replies":[{"embeddable":true,"href":"https:\/\/www.ladislavjakl.cz\/index.php?rest_route=%2Fwp%2Fv2%2Fcomments&post=2319"}],"version-history":[{"count":1,"href":"https:\/\/www.ladislavjakl.cz\/index.php?rest_route=\/wp\/v2\/posts\/2319\/revisions"}],"predecessor-version":[{"id":2320,"href":"https:\/\/www.ladislavjakl.cz\/index.php?rest_route=\/wp\/v2\/posts\/2319\/revisions\/2320"}],"wp:attachment":[{"href":"https:\/\/www.ladislavjakl.cz\/index.php?rest_route=%2Fwp%2Fv2%2Fmedia&parent=2319"}],"wp:term":[{"taxonomy":"category","embeddable":true,"href":"https:\/\/www.ladislavjakl.cz\/index.php?rest_route=%2Fwp%2Fv2%2Fcategories&post=2319"},{"taxonomy":"post_tag","embeddable":true,"href":"https:\/\/www.ladislavjakl.cz\/index.php?rest_route=%2Fwp%2Fv2%2Ftags&post=2319"}],"curies":[{"name":"wp","href":"https:\/\/api.w.org\/{rel}","templated":true}]}}