{"id":2321,"date":"2012-07-25T10:15:08","date_gmt":"2012-07-25T08:15:08","guid":{"rendered":"http:\/\/www.ladislavjakl.cz\/?p=2321"},"modified":"2012-07-25T10:15:08","modified_gmt":"2012-07-25T08:15:08","slug":"otraveny-pramen-vltavy","status":"publish","type":"post","link":"https:\/\/www.ladislavjakl.cz\/?p=2321","title":{"rendered":"Otr\u00e1ven\u00fd pramen Vltavy"},"content":{"rendered":"<p>Vltava je nejslavn\u011bj\u0161\u00ed \u010deskou \u0159ekou. Omylem na\u0161ich  p\u0159edk\u016f se vl\u00e9v\u00e1 do Labe a ne obr\u00e1cen\u011b a i tak je na\u0161\u00ed nejdel\u0161\u00ed.  Odvod\u0148uje v\u011bt\u0161inu \u010cech, je jejich osou i symbolem. Je d\u00e1rcem \u017eivota,  hospod\u00e1\u0159sk\u00fdm zdrojem a ob\u010das i zdrojem ne\u0161t\u011bst\u00ed. Je ozdobou i m\u00edstem  z\u00e1bavy a pot\u011b\u0161en\u00ed.<\/p>\n<p><!--more--><\/p>\n<p>Pramen\u00ed na \u0160umav\u011b. Takov\u00e9  m\u00edsto by pro ka\u017ed\u00fd n\u00e1rod bylo skoro posv\u00e1tn\u00fdm. V\u00a0ka\u017ed\u00e9m p\u0159\u00edpad\u011b je to  velk\u00e1 turistick\u00e1 zaj\u00edmavost. V\u0161ak se tam tak\u00e9 turist\u00e9 sch\u00e1zej\u00ed. Jsou  v\u0161ak klam\u00e1ni. Co se jim p\u0159edv\u00e1d\u00ed jako pramen Vltavy, je ve skute\u010dnosti  koncem trubky, kter\u00e1 sem p\u0159iv\u00e1d\u00ed vodu ze skute\u010dn\u00e9ho m\u00edsta zrodu \u0159eky.<\/p>\n<p>To skute\u010dn\u00e9 m\u00edsto le\u017e\u00ed asi 200 metr\u016f stranou a o n\u011bco v\u00fd\u0161. P\u0159ed \u010dasem  bylo vy\u010di\u0161t\u011bno, upraveno a kolem rostouc\u00ed d\u0159eviny dostaly i jmenovky. A  hlavn\u011b byla vybudov\u00e1na od hlavn\u00ed cesty nahoru kr\u00e1sn\u00e1 d\u0159ev\u011bn\u00e1 l\u00e1vka se  v\u0161\u00edm zaj\u00edmav\u00fdm pov\u00edd\u00e1n\u00edm. Ale na tu l\u00e1vku se nesm\u00ed. A to \u010dlov\u011bku hlava  nebere.<\/p>\n<p>U\u017e v\u00a0dob\u011b budov\u00e1n\u00ed l\u00e1vky se dalo p\u0159edpokl\u00e1dat, \u017ee k\u016frovcov\u00e1 pohroma  doraz\u00ed i sem. M\u00edsto se ur\u010dit\u011b m\u011blo preventivn\u011b vyk\u00e1cet, jen\u017ee to si Park  z\u00a0obav ze zelen\u00fdch terorist\u016f nedovolil. A tak se stalo, co se st\u00e1t  muselo. K\u016frovec bleskov\u011b p\u0159i\u0161el a zni\u010dil v\u0161echny stromy v\u00a0okol\u00ed. Byl  jsem tam v\u00a0sobotu po p\u011bti letech a nemohl jsem ta m\u00edsta ani poznat.<\/p>\n<p>Jeden z\u00a0uschl\u00fdch strom\u016f naproti p\u0159es cestu ned\u00e1vno padl rovnou na  l\u00e1vku. Padnout m\u016f\u017ee jak\u00fdkoli dal\u0161\u00ed a kamkoli. Nicm\u00e9n\u011b cesta z\u016fstala  otev\u0159ena, l\u00e1vka v\u0161ak nikoli. A neodklizen\u00fd strom na n\u00ed st\u00e1le le\u017e\u00ed, aby  ka\u017ed\u00fd pochopil, \u017ee d\u016fvodem zav\u0159en\u00ed l\u00e1vky je starost o bezpe\u010d\u00ed turist\u016f  (na kter\u00e9 ale m\u016f\u017ee padnout strom kdekoli na cest\u011b).<\/p>\n<p align=\"center\"><img loading=\"lazy\" decoding=\"async\" title=\"text.jpg\" src=\"http:\/\/blog.idnes.cz\/blog\/1491\/280767\/text.jpg\" border=\"0\" alt=\"text.jpg\" width=\"313\" height=\"313\" \/><\/p>\n<p>I nyn\u00ed by byla snadn\u00e1 pomoc. Napaden\u00e9 mrtv\u00e9 stromy v\u00a0okruhu 50  metr\u016f pok\u00e1cet a d\u00e1t n\u011bkam stranou. To ale \u201enedovol\u00ed\u201c zelen\u00ed terorist\u00e9. A  je\u0161t\u011b maj\u00ed odvahu otravovat turisty u fale\u0161n\u00e9ho pramene sv\u00fdmi  propaga\u010dn\u00edmi st\u00e1nky. A otravuj\u00ed t\u00edm nejen je, ale i s\u00e1m pramen. Kdy\u017e tam  takhle obchoduj\u00ed se sv\u00fdmi idejemi ve vlastn\u00edm z\u00e1jmu, m\u016f\u017ee si tam  postavit st\u00e1nek i prodava\u010d klob\u00e1s? Asi ne. A co kdyby si tam sv\u016fj  agita\u010dn\u00ed pult z\u0159\u00eddil <a href=\"http:\/\/www.antimeloun.cz\/\">www.antimeloun.cz<\/a> ? To by se zelen\u00e9 mozky divily.<\/p>\n<p>Ale asi nedivily, proto\u017ee od lo\u0148ska dob\u0159e v\u011bd\u00ed, \u017ee v\u00a0tomhle kraji jim  p\u0161enka u\u017e nepokvete. M\u00edstn\u00ed se vzbou\u0159ili a d\u00e1vaj\u00ed jasn\u011b najevo, \u017ee  tyhle fanatiky tu necht\u011bj\u00ed. Hitem je tu cedule \u201e<strong>Modrav\u0161t\u00ed varuj\u00ed: Hnut\u00ed Duha a Jarom\u00edr Bl\u00e1ha v\u00e1\u017en\u011b \u0161kod\u00ed V\u00e1m i les\u016fm ve Va\u0161em okol\u00ed<\/strong>\u201c.  Brzy \u0160umav\u00e1ci vezmou do rukou p\u00e1r tlust\u00fdch such\u00fdch v\u011btv\u00ed a vy\u017eenou  zelen\u00e9 zlo\u010dince i od pramene Vltavy. P\u0159ece jej nenechaj\u00ed d\u00e1l otravovat  zr\u016fdnou zelenou ideologi\u00ed.<\/p>\n<p><a href=\"http:\/\/jakl.blog.idnes.cz\/c\/280767\/Otraveny-pramen-Vltavy.html\" target=\"_blank\">Zdroj<\/a><\/p>\n","protected":false},"excerpt":{"rendered":"<p>Vltava je nejslavn\u011bj\u0161\u00ed \u010deskou \u0159ekou. Omylem na\u0161ich p\u0159edk\u016f se vl\u00e9v\u00e1 do Labe a ne obr\u00e1cen\u011b a i tak je na\u0161\u00ed nejdel\u0161\u00ed. Odvod\u0148uje v\u011bt\u0161inu \u010cech, je jejich osou i symbolem. Je d\u00e1rcem \u017eivota, hospod\u00e1\u0159sk\u00fdm zdrojem a ob\u010das i zdrojem ne\u0161t\u011bst\u00ed. Je ozdobou i m\u00edstem z\u00e1bavy a pot\u011b\u0161en\u00ed.<\/p>\n","protected":false},"author":1,"featured_media":0,"comment_status":"open","ping_status":"open","sticky":false,"template":"","format":"standard","meta":{"ngg_post_thumbnail":0,"footnotes":""},"categories":[1],"tags":[],"class_list":["post-2321","post","type-post","status-publish","format-standard","hentry","category-publikovane-clanky"],"_links":{"self":[{"href":"https:\/\/www.ladislavjakl.cz\/index.php?rest_route=\/wp\/v2\/posts\/2321","targetHints":{"allow":["GET"]}}],"collection":[{"href":"https:\/\/www.ladislavjakl.cz\/index.php?rest_route=\/wp\/v2\/posts"}],"about":[{"href":"https:\/\/www.ladislavjakl.cz\/index.php?rest_route=\/wp\/v2\/types\/post"}],"author":[{"embeddable":true,"href":"https:\/\/www.ladislavjakl.cz\/index.php?rest_route=\/wp\/v2\/users\/1"}],"replies":[{"embeddable":true,"href":"https:\/\/www.ladislavjakl.cz\/index.php?rest_route=%2Fwp%2Fv2%2Fcomments&post=2321"}],"version-history":[{"count":1,"href":"https:\/\/www.ladislavjakl.cz\/index.php?rest_route=\/wp\/v2\/posts\/2321\/revisions"}],"predecessor-version":[{"id":2322,"href":"https:\/\/www.ladislavjakl.cz\/index.php?rest_route=\/wp\/v2\/posts\/2321\/revisions\/2322"}],"wp:attachment":[{"href":"https:\/\/www.ladislavjakl.cz\/index.php?rest_route=%2Fwp%2Fv2%2Fmedia&parent=2321"}],"wp:term":[{"taxonomy":"category","embeddable":true,"href":"https:\/\/www.ladislavjakl.cz\/index.php?rest_route=%2Fwp%2Fv2%2Fcategories&post=2321"},{"taxonomy":"post_tag","embeddable":true,"href":"https:\/\/www.ladislavjakl.cz\/index.php?rest_route=%2Fwp%2Fv2%2Ftags&post=2321"}],"curies":[{"name":"wp","href":"https:\/\/api.w.org\/{rel}","templated":true}]}}