{"id":2323,"date":"2012-07-25T10:16:55","date_gmt":"2012-07-25T08:16:55","guid":{"rendered":"http:\/\/www.ladislavjakl.cz\/?p=2323"},"modified":"2012-07-25T10:16:55","modified_gmt":"2012-07-25T08:16:55","slug":"po-flasce-vina-klausuv-jakl-benda-a-dalsi-vypiskali-navrh-na-revolucni-zmenu","status":"publish","type":"post","link":"https:\/\/www.ladislavjakl.cz\/?p=2323","title":{"rendered":"Po fla\u0161ce v\u00edna. Klaus\u016fv Jakl, Benda a dal\u0161\u00ed vyp\u00edskali n\u00e1vrh na revolu\u010dn\u00ed zm\u011bnu"},"content":{"rendered":"<p>Ani zm\u011bna volebn\u00edho syst\u00e9mu, ani m\u00ednusov\u00e9 hlasy. N\u00e1vrhy, kter\u00e9 se chyst\u00e1  od podzimu prosazovat finan\u010dn\u00edk a zakladatel Nada\u010dn\u00edho fondu proti  korupci Karel Jane\u010dek, se na politick\u00e9 sc\u00e9n\u011b setk\u00e1vaj\u00ed sp\u00ed\u0161e s posm\u011b\u0161ky a  ironi\u00ed. Podle osloven\u00fdch politik\u016f nemaj\u00ed s realitou nic spole\u010dn\u00e9ho,  m\u00ednusov\u00e9 hlasy by vedly jen k moci \u0161ed\u00e9ho pr\u016fm\u011bru a jejich autor pr\u00fd  sv\u016fj n\u00e1vrh asi stvo\u0159il &#8222;v pr\u016fb\u011bhu letn\u00edho grilov\u00e1n\u00ed po lahvince t\u011b\u017ek\u00e9ho  \u010derven\u00e9ho&#8220;.<\/p>\n<p><!--more--><\/p>\n<p>Finan\u010dn\u00edk a zakladatel Nada\u010dn\u00edho fondu proti korupci Karel Jane\u010dek  p\u0159ekvapil v rozhovoru pro Parlamentn\u00edListy.cz informac\u00ed, \u017ee se u\u017e na  podzim bude sna\u017eit prosadit nov\u00fd volebn\u00ed syst\u00e9m a d\u00edky n\u011bmu nastartovat  obnovu v zemi. Mus\u00ed podle n\u011bj skon\u010dit nyn\u011bj\u0161\u00ed praxe, kdy si politick\u00e1  strana d\u00e1 do \u010dela n\u011bjakou sympatickou figurku a za n\u00ed se se\u0159ad\u00ed ti  nejhor\u0161\u00ed lid\u00e9, kte\u0159\u00ed se dostanou do parlamentu.<\/p>\n<p>\u201eZ\u00e1kladem tohoto syst\u00e9mu je volba osobnost\u00ed a tak\u00e9 naprost\u00e1 novinka \u2013  mo\u017enost d\u00e1t minusov\u00fd hlas, abychom si mohli \u0161krtnout sv\u00e9ho zlojeda.  St\u00e1vaj\u00edc\u00ed volebn\u00ed syst\u00e9m je zastaral\u00fd a pt\u00e1 se lid\u00ed jen na to, co  cht\u011bj\u00ed. Jen\u017ee se nept\u00e1, co necht\u011bj\u00ed, a to je ta chyba,\u201c uvedl pro  Parlamentn\u00edListy.cz Karel Jane\u010dek, v \u010dem by spo\u010d\u00edvala z\u00e1sadn\u00ed zm\u011bna  volebn\u00edho syst\u00e9mu.<\/p>\n<p><strong>Lidovci a zelen\u00ed by podporou n\u00e1vrhu mohli z\u00edskat hodn\u011b voli\u010d\u016f<\/strong><\/p>\n<p>Jeho pl\u00e1n na zm\u011bnu volebn\u00edho syst\u00e9mu vych\u00e1z\u00ed z p\u0159edpokladu, \u017ee lid\u00e9  vyvinou na politiky\u00a0 pot\u0159ebn\u00fd tlak, aby se k n\u00e1vrhu p\u0159ipojili. \u201ePokud ho  bude cht\u00edt v\u011bt\u0161ina lid\u00ed, je to volebn\u00ed t\u00e9ma, kter\u00fdm se daj\u00ed z\u00edskat  voli\u010di. Strany si mus\u00ed uv\u011bdomit, \u017ee pokud p\u016fjdou proti tomu, ztrat\u00ed  extr\u00e9mn\u00ed po\u010det hlas\u016f,\u201c upozornil Jane\u010dek.<br \/>\nPolitick\u00e9 strany se k navr\u017een\u00e9mu volebn\u00edmu syst\u00e9mu budou muset postavit  u\u017e jen proto, \u017ee bude popul\u00e1rn\u00ed. A n\u011bkter\u00e9 z nich si mohou uv\u011bdomit, \u017ee  p\u0159ihl\u00e1sit se k n\u011bmu jim m\u016f\u017ee velice prosp\u011bt. To podle zakladatele  Nada\u010dn\u00edho fondu proti korupci plat\u00ed t\u0159eba pro KDU-\u010cSL nebo Stranu  zelen\u00fdch. \u201eOb\u011b strany jsou na hranici volitelnosti a lze p\u0159edpokl\u00e1dat,  \u017ee kdy\u017e budou prosazovat takov\u00fd radik\u00e1ln\u00ed a v\u011bt\u0161inou spole\u010dnosti  po\u017eadovan\u00fd bod, tak hodn\u011b voli\u010d\u016f z\u00edskaj\u00ed. To je jednoduch\u00e1 matematika,\u201c  zd\u016fvodnil Karel Jane\u010dek sv\u016fj optimismus.<\/p>\n<p><strong>Negativn\u00ed hlasy by vedly k likvidaci men\u0161inov\u00fdch n\u00e1zor\u016f<\/strong><\/p>\n<p>Ten v\u0161ak r\u00e1zn\u011b chlad\u00ed reakce politik\u016f. \u201eN\u00e1pady pana Jane\u010dka nemaj\u00ed jako  obvykle s realitou nic spole\u010dn\u00e9ho a jsou jen projevem jeho frustrac\u00ed.  Smyslupln\u00e9 \u0159e\u0161en\u00ed pro \u010deskou politickou sc\u00e9nu by bylo zaveden\u00ed p\u0159\u00edm\u00e9  volby poslanc\u016f, to jest v\u011bt\u0161inov\u00e9ho volebn\u00edho syst\u00e9mu, kde by skute\u010dn\u011b  ka\u017ed\u00fd poslanec odpov\u00eddal sv\u00fdm voli\u010d\u016fm,\u201c reaguje pro Parlamentn\u00edListy.cz  p\u0159edseda \u00fastavn\u011b pr\u00e1vn\u00edho v\u00fdboru Marek Benda.<\/p>\n<p>Tajemn\u00edkovi prezidenta V\u00e1clava Klause a mo\u017en\u00e9mu uchaze\u010di o funkci hlavy  st\u00e1tu Ladislavu Jaklovi vad\u00ed u n\u00e1padu protikorup\u010dn\u00edho bojovn\u00edka  p\u0159edev\u0161\u00edm mo\u017enost m\u00ednusov\u00fdch hlas\u016f. \u201eJe jedno, kdo s t\u00edm p\u0159ich\u00e1z\u00ed. Ale s  my\u0161lenkou negativn\u00edch hlas\u016f z\u00e1sadn\u011b nesouhlas\u00edm u\u017e p\u0159es dvacet let.  Jej\u00ed realizace by vedla k absolutn\u00ed moci \u0161ed\u00e9ho pr\u016fm\u011bru a k likvidaci  men\u0161inov\u00fdch n\u00e1zor\u016f,\u201c tvrd\u00ed pro Parlamentn\u00edListy.cz Ladislav Jakl.<\/p>\n<p><strong>S\u00edly dobra v ODS se u\u017e pokusily odpov\u00eddaj\u00edc\u00ed syst\u00e9m prosadit <\/strong><\/p>\n<p>Podle poslance ODS Ale\u0161e R\u00e1dla je Jane\u010dk\u016fv n\u00e1pad p\u011bknou uk\u00e1zkou pr\u00e1ce  \u00fastavn\u00edho kutila, kter\u00e1 asi vznikla v pr\u016fb\u011bhu dom\u00e1c\u00edho letn\u00edho grilov\u00e1n\u00ed  po lahvince t\u011b\u017ek\u00e9ho \u010derven\u00e9ho. \u201ePokud m\u00e1 b\u00fdt c\u00edlem volebn\u00ed vygenerov\u00e1n\u00ed  n\u011bjak\u00fdch politik\u016f, kte\u0159\u00ed budou m\u00edt p\u0159edev\u0161\u00edm osobn\u00ed d\u016fv\u011bru voli\u010d\u016f a  jejich\u017e stranick\u00e1 odpov\u011bdnost bude \u00fam\u011brn\u011b tomu umen\u0161ena, tak \u00fastavn\u00ed  v\u011bda zn\u00e1 daleko jednodu\u0161\u0161\u00ed a vyzkou\u0161en\u00fd i osv\u011bd\u010den\u00fd model zalo\u017een\u00fd na  v\u011bt\u0161inov\u00e9 volb\u011b v mal\u00fdch jednomand\u00e1tov\u00fdch obvodech,\u201c p\u0159ipom\u00edn\u00e1 pro  Parlamentn\u00edListy.cz poslanec ODS Ale\u0161 R\u00e1dl.<\/p>\n<p>\u201eTedy ten model, kter\u00fd se s\u00edly dobra v ODS u\u017e n\u011bkolikr\u00e1t pokusily  prosadit jako model, kter\u00fd by se za\u010dal standardn\u011b u\u017e\u00edvat p\u0159i  parlamentn\u00edch volb\u00e1ch v \u010cesk\u00e9 republice,\u201c \u0159\u00edk\u00e1 Ale\u0161 R\u00e1dl v nar\u00e1\u017ece na  Jane\u010dkovy \u00favahy, podle nich\u017e je norm\u00e1ln\u00ed spole\u010dnost slo\u017eena v\u011bt\u0161inou z  lid\u00ed, kte\u0159\u00ed jsou sp\u00ed\u0161e dob\u0159\u00ed a \u0161patnost je u nich n\u00edzk\u00e1, zat\u00edmco drtiv\u00e1  v\u011bt\u0161ina z t\u011bch, kdo jsou ve vrcholn\u00fdch politick\u00fdch funkc\u00edch, jsou  p\u0159edstavitel\u00e9 zla.<\/p>\n<p><strong>Demokracie se p\u0159e\u017eila, v\u00edtej, absolutistick\u00e1 monarchie<\/strong><\/p>\n<p>\u201eBohu\u017eel s\u00edly zla, kter\u00e9 tehdy ovl\u00e1daly \u00dastavn\u00ed soud a n\u011bkter\u00e9 mal\u00e9  strany jako nap\u0159\u00edklad KDU-\u010cSL nebo Unii svobody, tomu tehdy zabr\u00e1nily.  Bohu\u017eel. U\u017e dnes by tak mohla b\u00fdt politika prostorem, kde se pohybuj\u00ed  jen s\u00edly dobra, a Darth Vader a jeho klony by si hledali n\u011bjakou jinou  galaxii,\u201c dod\u00e1v\u00e1 v lehk\u00e9m t\u00f3nu Ale\u0161 R\u00e1dl.<\/p>\n<p>Ironie \u010di\u0161\u00ed i z odpov\u011bdi poslance TOP 09 Daniela Korteho. \u201eTakov\u00fd \u2013  jemn\u011b \u0159e\u010deno \u2013 po\u0161etil\u00fd n\u00e1pad ukazuje, \u017ee demokracie \u2013 vl\u00e1da v\u011bt\u0161iny \u2013  se p\u0159e\u017eila. Jedin\u00fdm mo\u017en\u00fdm v\u00fdchodiskem je absolutistick\u00e1 monarchie,\u201c  odkazuje Daniel Korte na st\u00e1tn\u00ed z\u0159\u00edzen\u00ed, kde panovn\u00edk disponuje  samostatnou st\u00e1tn\u00ed moc\u00ed, je\u017e je k vid\u011bn\u00ed u\u017e jen nap\u0159\u00edklad v Bruneji,  Sa\u00fadsk\u00e9 Ar\u00e1bii \u010di v dal\u0161\u00edch arabsk\u00fdch monarchi\u00edch Persk\u00e9ho z\u00e1livu.<\/p>\n<p><a href=\"http:\/\/www.parlamentnilisty.cz\/zpravy\/Po-flasce-vina-Klausuv-Jakl-Benda-a-dalsi-vypiskali-navrh-na-revolucni-zmenu-240531\" target=\"_blank\">Zdroj<\/a><\/p>\n","protected":false},"excerpt":{"rendered":"<p>Ani zm\u011bna volebn\u00edho syst\u00e9mu, ani m\u00ednusov\u00e9 hlasy. N\u00e1vrhy, kter\u00e9 se chyst\u00e1 od podzimu prosazovat finan\u010dn\u00edk a zakladatel Nada\u010dn\u00edho fondu proti korupci Karel Jane\u010dek, se na politick\u00e9 sc\u00e9n\u011b setk\u00e1vaj\u00ed sp\u00ed\u0161e s posm\u011b\u0161ky a ironi\u00ed. Podle osloven\u00fdch politik\u016f nemaj\u00ed s realitou nic spole\u010dn\u00e9ho, m\u00ednusov\u00e9 hlasy by vedly jen k moci \u0161ed\u00e9ho pr\u016fm\u011bru a jejich autor pr\u00fd sv\u016fj [&hellip;]<\/p>\n","protected":false},"author":1,"featured_media":0,"comment_status":"open","ping_status":"open","sticky":false,"template":"","format":"standard","meta":{"ngg_post_thumbnail":0,"footnotes":""},"categories":[11],"tags":[],"class_list":["post-2323","post","type-post","status-publish","format-standard","hentry","category-ozvena"],"_links":{"self":[{"href":"https:\/\/www.ladislavjakl.cz\/index.php?rest_route=\/wp\/v2\/posts\/2323","targetHints":{"allow":["GET"]}}],"collection":[{"href":"https:\/\/www.ladislavjakl.cz\/index.php?rest_route=\/wp\/v2\/posts"}],"about":[{"href":"https:\/\/www.ladislavjakl.cz\/index.php?rest_route=\/wp\/v2\/types\/post"}],"author":[{"embeddable":true,"href":"https:\/\/www.ladislavjakl.cz\/index.php?rest_route=\/wp\/v2\/users\/1"}],"replies":[{"embeddable":true,"href":"https:\/\/www.ladislavjakl.cz\/index.php?rest_route=%2Fwp%2Fv2%2Fcomments&post=2323"}],"version-history":[{"count":1,"href":"https:\/\/www.ladislavjakl.cz\/index.php?rest_route=\/wp\/v2\/posts\/2323\/revisions"}],"predecessor-version":[{"id":2324,"href":"https:\/\/www.ladislavjakl.cz\/index.php?rest_route=\/wp\/v2\/posts\/2323\/revisions\/2324"}],"wp:attachment":[{"href":"https:\/\/www.ladislavjakl.cz\/index.php?rest_route=%2Fwp%2Fv2%2Fmedia&parent=2323"}],"wp:term":[{"taxonomy":"category","embeddable":true,"href":"https:\/\/www.ladislavjakl.cz\/index.php?rest_route=%2Fwp%2Fv2%2Fcategories&post=2323"},{"taxonomy":"post_tag","embeddable":true,"href":"https:\/\/www.ladislavjakl.cz\/index.php?rest_route=%2Fwp%2Fv2%2Ftags&post=2323"}],"curies":[{"name":"wp","href":"https:\/\/api.w.org\/{rel}","templated":true}]}}