{"id":2325,"date":"2012-07-26T13:43:46","date_gmt":"2012-07-26T11:43:46","guid":{"rendered":"http:\/\/www.ladislavjakl.cz\/?p=2325"},"modified":"2012-07-26T13:43:46","modified_gmt":"2012-07-26T11:43:46","slug":"sber-podpisu-pod-petici-pokracuje","status":"publish","type":"post","link":"https:\/\/www.ladislavjakl.cz\/?p=2325","title":{"rendered":"Sb\u011br podpis\u016f pod petici pokra\u010duje."},"content":{"rendered":"<p>Ladislav Jakl, pro kter\u00e9ho svobodn\u00ed shroma\u017e\u010fuj\u00ed 50 tis\u00edc podpis\u016f, se ve v\u010derej\u0161\u00ed <a href=\"http:\/\/zpravy.idnes.cz\/prehled-kandidatu-prezidentske-volby-d8r-\/domaci.aspx?c=A120725_102141_domaci_kop\" target=\"_blank\">anket\u011b idnes.cz<\/a> umis\u0165uje na \u010dtvrt\u00e9m m\u00edst\u011b, na sedm\u00e9m m\u00edst\u011b se um\u00edstil v <a href=\"http:\/\/sanep.cz\/pruzkumy\/prima-volba-prezidenta-publikovano-24-7-2012\/\" target=\"_blank\">pr\u016fzkumu SANEP<\/a>.<\/p>\n<p><!--more-->Na za\u010d\u00e1tku srpna ud\u011bl\u00e1me sou\u010det z do\u0161l\u00fdch podpisov\u00fdch arch\u016f a budeme ve sb\u011bru pokra\u010dovat. Aktu\u00e1ln\u011b \u010dlenov\u00e9 a p\u0159\u00edznivci nab\u00edzej\u00ed tak\u00e9 45 m\u00edst, kde lze arch individu\u00e1ln\u011b podepsat.<\/p>\n<p>Petr Mach<br \/>\np\u0159edseda <a href=\"https:\/\/email.seznam.cz\/redir?hashId=4221361997&amp;to=http%3a%2f%2fwww%2esvobodni%2ecz\" target=\"_blank\">www.svobodni.cz<\/a><\/p>\n","protected":false},"excerpt":{"rendered":"<p>Ladislav Jakl, pro kter\u00e9ho svobodn\u00ed shroma\u017e\u010fuj\u00ed 50 tis\u00edc podpis\u016f, se ve v\u010derej\u0161\u00ed anket\u011b idnes.cz umis\u0165uje na \u010dtvrt\u00e9m m\u00edst\u011b, na sedm\u00e9m m\u00edst\u011b se um\u00edstil v pr\u016fzkumu SANEP.<\/p>\n","protected":false},"author":1,"featured_media":0,"comment_status":"open","ping_status":"open","sticky":false,"template":"","format":"standard","meta":{"ngg_post_thumbnail":0,"footnotes":""},"categories":[17,11],"tags":[],"class_list":["post-2325","post","type-post","status-publish","format-standard","hentry","category-jakl-president","category-ozvena"],"_links":{"self":[{"href":"https:\/\/www.ladislavjakl.cz\/index.php?rest_route=\/wp\/v2\/posts\/2325","targetHints":{"allow":["GET"]}}],"collection":[{"href":"https:\/\/www.ladislavjakl.cz\/index.php?rest_route=\/wp\/v2\/posts"}],"about":[{"href":"https:\/\/www.ladislavjakl.cz\/index.php?rest_route=\/wp\/v2\/types\/post"}],"author":[{"embeddable":true,"href":"https:\/\/www.ladislavjakl.cz\/index.php?rest_route=\/wp\/v2\/users\/1"}],"replies":[{"embeddable":true,"href":"https:\/\/www.ladislavjakl.cz\/index.php?rest_route=%2Fwp%2Fv2%2Fcomments&post=2325"}],"version-history":[{"count":1,"href":"https:\/\/www.ladislavjakl.cz\/index.php?rest_route=\/wp\/v2\/posts\/2325\/revisions"}],"predecessor-version":[{"id":2326,"href":"https:\/\/www.ladislavjakl.cz\/index.php?rest_route=\/wp\/v2\/posts\/2325\/revisions\/2326"}],"wp:attachment":[{"href":"https:\/\/www.ladislavjakl.cz\/index.php?rest_route=%2Fwp%2Fv2%2Fmedia&parent=2325"}],"wp:term":[{"taxonomy":"category","embeddable":true,"href":"https:\/\/www.ladislavjakl.cz\/index.php?rest_route=%2Fwp%2Fv2%2Fcategories&post=2325"},{"taxonomy":"post_tag","embeddable":true,"href":"https:\/\/www.ladislavjakl.cz\/index.php?rest_route=%2Fwp%2Fv2%2Ftags&post=2325"}],"curies":[{"name":"wp","href":"https:\/\/api.w.org\/{rel}","templated":true}]}}