{"id":2327,"date":"2012-07-26T13:50:53","date_gmt":"2012-07-26T11:50:53","guid":{"rendered":"http:\/\/www.ladislavjakl.cz\/?p=2327"},"modified":"2012-07-26T13:50:53","modified_gmt":"2012-07-26T11:50:53","slug":"komuniste-varuji-prezident-jakl-zavede-autoritativni-rezim","status":"publish","type":"post","link":"https:\/\/www.ladislavjakl.cz\/?p=2327","title":{"rendered":"Komunist\u00e9 varuj\u00ed: prezident Jakl zavede autoritativn\u00ed re\u017eim!"},"content":{"rendered":"<p>Neoliber\u00e1ln\u00ed politici zesiluj\u00ed obranu proti glob\u00e1ln\u00edmu spole\u010densk\u00e9mu  pohybu, kter\u00fd ohro\u017euje jejich panov\u00e1n\u00ed. Hroz\u00ed re\u00e1ln\u00e9 nebezpe\u010d\u00ed, \u017ee  sou\u010dasnou komplexn\u00ed spole\u010denskou krizi euroamerick\u00e9 civilizace se pokus\u00ed  \u0159e\u0161it zaveden\u00edm autoritativn\u00edch re\u017eim\u016f.<\/p>\n<p><!--more-->To se projevuje i v\u00a0aktivit\u011b na\u0161ich pravicov\u00fdch stran. A\u010dkoli z\u00e1sadn\u011b  odm\u00edtaj\u00ed referendum, zorganizovaly p\u0159\u00edmou volbu prezidenta. Funk\u010dn\u00ed  obdob\u00ed sou\u010dasn\u00e9ho prezidenta V\u00e1clava Klause skon\u010d\u00ed 7. b\u0159ezna p\u0159\u00ed\u0161t\u00edho  roku.<\/p>\n<p>Volebn\u00ed kampa\u0148 je\u0161t\u011b nebyla ofici\u00e1ln\u011b zah\u00e1jena, ale t\u00e9ma p\u0159\u00edm\u00e9 volby  prezidenta u\u017e n\u011bkolik m\u011bs\u00edc\u016f slou\u017e\u00ed vl\u00e1dn\u00edm propagandist\u016fm k\u00a0odv\u00e1d\u011bn\u00ed  pozornosti od bezohledn\u00fdch asoci\u00e1ln\u00edch aktivit sou\u010dasn\u00e9 vl\u00e1dy.  K\u00a0medi\u00e1ln\u00ed atraktivit\u011b t\u00e9matu p\u0159isp\u00edv\u00e1, \u017ee nov\u00ed uchaze\u010di o \u0161\u00e9fov\u00e1n\u00ed na  Hrad\u011b vyskakuj\u00ed jak \u010dert\u00edci ze \u017eertovn\u00e9 krabi\u010dky.<\/p>\n<p>* * *<\/p>\n<p>Nap\u0159\u00edklad Ladislav Jakl, v\u00a0sou\u010dasnosti tajemn\u00edk prezidenta, je\u0161t\u011b  ned\u00e1vno zpochyb\u0148oval princip p\u0159\u00edm\u00e9 volby prezidenta a p\u0159irovnal ji  k\u00a0cirkusu. Mysl\u00ed si to st\u00e1le, i kdy\u017e jej strana Svobodn\u00fdch nominovala  jako sv\u00e9ho kandid\u00e1ta. Jakl je pragmatik a v\u00ed, \u017ee to bude ar\u00e9na pro  velk\u00e9, viditeln\u00e9 i neviditeln\u00e9 pen\u00edze a medi\u00e1ln\u00ed vlivy.<\/p>\n<p>Na ot\u00e1zku on-line den\u00edku T\u00ddDEN.CZ, pro\u010d chce v\u00a0takov\u00e9m cirkusu \u00fa\u010dinkovat, odpov\u011bd\u011bl mimo jin\u00e9: <em>\u00bb\u2026v\u00a0t\u00e9 nep\u0159\u00edm\u00e9 <\/em>(volb\u011b)<em> m\u00e1m velk\u00e9 \u0161ance.\u00ab<\/em> A na ot\u00e1zku, zda <em>kon\u010d\u00ed klid a m\u00edr v\u00a0\u010desk\u00e9m \u00fastavn\u00edm po\u0159\u00e1dku, <\/em>odpov\u011bd\u011bl: <em>\u00bb\u2026Bude to platit pro ka\u017ed\u00e9ho p\u0159\u00edmo volen\u00e9ho prezidenta. Je\u0161t\u011b se budeme v\u0161ichni hodn\u011b divit.\u00ab<\/em><\/p>\n<p>Podobn\u011b asi uva\u017euje dal\u0161\u00ed kuri\u00f3zn\u00ed uchaze\u010d, kari\u00e9rista Vladim\u00edr  Dlouh\u00fd. Podle z\u00e1kon\u016f profesora Parkinsona lze vrcholov\u00e9 mana\u017eery  rozd\u011blit na dva typy podle schopnosti p\u0159edv\u00eddat n\u00e1sledky rozhodnut\u00ed.  Jedni p\u0159edv\u00eddaj\u00ed v\u017edy spr\u00e1vn\u011b a druz\u00ed se v\u017edy m\u00fdl\u00ed. Z\u00a0profesn\u00edho  \u017eivotopisu Dlouh\u00e9ho lze odvodit, \u017ee pat\u0159\u00ed k\u00a0mana\u017eer\u016fm, kte\u0159\u00ed se m\u00fdl\u00ed  velmi \u010dasto.<\/p>\n<p>* * *<\/p>\n<p>Nelze vylou\u010dit, \u017ee se k pelotonu uchaze\u010d\u016f p\u0159ipoj\u00ed je\u0161t\u011b sen\u00e1tor  Jarom\u00edr \u0160t\u011btina a poslanec Marek Benda, kdy\u017e se nestal ministrem  spravedlnosti. Mohl by po\u010d\u00edtat s\u00a0podporou katolick\u00fdch far\u00e1\u0159\u016f, kte\u0159\u00ed  p\u0159esv\u011bd\u010d\u00ed babi\u010dky, aby jej volily, a odvd\u011b\u010dily se mu tak za \u00fasil\u00ed p\u0159i  jedn\u00e1n\u00ed o darov\u00e1n\u00ed n\u00e1rodn\u00edho majetku katolick\u00e9 c\u00edrkvi.<\/p>\n<p>Pro pana \u0160t\u011btinu by zase mohl obstarat hlasy Petr Gazd\u00edk od Starost\u016f,  kte\u0159\u00ed cht\u011bj\u00ed vl\u00e1du pevn\u00e9 ruky. Strana TOP 09, jej\u00ed\u017e \u010dlensk\u00e1 z\u00e1kladna  \u010d\u00edt\u00e1 jen asi 2000 osob, by tak m\u011bla spolu s\u00a0ob\u010danem Schwarzenbergem dv\u011b  \u017eel\u00edzka v\u00a0ohni a podporu vyznava\u010d\u016f katolick\u00e9ho i neoliber\u00e1ln\u00edho  n\u00e1bo\u017eenstv\u00ed.<\/p>\n<p>Av\u0161ak dozr\u00e1l \u010das, aby&#8230; ale o tom a\u017e v druh\u00e9 \u010d\u00e1sti \u010dl\u00e1nku na stran\u011b 5  bu\u010f v ti\u0161t\u011bn\u00e9 podob\u011b Hal\u00f3 novin (k zakoupen\u00ed na st\u00e1nc\u00edch), nebo v  elektronick\u00e9 podob\u011b <a href=\"http:\/\/cs.publero.com\/titul\/halo-noviny\/\" target=\"_blank\">na internetov\u00fdch str\u00e1nk\u00e1ch www.publero.com.<\/a><\/p>\n<p><a href=\"http:\/\/www.halonoviny.cz\/articles\/view\/484361\" target=\"_blank\">Zdroj: Josef \u0160ULC <\/a><strong><br \/>\n<\/strong><\/p>\n","protected":false},"excerpt":{"rendered":"<p>Neoliber\u00e1ln\u00ed politici zesiluj\u00ed obranu proti glob\u00e1ln\u00edmu spole\u010densk\u00e9mu pohybu, kter\u00fd ohro\u017euje jejich panov\u00e1n\u00ed. Hroz\u00ed re\u00e1ln\u00e9 nebezpe\u010d\u00ed, \u017ee sou\u010dasnou komplexn\u00ed spole\u010denskou krizi euroamerick\u00e9 civilizace se pokus\u00ed \u0159e\u0161it zaveden\u00edm autoritativn\u00edch re\u017eim\u016f.<\/p>\n","protected":false},"author":1,"featured_media":0,"comment_status":"open","ping_status":"open","sticky":false,"template":"","format":"standard","meta":{"ngg_post_thumbnail":0,"footnotes":""},"categories":[17,11],"tags":[],"class_list":["post-2327","post","type-post","status-publish","format-standard","hentry","category-jakl-president","category-ozvena"],"_links":{"self":[{"href":"https:\/\/www.ladislavjakl.cz\/index.php?rest_route=\/wp\/v2\/posts\/2327","targetHints":{"allow":["GET"]}}],"collection":[{"href":"https:\/\/www.ladislavjakl.cz\/index.php?rest_route=\/wp\/v2\/posts"}],"about":[{"href":"https:\/\/www.ladislavjakl.cz\/index.php?rest_route=\/wp\/v2\/types\/post"}],"author":[{"embeddable":true,"href":"https:\/\/www.ladislavjakl.cz\/index.php?rest_route=\/wp\/v2\/users\/1"}],"replies":[{"embeddable":true,"href":"https:\/\/www.ladislavjakl.cz\/index.php?rest_route=%2Fwp%2Fv2%2Fcomments&post=2327"}],"version-history":[{"count":1,"href":"https:\/\/www.ladislavjakl.cz\/index.php?rest_route=\/wp\/v2\/posts\/2327\/revisions"}],"predecessor-version":[{"id":2328,"href":"https:\/\/www.ladislavjakl.cz\/index.php?rest_route=\/wp\/v2\/posts\/2327\/revisions\/2328"}],"wp:attachment":[{"href":"https:\/\/www.ladislavjakl.cz\/index.php?rest_route=%2Fwp%2Fv2%2Fmedia&parent=2327"}],"wp:term":[{"taxonomy":"category","embeddable":true,"href":"https:\/\/www.ladislavjakl.cz\/index.php?rest_route=%2Fwp%2Fv2%2Fcategories&post=2327"},{"taxonomy":"post_tag","embeddable":true,"href":"https:\/\/www.ladislavjakl.cz\/index.php?rest_route=%2Fwp%2Fv2%2Ftags&post=2327"}],"curies":[{"name":"wp","href":"https:\/\/api.w.org\/{rel}","templated":true}]}}