{"id":2337,"date":"2012-07-27T15:29:44","date_gmt":"2012-07-27T13:29:44","guid":{"rendered":"http:\/\/www.ladislavjakl.cz\/?p=2337"},"modified":"2012-07-27T15:29:44","modified_gmt":"2012-07-27T13:29:44","slug":"pruzkum-ktery-v-novinach-neotisknou","status":"publish","type":"post","link":"https:\/\/www.ladislavjakl.cz\/?p=2337","title":{"rendered":"Pr\u016fzkum, kter\u00fd v novin\u00e1ch neotisknou"},"content":{"rendered":"<p>Obr\u00e1zek uvnit\u0159 \u010dl\u00e1nku.<\/p>\n<p><!--more--><\/p>\n<p><a href=\"https:\/\/www.ladislavjakl.cz\/wp-content\/uploads\/2012\/07\/anketa.jpg\"><img loading=\"lazy\" decoding=\"async\" class=\"aligncenter size-medium wp-image-2338\" title=\"anketa\" src=\"https:\/\/www.ladislavjakl.cz\/wp-content\/uploads\/2012\/07\/anketa-253x310.jpg\" alt=\"anketa\" width=\"253\" height=\"310\" srcset=\"https:\/\/www.ladislavjakl.cz\/wp-content\/uploads\/2012\/07\/anketa-253x310.jpg 253w, https:\/\/www.ladislavjakl.cz\/wp-content\/uploads\/2012\/07\/anketa.jpg 582w\" sizes=\"auto, (max-width: 253px) 100vw, 253px\" \/><\/a><span style=\"font-size: 10.0pt; font-family: &quot;Arial&quot;,&quot;sans-serif&quot;;\">(zdroj: iDNES)<\/span><\/p>\n","protected":false},"excerpt":{"rendered":"<p>Obr\u00e1zek uvnit\u0159 \u010dl\u00e1nku.<\/p>\n","protected":false},"author":1,"featured_media":0,"comment_status":"open","ping_status":"open","sticky":false,"template":"","format":"standard","meta":{"ngg_post_thumbnail":0,"footnotes":""},"categories":[17,11],"tags":[],"class_list":["post-2337","post","type-post","status-publish","format-standard","hentry","category-jakl-president","category-ozvena"],"_links":{"self":[{"href":"https:\/\/www.ladislavjakl.cz\/index.php?rest_route=\/wp\/v2\/posts\/2337","targetHints":{"allow":["GET"]}}],"collection":[{"href":"https:\/\/www.ladislavjakl.cz\/index.php?rest_route=\/wp\/v2\/posts"}],"about":[{"href":"https:\/\/www.ladislavjakl.cz\/index.php?rest_route=\/wp\/v2\/types\/post"}],"author":[{"embeddable":true,"href":"https:\/\/www.ladislavjakl.cz\/index.php?rest_route=\/wp\/v2\/users\/1"}],"replies":[{"embeddable":true,"href":"https:\/\/www.ladislavjakl.cz\/index.php?rest_route=%2Fwp%2Fv2%2Fcomments&post=2337"}],"version-history":[{"count":1,"href":"https:\/\/www.ladislavjakl.cz\/index.php?rest_route=\/wp\/v2\/posts\/2337\/revisions"}],"predecessor-version":[{"id":2339,"href":"https:\/\/www.ladislavjakl.cz\/index.php?rest_route=\/wp\/v2\/posts\/2337\/revisions\/2339"}],"wp:attachment":[{"href":"https:\/\/www.ladislavjakl.cz\/index.php?rest_route=%2Fwp%2Fv2%2Fmedia&parent=2337"}],"wp:term":[{"taxonomy":"category","embeddable":true,"href":"https:\/\/www.ladislavjakl.cz\/index.php?rest_route=%2Fwp%2Fv2%2Fcategories&post=2337"},{"taxonomy":"post_tag","embeddable":true,"href":"https:\/\/www.ladislavjakl.cz\/index.php?rest_route=%2Fwp%2Fv2%2Ftags&post=2337"}],"curies":[{"name":"wp","href":"https:\/\/api.w.org\/{rel}","templated":true}]}}