{"id":2340,"date":"2012-07-27T15:31:10","date_gmt":"2012-07-27T13:31:10","guid":{"rendered":"http:\/\/www.ladislavjakl.cz\/?p=2340"},"modified":"2012-07-27T15:31:10","modified_gmt":"2012-07-27T13:31:10","slug":"jakl-imituje-ln-nemyslete-havliste-mysli-za-vas","status":"publish","type":"post","link":"https:\/\/www.ladislavjakl.cz\/?p=2340","title":{"rendered":"Jakl imituje LN: Nemyslete! Havlist\u00e9 mysl\u00ed za v\u00e1s"},"content":{"rendered":"<p>Abychom nevy\u0161li ze cviku, Lidov\u00e9 noviny n\u00e1m p\u0159ipomn\u011bly, koho volit a koho v \u017e\u00e1dn\u00e9m p\u0159\u00edpad\u011b. \u010cty\u0159icet havlist\u016f odpov\u00eddalo.<\/p>\n<p><!--more--><strong><span style=\"font-size: x-small;\">27.\u010dervenec 2012<\/span><\/strong> &#8211; <strong><span style=\"font-size: x-small;\">11:56<\/span><\/strong><\/p>\n<div id=\"zprava_text\">\n<div>M\u00e9dia se u\u017e  nespokoj\u00ed jen s t\u00edm, \u017ee n\u00e1m podprahov\u011b na\u0161ept\u00e1vaj\u00ed, co si myslet, ale  sahaj\u00ed k nejbrut\u00e1ln\u011bj\u0161\u00edm kampan\u00edm, kter\u00e9 u\u017e ani n\u00e1znakem nep\u0159edst\u00edraj\u00ed  \u00fadajnou objektivitu.<\/p>\n<p>Klidn\u011b vytvo\u0159\u00ed anketu sestavenou z odpov\u011bd\u00ed  40 lid\u00ed, z nich\u017e je pln\u00fdch 99 procent tvo\u0159eno zast\u00e1nci havlistick\u00e9ho  pohledu na sv\u011bt. A vyd\u00e1vaj\u00ed to za objektivn\u00ed a neutr\u00e1ln\u00ed vzorek n\u00e1zor\u016f.<\/p>\n<p>Jako  nap\u0159\u00edklad v sobotn\u00edch Lidov\u00fdch novin\u00e1ch. Chystan\u00e1 prezidentsk\u00e1 volba  toti\u017e aktivizuje havlistickou nomenklaturu, kter\u00e1 &#8211; a\u010dkoli m\u00e1 v  prezidentsk\u00e9 volb\u011b hned n\u011bkolik sv\u00fdch \u017eel\u00edzek (aktu\u00e1ln\u011b 8 ze 13) &#8211;  nep\u0159est\u00e1v\u00e1 p\u0159esto po\u0161t\u011bk\u00e1vat po t\u011bch n\u011bkolika m\u00e1lo kandid\u00e1tech, kte\u0159\u00ed se  jejich vkusu protiv\u00ed.<\/p>\n<p>A tak Lidov\u00e9 noviny p\u0159isp\u011bchaly s  pr\u016fzkumem mezi \u010dty\u0159iceti &#8222;osobnostmi&#8220;, kter\u00e9 &#8222;maj\u00ed moc zah\u00fdbat ve\u0159ejn\u00fdm  m\u00edn\u011bn\u00edm&#8220; (sic!). &#8222;Kdo je podle jejich p\u0159edstav ide\u00e1ln\u00ed n\u00e1stupce V\u00e1clava  Klause?&#8220; ptaj\u00ed se jich.<\/p>\n<p>A havlist\u00e9 poslu\u0161n\u011b odpov\u00eddaj\u00ed &#8211; n\u011bkte\u0159\u00ed  smrteln\u011b v\u00e1\u017en\u011b, nen\u00e1vistn\u011b a pravdol\u00e1ska\u0159sky naivn\u011b, jin\u00ed to trochu  zleh\u010duj\u00ed, p\u0159ece jen si uv\u011bdomuj\u00ed, \u017ee u\u017e je t\u00e9 medi\u00e1ln\u00ed tla\u010denky trochu  moc a je t\u0159eba ubrat plyn, aby to na voli\u010de nem\u011blo opa\u010dn\u00fd efekt.<\/p>\n<p>V\u00fdsledek  je ale jednozna\u010dn\u00fd. Klausov\u00fdm n\u00e1stupcem by m\u011bl b\u00fdt k\u0159\u00ed\u017eenec Masaryka s  Havlem. Te\u010f u\u017e je jen debata o tom, kdo ze sou\u010dasn\u00fdch pravdol\u00e1ska\u0159\u016f tuto  definici spl\u0148uje. Je to Eli\u0161ka Wagnerov\u00e1 nebo \u0160imon P\u00e1nek? Dienstbier,  T\u016fma, Sokol nebo Hal\u00edk? To je jedno, hlavn\u011b to mus\u00ed b\u00fdt n\u011bkdo z na\u0161\u00ed  tlupy. Hlavn\u011b to nesm\u00ed b\u00fdt nikdo jin\u00fd.<\/p>\n<p>Pravdol\u00e1ska\u0159i ani nev\u00e1haj\u00ed  vytahovat z klobouku nov\u00e1 a nov\u00e1 jm\u00e9na t\u011bch, kte\u0159\u00ed ani nekandiduj\u00ed a  kandidovat nebudou nebo kandidovat nemohou (proto\u017ee jsou mrtv\u00ed), jen aby  umocnili dojem, \u017ee je nep\u0159\u00edpustn\u00e9, aby p\u0159\u00ed\u0161t\u00ed prezident nebyl z t\u00e9\u017ee  my\u0161lenkov\u00e9 l\u00edhn\u011b. Albrightov\u00e1, Lustig (!), mlad\u00fd Masaryk (!), Forman,  Pa\u010des, Pithart, Marvanov\u00e1, \u0160iklov\u00e1&#8230;<\/p>\n<p>S t\u00edm, ale hlavn\u011b v\u016fbec s  principem podobn\u00fdch medi\u00e1ln\u00edch prostocvik\u016f, z\u00e1sadn\u011b nesouhlas\u00ed ten,  jeho\u017e jm\u00e9no ani jednou v cel\u00e9 anket\u011b nepadne a kter\u00fd je v\u0161emi t\u011bmito  p\u00e1ny a d\u00e1mami a\u017e anim\u00e1ln\u011b nen\u00e1vid\u011bn. Ladislav Jakl. Takov\u00fd \u010desk\u00fd Ron  Paul, se kter\u00fdm si dob\u0159e instruovan\u00e1 m\u00e9dia nev\u00ed rady. Zmi\u0148ovat ho,  nezmi\u0148ovat ho? Mysl\u00ed to v\u00e1\u017en\u011b, nebo si d\u011bl\u00e1 legraci? A m\u016f\u017eeme o n\u011bm  ps\u00e1t, nebo n\u00e1m to nad\u0159\u00edzen\u00ed zatrhnou?<\/p>\n<p>&#8222;Sv\u011bt podle LN: volby  nepot\u0159ebujeme. V\u0161e za voli\u010de za\u0159\u00edd\u00ed 40 havlist\u016f.&#8220; Tak glosoval pro  Prvnizpravy.cz sobotn\u00ed lidovkov\u00e9 veled\u00edlo pr\u00e1v\u011b prezident\u016fv tajemn\u00edk a  kandid\u00e1t na prezidenta v jedn\u00e9 osob\u011b.<\/p>\n<p>Jakl to ale vid\u00ed p\u0159\u00edli\u0161  \u010dern\u011b. Pr\u00fd \u010dty\u0159icet havlist\u016f&#8230; A co takov\u00fd Kn\u00ed\u017e\u00e1k, klausovec, ha? Tak\u017ee  havlist\u016f je jen 39 ze 40. A pak \u017ee Lidovky ned\u00e1vaj\u00ed prostor ob\u011bma  stran\u00e1m&#8230;<\/p>\n<p><em>(Adam B. Barto\u0161, foto: arch.)<\/em><\/div>\n<hr size=\"2\" \/>\n<div>\n<strong>K popuk\u00e1n\u00ed. Havlistick\u00e9 odpov\u011bdi, kter\u00e9 by v\u00e1m nem\u011bly uniknout<\/strong><\/p>\n<p>ZBIGNIEW CZENDLIK (aktivista)<br \/>\n\u0160koda \u017ee nekandiduje L. Klausov\u00e1! M\u00e1 omrknut\u00e9, jak to na Hrad\u011b chod\u00ed.<\/p>\n<p>VLADIM\u00cdR HANZEL (publicista, extajemn\u00edk V\u00e1clava Havla)<br \/>\nKdokoli,  kdo by pomohl napravit po\u0161ramocen\u00e9 jm\u00e9no \u010ceska, kter\u00e9 tu z\u016fstane po  prezidentsk\u00fdch obdob\u00edch V\u00e1clava Klause. T\u0159eba J. \u0160iklov\u00e1, T. Hal\u00edk, D.  N\u011bmcov\u00e1, P. Pithart, J. Sokol, J. Ja\u0159ab, M. Petrusek, A. \u0160abatov\u00e1, M.  Rejchrt, E. Wagnerov\u00e1, C. H\u00f6schl. Pokud by n\u011bkdo z nich kandidoval.<\/p>\n<p>JITKA SEITLOV\u00c1 (z\u00e1stupkyn\u011b ombudsmana)<br \/>\nJen  ve va\u0161ich novin\u00e1ch se objevuje \u0159ada osobnost\u00ed a mnoz\u00ed z nich maj\u00ed ten  kredit. Napad\u00e1 m\u011b plej\u00e1da jmen, t\u0159eba P. Pithart, E. Wagnerov\u00e1, J.  \u0160iklov\u00e1, J. Baxa, P. Rychetsk\u00fd a dal\u0161\u00ed.<\/p>\n<p>EDA KRISEOV\u00c1 (spisovatelka)<br \/>\n\u0160imon P\u00e1nek.<\/p>\n<p>OLGA SOMMEROV\u00c1 (dokumentaristka)<br \/>\nEli\u0161ka  Wagnerov\u00e1. Nezadala si se zlo\u010dineckou komunistickou stranou, nen\u00ed  minulost\u00ed prov\u00e1z\u00e1na s politick\u00fdm establishmentem a bude takov\u00e1 i v  budoucnosti. Je ne\u00faplatn\u00e1, nepot\u0159ebuje se nikomu zavd\u011b\u010dit, jedn\u00e1 podle  sv\u00e9ho sv\u011bdom\u00ed. M\u00e1 zdrav\u00fd rozum, tak\u00e9 proto, \u017ee je \u017eena. \u010cestn\u00e1.<\/p>\n<p>MICHAL STEHL\u00cdK (d\u011bkan Filozofick\u00e9 fakulty UK)<br \/>\nJan Sokol by byl jist\u011b dobr\u00fd prezident.<\/p>\n<p>EMIL VIKLICK\u00dd (jazzov\u00fd pianista, hudebn\u00ed skladatel)<br \/>\nMadeleine Albrightov\u00e1.<\/p>\n<p>KAREL HOLOMEK (romsk\u00fd aktivista)<br \/>\nJan  \u0160vejnar \u2013 ten by byl nejlep\u0161\u00ed, kdyby nebyl tak trochu cizincem a  v\u00e1haj\u00edc\u00edm st\u0159elcem. D\u00e1l u\u017e nic. Myslel jsem d\u0159\u00edve na Schwarzenberga, je  to do jist\u00e9 m\u00edry m\u016fj k\u00e1mo\u0161, ud\u011blal i dost dobr\u00fdch v\u011bc\u00ed, ale u\u017e ztratil  hodn\u011b ze sv\u00e9ho glancu, tak\u017ee odm\u00edt\u00e1m.<\/p>\n<p>ANNA \u0160ABATOV\u00c1 (signat\u00e1\u0159ka Charty 77, p\u0159edsedkyn\u011b \u010cesk\u00e9ho helsinsk\u00e9ho v\u00fdboru)<br \/>\nIde\u00e1ln\u00ed  n\u00e1stupce V\u00e1clava Klause je ten, kdo se v\u011bdom\u011b a koncep\u010dn\u011b nejv\u00edce  odd\u011bl\u00ed od hodnotov\u00e9ho marasmu, kter\u00fd do \u010desk\u00e9ho ve\u0159ejn\u00e9ho \u017eivota V\u00e1clav  Klaus zanesl. To spl\u0148uje Ji\u0159\u00ed Dienstbier.<\/p>\n<p>V\u00c1CLAV PA\u010cES (biochemik, b\u00fdval\u00fd \u0161\u00e9f Akademie v\u011bd)<br \/>\nJ\u00e1 bych na Hrad\u011b r\u00e1d vid\u011bl Karol\u00ednu Peake. Ona nespl\u0148uje v\u011bkov\u00fd limit pro prezidenta, tak s t\u00edm mus\u00edme po\u010dkat.<\/p><\/div>\n<div><\/div>\n<div><a href=\"http:\/\/www.prvnizpravy.cz\/zpravy\/z-domova\/jakl-imituje-ln-nemyslete-havliste-mysli-za-vas\/\" target=\"_blank\">Zdroj<\/a><\/div>\n<\/div>\n","protected":false},"excerpt":{"rendered":"<p>Abychom nevy\u0161li ze cviku, Lidov\u00e9 noviny n\u00e1m p\u0159ipomn\u011bly, koho volit a koho v \u017e\u00e1dn\u00e9m p\u0159\u00edpad\u011b. \u010cty\u0159icet havlist\u016f odpov\u00eddalo.<\/p>\n","protected":false},"author":1,"featured_media":0,"comment_status":"open","ping_status":"open","sticky":false,"template":"","format":"standard","meta":{"ngg_post_thumbnail":0,"footnotes":""},"categories":[17,11],"tags":[],"class_list":["post-2340","post","type-post","status-publish","format-standard","hentry","category-jakl-president","category-ozvena"],"_links":{"self":[{"href":"https:\/\/www.ladislavjakl.cz\/index.php?rest_route=\/wp\/v2\/posts\/2340","targetHints":{"allow":["GET"]}}],"collection":[{"href":"https:\/\/www.ladislavjakl.cz\/index.php?rest_route=\/wp\/v2\/posts"}],"about":[{"href":"https:\/\/www.ladislavjakl.cz\/index.php?rest_route=\/wp\/v2\/types\/post"}],"author":[{"embeddable":true,"href":"https:\/\/www.ladislavjakl.cz\/index.php?rest_route=\/wp\/v2\/users\/1"}],"replies":[{"embeddable":true,"href":"https:\/\/www.ladislavjakl.cz\/index.php?rest_route=%2Fwp%2Fv2%2Fcomments&post=2340"}],"version-history":[{"count":1,"href":"https:\/\/www.ladislavjakl.cz\/index.php?rest_route=\/wp\/v2\/posts\/2340\/revisions"}],"predecessor-version":[{"id":2341,"href":"https:\/\/www.ladislavjakl.cz\/index.php?rest_route=\/wp\/v2\/posts\/2340\/revisions\/2341"}],"wp:attachment":[{"href":"https:\/\/www.ladislavjakl.cz\/index.php?rest_route=%2Fwp%2Fv2%2Fmedia&parent=2340"}],"wp:term":[{"taxonomy":"category","embeddable":true,"href":"https:\/\/www.ladislavjakl.cz\/index.php?rest_route=%2Fwp%2Fv2%2Fcategories&post=2340"},{"taxonomy":"post_tag","embeddable":true,"href":"https:\/\/www.ladislavjakl.cz\/index.php?rest_route=%2Fwp%2Fv2%2Ftags&post=2340"}],"curies":[{"name":"wp","href":"https:\/\/api.w.org\/{rel}","templated":true}]}}