{"id":2346,"date":"2012-08-01T11:14:59","date_gmt":"2012-08-01T09:14:59","guid":{"rendered":"http:\/\/www.ladislavjakl.cz\/?p=2346"},"modified":"2012-08-01T11:14:59","modified_gmt":"2012-08-01T09:14:59","slug":"prezidentske-panoptikum","status":"publish","type":"post","link":"https:\/\/www.ladislavjakl.cz\/?p=2346","title":{"rendered":"Prezidentsk\u00e9 panoptikum"},"content":{"rendered":"<p>Prvn\u00ed p\u0159\u00edm\u00e1 volba prezidenta se bl\u00ed\u017e\u00ed a mezi kandid\u00e1ty nelze nal\u00e9zt ani jedinou vhodnou osobu.<\/p>\n<p><!--more--><\/p>\n<p style=\"text-align: justify;\">Samoz\u0159ejm\u011b,  v\u0161e z\u00e1le\u017e\u00ed jen na \u00fahlu pohledu. Pro n\u011bkoho je t\u00edm spr\u00e1vn\u00fdm prezidentem  Karel Schwarzenberg, pro jin\u00e9ho \u00a0Milo\u0161 Zeman a pro dal\u0161\u00edho Jan Fischer.  Kdy\u017e se ale d\u00edv\u00e1m na seznam t\u011bch, kte\u0159\u00ed kandiduj\u00ed a k tomu p\u0159id\u00e1m ty,  kte\u0159\u00ed se vyj\u00e1d\u0159ili, \u017ee by kandidovali, j\u00edm\u00e1 m\u011b hr\u016fza a obest\u00edraj\u00ed  mr\u00e1koty.<\/p>\n<p style=\"text-align: justify;\">Vezm\u011bme to popo\u0159\u00e1dku. Jana Bobo\u0161\u00edkov\u00e1,  Ji\u0159\u00ed Dienstbier, Vladim\u00edr Dlouh\u00fd, T\u00e1\u0148a Fischerov\u00e1, Jan Fischer, Vladim\u00edr  Franz, Ladislav Jakl, Ji\u0159\u00ed Karas, Zuzana Roithov\u00e1, Karel Schwarzenberg,  P\u0159emysl Sobotka, Jan \u0160vejnar a Milo\u0161 Zeman, to jsou lid\u00e9, kte\u0159\u00ed se  zcela v\u00e1\u017en\u011b uch\u00e1zej\u00ed nebo hodlaj\u00ed uch\u00e1zet o post prezidenta.<\/p>\n<p style=\"text-align: justify;\">K nim se je\u0161t\u011b \u0159ad\u00ed Vojta Dyk (skupina  Nightwork), kter\u00e9ho diskvalifikuje n\u00edzk\u00fd v\u011bk a Ji\u0159\u00ed Pomeje, kter\u00fd se v  rozhlasov\u00e9m vys\u00edl\u00e1n\u00ed dovol\u00e1val zalo\u017een\u00ed petice, na z\u00e1klad\u011b kter\u00e9 by  kandidaturu n\u00e1sledn\u011b ohl\u00e1sil. U t\u011bchto dvou osob ale lze p\u0159edpokl\u00e1dat,  \u017ee \u0161lo pouze o reklamn\u00ed trik a zv\u00fd\u0161en\u00ed popularity.<\/p>\n<p style=\"text-align: justify;\">Prozat\u00edm tedy hodl\u00e1 kandidovat 13 lid\u00ed a  a\u0165 se d\u00edv\u00e1m jak chci, ka\u017ed\u00fd z nich by m\u011bl pramalou \u0161anci z\u00edskat m\u016fj  hlas. Jana Bobo\u0161\u00edkov\u00e1 je p\u0159\u00edli\u0161 radik\u00e1ln\u00ed a jej\u00ed hnut\u00ed je takov\u00fd dort  pejska a ko\u010di\u010dky, kdy se v n\u011bm sch\u00e1z\u00ed leckdy prapodivn\u00e9 postavy a  n\u00e1zorov\u011b je krom\u011b postoje proti EU siln\u011b rozplizl\u00e9. U pan\u00ed Bobo\u0161\u00edkov\u00e9 si  nejsem jist ur\u010ditou kontinuitou jej\u00edch n\u00e1zor\u016f.<\/p>\n<p style=\"text-align: justify;\">Ji\u0159\u00ed Dienstbier je kandid\u00e1tem socialist\u016f  a de facto z nouze ctnost. T\u011b\u017e\u00ed p\u0159edev\u0161\u00edm z jm\u00e9na sv\u00e9ho zesnul\u00e9ho otce,  po n\u011bm\u017e se stal sen\u00e1torem. Jeho n\u00e1zory jsou zmaten\u00e9, nep\u0159esv\u011bd\u010div\u00e9 a  up\u0159\u00edmn\u011b, nem\u00e1 jasnou podporu ani u sv\u00e9 vlastn\u00ed strany. M\u00e1 americk\u00e9  ob\u010danstv\u00ed.<\/p>\n<p style=\"text-align: justify;\">Vladim\u00edr Dlouh\u00fd vstal z mrtv\u00fdch. Tento  exministr porevolu\u010dn\u00ed doby (ODA) zmizel na dlouhou dobu z politiky a  v\u011bnoval se sv\u00e9mu oboru. B\u00fdval\u00fd komunista se nyn\u00ed vrac\u00ed s nemal\u00fdm c\u00edlem,  ale ve\u0159ejnost ho ch\u00e1pe jako d\u00e1vno vyslou\u017eil\u00e9ho politika.<\/p>\n<p style=\"text-align: justify;\">T\u00e1\u0148a Fischerov\u00e1 p\u0159ijala kandidaturu  proto, \u017ee ji k tomu zn\u00e1m\u00ed p\u0159emluvili. V dob\u011b kdy byla poslankyn\u00ed  proslula v\u011bt\u0161\u00ed stranickou k\u00e1zn\u00ed ne\u017e \u010dlenov\u00e9 strany, za kterou byla  zvolena a neschopnost\u00ed m\u00edt vlastn\u00ed n\u00e1zor na cokoli. Jej\u00ed v\u011bty o tom,  pro\u010d kandiduje, jsou uk\u00e1zkou naivity, a absolutn\u00ed neznalosti. Kouzlo  &#8222;pravdy a l\u00e1sky&#8220; d\u00e1vno vyprcahlo.<\/p>\n<p style=\"text-align: justify;\">Jan Fischer je jedn\u00edm z nejv\u011bt\u0161\u00edch  favorit\u016f, ale b\u00fdval\u00fd kari\u00e9rn\u00ed komunista, kter\u00fd se dostal do premi\u00e9rsk\u00e9ho  k\u0159esla shodou n\u00e1hod a b\u00e1l se u\u010dinit jak\u00e9koli rozhodnut\u00ed, na jeho\u017e vl\u00e1du  pad\u00e1 mal\u00e9r s fotovoltaikou, nen\u00ed typem, kter\u00fd by m\u011bl b\u00fdt prezidentem.  Rovn\u011b\u017e siln\u00e9 proevropsk\u00e9 postoje jsou u m\u011b p\u0159ek\u00e1\u017ekou.<\/p>\n<p style=\"text-align: justify;\">Vladim\u00edr Franz je ur\u010dit\u011b uzn\u00e1van\u00fdm  um\u011blcem a t\u00edm by m\u011bl i z\u016fstat. Tento mu\u017e, by\u0165 je zcela jist\u011b  inteligentn\u00ed a m\u00e1 filozofickou mysl je sp\u00ed\u0161e produktem jist\u00e9 recese. Na  post prezidenta by m\u011bl kandidovat \u010dlov\u011bk, kter\u00fd m\u00e1 zku\u0161enosti s  politikou a t\u00edm pan Franz nen\u00ed.<\/p>\n<p style=\"text-align: justify;\">Ladislav Jakl, prezident\u016fv tajemn\u00edk,  tak\u00e9 nen\u00ed politikem, a\u010dkoli pracuje dlouh\u00e1 l\u00e9ta v prezidentsk\u00e9  kancel\u00e1\u0159i. Jeho postoje jsou velmi bl\u00edzk\u00e9 V\u00e1clavu Klausovi. Rockov\u00fd  hudebn\u00edk je kandid\u00e1tem Strany svobodn\u00fdch ob\u010dan\u016f. V pr\u016fzkumech je jeho  jm\u00e9no v\u017edy &#8222;taktn\u011b&#8220; vynech\u00e1v\u00e1no, snad aby nez\u00edskal v\u011bt\u0161\u00ed podporu.<\/p>\n<p style=\"text-align: justify;\">Ji\u0159\u00ed Karas je pom\u011brn\u011b nezn\u00e1m\u00e9 jm\u00e9no  lidoveck\u00e9ho velvyslance v B\u011blorusku. Tento mu\u017e je zcela bez \u0161ance,  proto\u017ee prezident by m\u011bl b\u00fdt silnou osobnost\u00ed a tedy ve\u0159ejn\u011b zn\u00e1mou. Na  to p\u00e1r spolustran\u00edk\u016f a p\u0159\u00edbuzn\u00fdch opravdu nesta\u010d\u00ed.<\/p>\n<p style=\"text-align: justify;\">Zuzana Roithov\u00e1 je proti tomu ve\u0159ejn\u011b  zn\u00e1mou lidoveckou europoslankyn\u00ed. M\u011bla snahu se zviditelnit na v\u011bzn\u011bn\u00e9  ukrajinsk\u00e9 expremi\u00e9rce Tymo\u0161enkov\u00e9. Ale ani ona nen\u00ed nijak silnou  osobnost\u00ed. Jej\u00ed siln\u00e9 proevropsk\u00e9 postoje jsou rovn\u011b\u017e na \u0161kodu u  ve\u0159ejnosti, kter\u00e1 chce prezidenta zast\u00e1vaj\u00edc\u00edho se \u010desk\u00fdch z\u00e1jm\u016f.<\/p>\n<p style=\"text-align: justify;\">Karel Schwarzenberg je pohas\u00ednaj\u00edc\u00ed  hv\u011bzdou. Prvn\u00ed, kter\u00fd ozn\u00e1mil svou kandidaturu nyn\u00ed jen pab\u011brkuje. Na  popularit\u011b mu nep\u0159id\u00e1v\u00e1 schopnost neust\u00e1le us\u00ednat kdekoli, ani jeho  siln\u00e1 prohl\u00e1\u0161en\u00ed v\u010detn\u011b vulgarism\u016f. Kouzlo samorostl\u00e9ho kn\u00ed\u017eete  vyprchalo. I on disponuje ciz\u00edm st\u00e1tn\u00edm ob\u010danstv\u00edm.<\/p>\n<p style=\"text-align: justify;\">P\u0159emysl Sobotka je kandid\u00e1tem ODS a ani  on nen\u00ed typem n\u00e1stupce V\u00e1clava Klause. Je p\u0159\u00edli\u0161 nev\u00fdrazn\u00fd, v\u016f\u010di EU  zast\u00e1v\u00e1 pon\u00ed\u017een\u00fd a\u017e lokajsk\u00fd postoj, nedok\u00e1\u017ee h\u00e1jit \u010desk\u00e9 z\u00e1jmy. V\u011bt\u0161\u00ed  \u0161anci by m\u011bla Miroslava N\u011bmcov\u00e1, ale ta z prim\u00e1rek vycouvala. P\u0159emysl  Sobotka nem\u00e1 pevn\u00e9 n\u00e1zory a neum\u00ed je p\u0159edat ve\u0159ejnosti.<\/p>\n<p style=\"text-align: justify;\">Jan \u0160vejnar se z boje de facto  diskvalifikoval. Kandidovat ho cht\u011bli socialist\u00e9, ale p\u0159\u00e1n\u00edm \u0160vejnara  bylo, aby byl kandid\u00e1tem v\u0161ech. Uk\u00e1\u017ee se ve sv\u00e9 rodn\u00e9 zemi v\u017edy jen p\u0159ed  volbami a domn\u00edv\u00e1 se, \u017ee to bude ke zvolen\u00ed sta\u010dit. Dostal se do  zahrani\u010d\u00ed za nevyjasn\u011bn\u00fdch okolnost\u00ed v roce 1970(!), kdy jako nezletil\u00fd  odjel se svou mlad\u0161\u00ed sestrou na v\u00fdlet do \u0160v\u00fdcarska(!). M\u00e1 americk\u00e9  ob\u010danstv\u00ed.<\/p>\n<p style=\"text-align: justify;\">Milo\u0161 Zeman je druh\u00fdm nejv\u011bt\u0161\u00edm  favoritem. Tento vyslou\u017eil\u00fd politik, kter\u00fd proslul sv\u00fdmi bonmoty,  ozna\u010duj\u00edc\u00ed novin\u00e1\u0159e za hn\u016fj a v diskus\u00edch ur\u00e1\u017eej\u00edc\u00edho ka\u017ed\u00e9ho oponenta,  je zcela ur\u010dit\u011b silnou osobnost\u00ed. Lze si ho v\u00e1\u017eit pro jeho dr\u017een\u00ed slova,  by\u0165 s jeho n\u00e1zory velice \u010dasto souhlasit nelze. Je prototypem hulv\u00e1ta.<\/p>\n<p style=\"text-align: justify;\">Je to nevesel\u00e9 \u010dten\u00ed. M\u00e1 b\u00fdt prezidentem  exkomunista Fischer anebo exkomunista Zeman? \u010clov\u011bk, kter\u00fd pro jistotu  nic ned\u011bl\u00e1 nebo ten, kter\u00fd ka\u017ed\u00e9ho ur\u00e1\u017e\u00ed? Jednoro\u010dn\u00ed n\u00e1hodn\u00fd politik,  anebo zku\u0161en\u00fd matador z \u0159\u00ed\u0161e dinosaur\u016f?<\/p>\n<p style=\"text-align: justify;\">J\u00e1 tedy rozhodn\u011b nechci na postu  prezidenta \u010dlov\u011bka, kter\u00fd ob\u011btuje \u010ceskou republiku na \u00fakor mocensk\u00fdch  snah Bruselu ani \u010dlov\u011bka, kter\u00fd obrac\u00ed o\u010di v sloup a v koutku \u00fast se mu  objevuje nechutn\u00e1 \u017elut\u00e1 kuli\u010dka. Nechci ani za prezidenta \u010dlov\u011bka, kter\u00fd  kandiduje jen proto, \u017ee se nech\u00e1 zn\u00e1m\u00fdmi p\u0159emluvit k \u010demukoli ani  \u010dlov\u011bka, kter\u00fd si na rodnou zem vzpomene jen tehdy, kdy\u017e by mohl z\u00edskat  n\u011bjak\u00fd hezk\u00fd post.<\/p>\n<p style=\"text-align: justify;\">Nechci za prezidenta ani \u010dlov\u011bka, kter\u00fd  je produktem recese. M\u011bl by tam b\u00fdt \u010dlov\u011bk zku\u0161en\u00fd v politice (prezident  je dnes politik a ne jen bezv\u00fdznamn\u00fd klade\u010d v\u011bnc\u016f), m\u011bl by to b\u00fdt  \u010dlov\u011bk, kter\u00fd bude chr\u00e1nit \u010desk\u00e9 z\u00e1jmy, kter\u00fd nepoleze Bruselu do zadele  a kter\u00fd nebude m\u011bnit n\u00e1zory jako na obrtl\u00edku. To je m\u00e1 p\u0159edstava  prezidenta.<\/p>\n<p style=\"text-align: justify;\">Kdy\u017e se pod\u00edv\u00e1m na seznam kandid\u00e1t\u016f, tak  ani jeden nespl\u0148uje v\u0161echna m\u00e1 krit\u00e9ria. Pokud bych m\u011bl volit nejmen\u0161\u00ed  zlo, tak bych se musel velmi, velmi dlouho rozm\u00fd\u0161let (pravd\u011bpodobn\u011b  nep\u016fjdu volit v\u016fbec), ale jako nejmen\u0161\u00ed zlo mi p\u0159ijde d\u00e1t hlas panu  Jaklovi. Rozhodn\u011b lep\u0161\u00ed ne\u017e m\u00edt za prezidenta hulv\u00e1ta, vlezdobruselistu  anebo \u010dlov\u011bka, kter\u00fd pro jistotu ned\u011bl\u00e1 nic.<\/p>\n<p style=\"text-align: justify;\"><a href=\"http:\/\/polanecky.blog.idnes.cz\/c\/281563\/Prezidentske-panoptikum.html\" target=\"_blank\">Zdroj<\/a><\/p>\n","protected":false},"excerpt":{"rendered":"<p>Prvn\u00ed p\u0159\u00edm\u00e1 volba prezidenta se bl\u00ed\u017e\u00ed a mezi kandid\u00e1ty nelze nal\u00e9zt ani jedinou vhodnou osobu.<\/p>\n","protected":false},"author":1,"featured_media":0,"comment_status":"open","ping_status":"open","sticky":false,"template":"","format":"standard","meta":{"ngg_post_thumbnail":0,"footnotes":""},"categories":[17,11],"tags":[],"class_list":["post-2346","post","type-post","status-publish","format-standard","hentry","category-jakl-president","category-ozvena"],"_links":{"self":[{"href":"https:\/\/www.ladislavjakl.cz\/index.php?rest_route=\/wp\/v2\/posts\/2346","targetHints":{"allow":["GET"]}}],"collection":[{"href":"https:\/\/www.ladislavjakl.cz\/index.php?rest_route=\/wp\/v2\/posts"}],"about":[{"href":"https:\/\/www.ladislavjakl.cz\/index.php?rest_route=\/wp\/v2\/types\/post"}],"author":[{"embeddable":true,"href":"https:\/\/www.ladislavjakl.cz\/index.php?rest_route=\/wp\/v2\/users\/1"}],"replies":[{"embeddable":true,"href":"https:\/\/www.ladislavjakl.cz\/index.php?rest_route=%2Fwp%2Fv2%2Fcomments&post=2346"}],"version-history":[{"count":1,"href":"https:\/\/www.ladislavjakl.cz\/index.php?rest_route=\/wp\/v2\/posts\/2346\/revisions"}],"predecessor-version":[{"id":2347,"href":"https:\/\/www.ladislavjakl.cz\/index.php?rest_route=\/wp\/v2\/posts\/2346\/revisions\/2347"}],"wp:attachment":[{"href":"https:\/\/www.ladislavjakl.cz\/index.php?rest_route=%2Fwp%2Fv2%2Fmedia&parent=2346"}],"wp:term":[{"taxonomy":"category","embeddable":true,"href":"https:\/\/www.ladislavjakl.cz\/index.php?rest_route=%2Fwp%2Fv2%2Fcategories&post=2346"},{"taxonomy":"post_tag","embeddable":true,"href":"https:\/\/www.ladislavjakl.cz\/index.php?rest_route=%2Fwp%2Fv2%2Ftags&post=2346"}],"curies":[{"name":"wp","href":"https:\/\/api.w.org\/{rel}","templated":true}]}}