{"id":2348,"date":"2012-08-01T11:16:05","date_gmt":"2012-08-01T09:16:05","guid":{"rendered":"http:\/\/www.ladislavjakl.cz\/?p=2348"},"modified":"2012-08-01T11:16:05","modified_gmt":"2012-08-01T09:16:05","slug":"nekolik-poznamek-k-prezidentske-kampani","status":"publish","type":"post","link":"https:\/\/www.ladislavjakl.cz\/?p=2348","title":{"rendered":"N\u011bkolik pozn\u00e1mek k prezidentsk\u00e9 kampani"},"content":{"rendered":"<p>Kampa\u0148 k prezidentsk\u00fdm volb\u00e1m je u\u017e hezk\u00fdch p\u00e1r t\u00fddn\u016f v  pln\u00e9m proudu, t\u0159eba\u017ee ji zat\u00edm nikdo ofici\u00e1ln\u011b nevyhl\u00e1sil, odehr\u00e1v\u00e1 se  nen\u00e1padn\u011b, bez billboard\u016f nebo spot\u016f v televizi, a z\u010d\u00e1sti za oponou  politick\u00e9ho jevi\u0161t\u011b.<\/p>\n<p><!--more-->Manipulace ve\u0159ejn\u00fdm m\u00edn\u011bn\u00edm v\u0161ak ji\u017e nyn\u00ed nabrala  rychl\u00fdch obr\u00e1tek a nemine snad dne, aby se v renomovan\u00fdch m\u00e9di\u00edch, je\u017e  vytv\u00e1\u0159ej\u00ed ve\u0159ejn\u00fd n\u00e1zor, neobjevil p\u0159\u00edsp\u011bvek, jeho\u017e c\u00edlem je tak n\u011bjak  naladit publikum k &#8222;t\u00e9 spr\u00e1vn\u00e9&#8220; volb\u011b.<\/p>\n<p><a name=\"t2\"><\/a><\/p>\n<div>\n<p>Prohla\u0161ovan\u00e1 a na odiv  vystavovan\u00e1 p\u0159\u00edstupnost a spravedlnost p\u0159\u00edm\u00e9 volby, tak, jak byla  navr\u017eena, je velice diskutabiln\u00ed. V podstat\u011b zde budeme m\u00edt dv\u011b mno\u017einy  kandid\u00e1t\u016f &#8211; v prvn\u00ed budou pohodln\u011b usazeni kandid\u00e1ti politick\u00fdch stran,  kte\u0159\u00ed se v podstat\u011b nyn\u00ed nemusej\u00ed v\u016fbec sna\u017eit a vstup do voleb maj\u00ed  jist\u00fd, proto\u017ee jim sta\u010d\u00ed pouh\u00fdch dvacet hlas\u016f od poslanc\u016f nebo deset od  sen\u00e1tor\u016f. Druh\u00e1 mno\u017eina m\u00e1 za sebou podporu nem\u00e9n\u011b silnou, mo\u017en\u00e1 i  nepatrn\u011b siln\u011bj\u0161\u00ed: ve\u0159ejnopr\u00e1vn\u00ed m\u00e9dia a jejich kamar\u00e1dy. Do t\u00e9to  skupiny lze u\u017e dnes, t\u0159eba\u017ee nemaj\u00ed t\u011bch k\u00fd\u017een\u00fdch 50 tis\u00edc hlas\u016f,  za\u0159adit Jana Fischera nebo Vladim\u00edra Dlouh\u00e9ho. Dokonce i Jan \u0160vejnar,  t\u0159eba\u017ee se ve sv\u00e9 pov\u011bstn\u00e9 nerozhodnosti je\u0161t\u011b nedok\u00e1zal rozhoupat a  kandidaturu potvrdit, se vyh\u0159\u00edv\u00e1 na v\u00fdslun\u00ed medi\u00e1ln\u00edho z\u00e1jmu.<\/p>\n<p>Vedle toho m\u00e9dia piln\u011b pracuj\u00ed na tom, aby zmaten\u00fd voli\u010d p\u0159i\u0161el do  volebn\u00ed m\u00edstnosti s co mo\u017en\u00e1 nejpr\u00e1zdn\u011bj\u0161\u00ed hlavou. Jak jinak lze ch\u00e1pat  zapojen\u00ed celebrit a kulturn\u00edch \u010di intelektu\u00e1ln\u00edch autorit do prob\u00edhaj\u00edc\u00ed  kampan\u011b? Co asi z\u016fstane v hlav\u011b \u010dten\u00e1\u0159e, kter\u00fd si jednoho dne p\u0159e\u010dte,  koho by vybraly za prezidenta tzv. osobnosti, jejich\u017e n\u00e1zory se v anket\u011b  slij\u00ed v jak\u00e9si obrovsk\u00e9 nic, kter\u00e9 dokonale paralyzuje \u010dten\u00e1\u0159ovu ochotu  p\u0159em\u00fd\u0161let, a jemu\u017e v\u00e9vod\u00ed v\u00fdrok profesion\u00e1ln\u00ed feministky Olgy  Sommerov\u00e9, \u017ee na post prezidenta (tedy vlastn\u011b prezidentky) by m\u011bla  usednout Eli\u0161ka Wagnerov\u00e1, proto\u017ee m\u00e1, d\u00edky tomu, \u017ee je \u017eena, zdrav\u00fd  rozum. Co z\u016fstane v hlav\u011b \u010dten\u00e1\u0159e, jen\u017e si u odpoledn\u00ed k\u00e1vy p\u0159e\u010dte  rozhovor na politick\u00e9 t\u00e9ma s hudebn\u00edkem Davidem Kollerem, kter\u00fd si  p\u0159edev\u0161\u00edm \u0159\u00e1dn\u011b kopne do V\u00e1clava Klause, co\u017e d\u011bl\u00e1 sice kdejak\u00fd trumbera,  ale dopust\u00ed-li se toho uzn\u00e1van\u00e1 celebrita, reaguje na to ve\u0159ejnost  spikleneck\u00fdm \u00fasm\u011bvem.<\/p>\n<p>Z postoje m\u00e9di\u00ed je to nanejv\u00fd\u0161 jasn\u00e9: nehled\u00e1me jen oby\u010dejn\u00e9ho  prezidenta republiky, ve skute\u010dnosti hled\u00e1me p\u0159edev\u0161\u00edm anti-Klause.  N\u011bkoho, kdo poslu\u0161n\u011b ud\u011bl\u00e1 posledn\u00ed tlustou \u010d\u00e1ru za v\u00edcem\u00e9n\u011b svobodn\u00fdmi a  tr\u017en\u00edmi 90. l\u00e9ty, p\u0159estane provokovat ve\u0159ejnost drz\u00fdm lp\u011bn\u00edm na  intelektu\u00e1ln\u00ed \u00farovni politick\u00e9ho soupe\u0159en\u00ed, p\u0159estane n\u00e1m (nebo sp\u00ed\u0161 jim)  p\u0159ed pokrokov\u00fdm sv\u011btem d\u011blat &#8222;ostudu&#8220; odm\u00edt\u00e1n\u00edm nov\u00fdch forem  levi\u010d\u00e1ck\u00e9ho totalit\u00e1\u0159stv\u00ed, a hlavn\u011b n\u00e1s jednou prov\u017edy, definitivn\u011b a  bez rept\u00e1n\u00ed schov\u00e1 pod bezpe\u010dn\u00e1 k\u0159\u00eddla bruselsk\u00fdch byrokrat\u016f. Jak  nejl\u00e9pe shrnout takov\u00e9ho vysn\u011bn\u00e9ho kandid\u00e1ta? Jednodu\u0161e: jako \u010dlov\u011bka  n\u00e1zorov\u011b flexibiln\u00edho, ohebn\u00e9ho, nekonfliktn\u00edho, \u0161ediv\u00e9ho. Kdo z  kandid\u00e1t\u016f takov\u00e9 charakteristice nejl\u00e9pe odpov\u00edd\u00e1? Mysl\u00edm, \u017ee net\u0159eba  napov\u00eddat &#8211; p\u0159\u00edze\u0148 m\u00e9di\u00ed napov\u00ed dostate\u010dn\u011b.<\/p>\n<p>Jestli\u017ee se tedy na ony dv\u011b mno\u017einy pod\u00edv\u00e1me pozorn\u011bji, co vlastn\u011b  spat\u0159\u00edme? Dva fleky vykreslen\u00e9 naprosto stejn\u00fdm odst\u00ednem \u0161edi, je\u017e se  nakonec slij\u00ed v jednu homogenn\u00ed plochu, na n\u00ed\u017e bude z\u00edrat ospal\u00fd a  znud\u011bn\u00fd voli\u010d se slovy &#8222;J\u00e1 si nem\u016f\u017eu vybrat!&#8220; \u017d\u00e1dn\u00e9 jasn\u011b a sebejist\u011b  formulovan\u00e9 postoje, \u017e\u00e1dn\u00e9 my\u0161lenky, jen fr\u00e1ze, \u010dasto navz\u00e1jem si  odporuj\u00edc\u00ed, snaha nikoho si nerozhn\u011bvat, hlavn\u011b Evropskou unii ne &#8211; to  v\u0161echno vysko\u010d\u00ed na \u010desk\u00e9ho voli\u010de z ob\u00e1lky s volebn\u00edmi l\u00edstky.<\/p>\n<p>Dal\u0161\u00ed, neur\u010dit\u00e1 a neviditeln\u00e1, ale o pozn\u00e1n\u00ed zaj\u00edmav\u011bj\u0161\u00ed mno\u017eina  kandid\u00e1t\u016f, m\u00e1 roli nesrovnateln\u011b slo\u017eit\u011bj\u0161\u00ed. Sice se na prvn\u00ed pohled  zd\u00e1, \u017ee ona kv\u00f3ta 50 tis\u00edc podpis\u016f je docela rozumn\u00e1, proto\u017ee p\u0159ece nen\u00ed  mo\u017en\u00e9, aby do prezidentsk\u00e9 volby mohl j\u00edt jen tak n\u011bkdo &#8211; ale na druhou  stranu, pro\u010d vlastn\u011b ne? Podpora se p\u0159ece jasn\u011b uk\u00e1\u017ee u\u017e v prvn\u00edm kole  voleb, kter\u00e9 jsou, narozd\u00edl od petice, skute\u010dn\u011b demokratick\u00e9 (a\u0165 u\u017e si o  sou\u010dasn\u00e9m stavu a v\u016fbec v\u00fdznamu demokracie mysl\u00edme cokoliv). Nutnost  zajistit si podporu a pr\u00e1vo st\u00e1t se kandid\u00e1tem je t\u0159eba ch\u00e1pat jako  jedno z kol p\u0159\u00edm\u00e9 volby, jak\u00e9si nult\u00e9 kolo, d\u016fle\u017eit\u00e9 stejn\u011b jako kola  n\u00e1sleduj\u00edc\u00ed, ofici\u00e1ln\u00ed. Je tady v\u0161ak z\u00e1drhel. Zat\u00edmco u skute\u010dn\u00e9 volby  je zaji\u0161t\u011bna anonymita voli\u010de, v\u0161e je mu naserv\u00edrov\u00e1no a\u017e pod nos, a on  nakonec, ur\u00e1\u010d\u00ed-li se v\u016fbec milostiv\u011b p\u0159ij\u00edt do volebn\u00ed m\u00edstnosti, jen  hod\u00ed l\u00edstek do urny, petice anonymitu volby pop\u00edr\u00e1. V\u016fle podepsat petici  je samoz\u0159ejm\u011b men\u0161\u00ed, ne\u017e hlasovat v regul\u00e9rn\u00edm kole voleb.<\/p>\n<p>Pokud je anonymita jedn\u00edm z hlavn\u00edch atribut\u016f demokratick\u00e9 volby, pak  p\u0159\u00edm\u00e1 volba prezidenta, tak, jak je nyn\u00ed koncipov\u00e1na, nen\u00ed  demokratick\u00e1. A nen\u00ed ani spravedliv\u00e1, proto\u017ee zde existuje skupina  kandid\u00e1t\u016f, kter\u00e1 je martyria sb\u011bru podpis\u016f u\u0161et\u0159ena.<\/p>\n<p>Osobn\u011b jsem za t\u00e9to situace z principu ochotn\u00fd podepsat petici za  kandidaturu naprosto ka\u017ed\u00e9mu, v\u010detn\u011b kandid\u00e1t\u016f, kter\u00e9 p\u0159\u00edmo bytostn\u011b  nesn\u00e1\u0161\u00edm a nikdy bych je za prezidenta nevolil, a\u0165 u\u017e je to t\u0159eba  d\u00e9monizovan\u00fd v\u016fdce d\u011bln\u00edk\u016f Tom\u00e1\u0161 Vandas nebo uk\u00e1zkov\u00fd p\u0159\u00edklad toho  nejodporn\u011bj\u0161\u00edho salonn\u00edho levi\u010d\u00e1ctv\u00ed, here\u010dka T\u00e1\u0148a Fischerov\u00e1. Zat\u00edm,  kdy\u017e tedy nepo\u010d\u00edt\u00e1m Ladislava Jakla, jeho\u017e pova\u017euji za jedin\u00e9ho mo\u017en\u00e9ho  kandid\u00e1ta, kv\u016fli kter\u00e9mu jsem ochotn\u00fd v\u016fbec do volebn\u00ed m\u00edstnosti p\u0159ij\u00edt,  jsem m\u011bl tu \u010dest podepsat petici za kandidaturu Jana Fischera. Volit ho  samoz\u0159ejm\u011b nebudu. Od lid\u00ed, kte\u0159\u00ed maj\u00ed alespo\u0148 element\u00e1rn\u00ed smysl pro  spravedlnost a fair play, bych \u010dekal podobn\u00fd p\u0159\u00edstup &#8211; podpis petice  proto, aby byla volba skute\u010dn\u011b svobodn\u00e1. Jestli\u017ee m\u00e1 b\u00fdt volebn\u00ed kampa\u0148  soubojem n\u00e1zor\u016f, \u010demu pom\u016f\u017ee, budou-li proti sob\u011b v televizn\u00edch  diskuz\u00edch st\u00e1t \u0161ediv\u00ed pan\u00e1ci, kte\u0159\u00ed si sice budou m\u011bkce oponovat v  jednotlivostech, ale fundament\u00e1ln\u011b budou zam\u011bniteln\u00ed a nevypadne z nich  ani jeden kategorick\u00e9 stanovisko?<\/p>\n<p>Neodpov\u00edd\u00e1 \u0161edivost &#8222;t\u011bch spr\u00e1vn\u00fdch&#8220; kandid\u00e1t\u016f tak trochu \u0161edivosti  pr\u016fm\u011brn\u00e9ho voli\u010de? Nen\u00ed ohebnost P\u0159emysla Sobotky, bezn\u00e1zorov\u00e1  sn\u00e1\u0161enlivost Jana Fischera, nerozhodnost Jana \u0160vejnara nebo naivn\u00ed,  dobrotiv\u00e1 hloupost T\u00e1ni Fischerov\u00e9 odrazem stejn\u00fdch \u0161patn\u00fdch vlastnost\u00ed,  je\u017e se snoub\u00ed ve v\u011bt\u0161in\u011b lid\u00ed? Ka\u017ed\u00fd n\u00e1rod m\u00e1 skute\u010dn\u011b takovou vl\u00e1du,  jakou si zaslou\u017e\u00ed, a nem\u00e9n\u011b pravdiv\u011b bude tento v\u00fdrok vypov\u00eddat o  kandid\u00e1tech, kte\u0159\u00ed se utkaj\u00ed v prezidentsk\u00e9 volb\u011b a nakonec i o tom, kdo  na Hrad\u011b usedne. Jestli\u017ee se lid\u00e9 pot\u00e1cej\u00ed ve stavu naprost\u00e9ho  konceptu\u00e1ln\u00edho chaosu a n\u00e1zorov\u00e9 disintegrace, nedok\u00e1\u017e\u00ed zast\u00e1vat, nato\u017e  formulovat, \u017e\u00e1dn\u00e9 dlouhodob\u00e9 postoje, a jejich \u017eivot se skl\u00e1d\u00e1 ze s\u00e9rie  nesouvisej\u00edc\u00edch, od sebe odd\u011blen\u00fdch v\u00fdrok\u016f a \u010din\u016f, nem\u016f\u017ee b\u00fdt v\u00fdsledkem  volby nikdo kvalitn\u011bj\u0161\u00ed, ne\u017e jsou oni sami.<\/p>\n<p>Kandid\u00e1ti bez \u017eivota, jejich stejn\u011b m\u00e1to\u017en\u00ed p\u0159\u00edznivci, a nakonec  znud\u011bn\u00ed a naprosto pasivn\u00ed voli\u010di&#8230; M\u011bl jsem to \u0161kodolib\u00e9 pot\u011b\u0161en\u00ed  vyzpov\u00eddat jen tak zlehka dobrovoln\u00edky, kte\u0159\u00ed obch\u00e1zeli berounsk\u00e9  n\u00e1m\u011bst\u00ed a sb\u00edrali podpisy pro Jana Fischera. Pro\u010d by m\u011bl b\u00fdt pan Fischer  prezidentem, ptal jsem se. Odpov\u011bd\u00ed mi bylo v\u00e1gn\u00ed tvrzen\u00ed, \u017ee pan  Fischer je slu\u0161n\u00fd \u010dlov\u011bk, m\u00e1 renom\u00e9 ve sv\u011bt\u011b, proto\u017ee je viceprezidentem  Evropsk\u00e9 banky pro obnovu a rozvoj, a hlavn\u011b obhajuje lidsk\u00e1 pr\u00e1va  (sic!). Jak\u00e9 m\u00e1 n\u00e1zory, jak obhajuje lidsk\u00e1 pr\u00e1va a co kdy pro n\u011b  ud\u011blal, jsem se nedozv\u011bd\u011bl, a na definici pojmu lidsk\u00e1 pr\u00e1va jsem se  rad\u011bji ani neodv\u00e1\u017eil zeptat. Jak\u00fd kandid\u00e1t, takov\u00ed dobrovoln\u00edci.  Dovoluji si odhadovat, \u017ee s p\u0159\u00edznivci P\u0159emysla Sobotky, Jana \u0160vejnara,  Ji\u0159\u00edho Dienstbiera a dal\u0161\u00edch to nebude o moc lep\u0161\u00ed. Ani to b\u00fdt lep\u0161\u00ed  nem\u016f\u017ee &#8211; jestli\u017ee kandid\u00e1t nem\u00e1 \u017e\u00e1dn\u00e9 postoje, a je, takzvan\u011b, n\u00e1zorov\u011b  pru\u017en\u00fd, o \u010dem asi tak maj\u00ed jeho p\u0159\u00edznivci vykl\u00e1dat? Nezb\u00fdv\u00e1 jim ne\u017e  nab\u00eddnout v\u00edce \u010di m\u00e9n\u011b mizern\u011b vyveden\u00fd let\u00e1k s n\u011bkolika ot\u0159epan\u00fdmi  fr\u00e1zemi, a diskuzi je konec.<\/p>\n<p>T\u011b\u0161\u00ed m\u011b, \u017ee jeden z kandid\u00e1t\u016f, Ladislav Jakl, navr\u017een\u00fd Stranou  svobodn\u00fdch ob\u010dan\u016f a pat\u0159\u00edc\u00ed do mno\u017einy kandid\u00e1t\u016f, kter\u00e1 mus\u00ed proj\u00edt  nedemokratick\u00fdm a nespravedliv\u00fdm procesem sb\u011bru podpis\u016f, ani\u017e by za  sebou m\u011bl mocnou medi\u00e1ln\u00ed lobby, je v tomto v\u00fdjimkou. Nejen \u017ee on s\u00e1m m\u00e1  velice vyhran\u011bn\u00e9 n\u00e1zory, navz\u00e1jem propojen\u00e9 do logick\u00e9ho celku, jen\u017e by  se dal ideov\u011b za\u0159adit n\u011bkam na pomez\u00ed konzervatismu a libertari\u00e1nstv\u00ed  (co\u017e sice nen\u00ed zdaleka ide\u00e1ln\u00ed, ale zapla\u0165 p\u00e1nb\u016fh alespo\u0148 za to), ale i  jeho p\u0159\u00edznivci jsou schopni vylo\u017eit, co Ladislav Jakl zast\u00e1v\u00e1 a pro\u010d by  pr\u00e1v\u011b on m\u011bl b\u00fdt t\u00edm prav\u00fdm kandid\u00e1tem.<\/p>\n<p>Tu a tam se objev\u00ed n\u00e1zor, \u017ee Ladislav Jakl je takov\u00fdm \u010desk\u00fdm Ronem  Paulem. To je pon\u011bkud nadnesen\u00e9, ale pokud porovn\u00e1me americk\u00e9  libertari\u00e1nstv\u00ed, s jeho hlubokou my\u0161lenkovou z\u00e1kladnou a tradic\u00ed, s  na\u0161\u00edm mal\u00fdm, \u010desk\u00fdm libertari\u00e1nstv\u00edm, kter\u00e9 je zat\u00edm v plenk\u00e1ch, je to  p\u0159\u00edm\u011br docela p\u0159ijateln\u00fd. Stejn\u011b jako Ron Paul m\u016f\u017ee i Ladislav Jakl,  dostane-li k tomu prostor, vyu\u017e\u00edt p\u0159\u00edle\u017eitost a p\u0159ibl\u00ed\u017eit ve\u0159ejnosti, co  je to vlastn\u011b ta svoboda a pro\u010d bychom o ni m\u011bli usilovat. Pokud se  toho chop\u00ed, mus\u00ed b\u00fdt p\u0159ipraven hr\u00e1t roli \u010desk\u00e9ho Rona Paula nejen v t\u00e9to  jedn\u00e9 prezidentsk\u00e9 kampani, z n\u00ed\u017e patrn\u011b bohu\u017eel nevyjde jako v\u00edt\u011bz,  ale i v t\u00e9 p\u0159\u00ed\u0161t\u00ed. A p\u0159\u00ed\u0161t\u00ed. A dal\u0161\u00ed.<\/p>\n<p>Co napsat na z\u00e1v\u011br? Kampa\u0148 je zat\u00edm st\u00e1le na sv\u00e9m za\u010d\u00e1tku a m\u00e9dia  je\u0161t\u011b maj\u00ed spoustu \u010dasu, jak voli\u010de jaksepat\u0159\u00ed zpracovat. Zat\u00edm zde mohu  jen poprosit o podpis petic\u00ed pro co nejv\u00edc kandid\u00e1t\u016f, zejm\u00e9na pro ty  p\u0159ehl\u00ed\u017een\u00e9 a opom\u00edjen\u00e9. A\u0165 jsou ty volby alespo\u0148 trochu zaj\u00edmav\u00e9\u00a0 a  nep\u0159ipom\u00ednaj\u00ed kandid\u00e1tn\u00ed listinu N\u00e1rodn\u00ed fronty z doby snad u\u017e d\u00e1vno  minul\u00e9.<\/p>\n<p><a href=\"http:\/\/zalom.blog.idnes.cz\/c\/281522\/Nekolik-poznamek-k-prezidentske-kampani.html\" target=\"_blank\">Zdroj<\/a><\/div>\n","protected":false},"excerpt":{"rendered":"<p>Kampa\u0148 k prezidentsk\u00fdm volb\u00e1m je u\u017e hezk\u00fdch p\u00e1r t\u00fddn\u016f v pln\u00e9m proudu, t\u0159eba\u017ee ji zat\u00edm nikdo ofici\u00e1ln\u011b nevyhl\u00e1sil, odehr\u00e1v\u00e1 se nen\u00e1padn\u011b, bez billboard\u016f nebo spot\u016f v televizi, a z\u010d\u00e1sti za oponou politick\u00e9ho jevi\u0161t\u011b.<\/p>\n","protected":false},"author":1,"featured_media":0,"comment_status":"open","ping_status":"open","sticky":false,"template":"","format":"standard","meta":{"ngg_post_thumbnail":0,"footnotes":""},"categories":[17,11],"tags":[],"class_list":["post-2348","post","type-post","status-publish","format-standard","hentry","category-jakl-president","category-ozvena"],"_links":{"self":[{"href":"https:\/\/www.ladislavjakl.cz\/index.php?rest_route=\/wp\/v2\/posts\/2348","targetHints":{"allow":["GET"]}}],"collection":[{"href":"https:\/\/www.ladislavjakl.cz\/index.php?rest_route=\/wp\/v2\/posts"}],"about":[{"href":"https:\/\/www.ladislavjakl.cz\/index.php?rest_route=\/wp\/v2\/types\/post"}],"author":[{"embeddable":true,"href":"https:\/\/www.ladislavjakl.cz\/index.php?rest_route=\/wp\/v2\/users\/1"}],"replies":[{"embeddable":true,"href":"https:\/\/www.ladislavjakl.cz\/index.php?rest_route=%2Fwp%2Fv2%2Fcomments&post=2348"}],"version-history":[{"count":1,"href":"https:\/\/www.ladislavjakl.cz\/index.php?rest_route=\/wp\/v2\/posts\/2348\/revisions"}],"predecessor-version":[{"id":2349,"href":"https:\/\/www.ladislavjakl.cz\/index.php?rest_route=\/wp\/v2\/posts\/2348\/revisions\/2349"}],"wp:attachment":[{"href":"https:\/\/www.ladislavjakl.cz\/index.php?rest_route=%2Fwp%2Fv2%2Fmedia&parent=2348"}],"wp:term":[{"taxonomy":"category","embeddable":true,"href":"https:\/\/www.ladislavjakl.cz\/index.php?rest_route=%2Fwp%2Fv2%2Fcategories&post=2348"},{"taxonomy":"post_tag","embeddable":true,"href":"https:\/\/www.ladislavjakl.cz\/index.php?rest_route=%2Fwp%2Fv2%2Ftags&post=2348"}],"curies":[{"name":"wp","href":"https:\/\/api.w.org\/{rel}","templated":true}]}}