{"id":2350,"date":"2012-08-01T11:17:24","date_gmt":"2012-08-01T09:17:24","guid":{"rendered":"http:\/\/www.ladislavjakl.cz\/?p=2350"},"modified":"2012-08-01T11:17:24","modified_gmt":"2012-08-01T09:17:24","slug":"prima-volba-by-nemela-byt-o-penezich","status":"publish","type":"post","link":"https:\/\/www.ladislavjakl.cz\/?p=2350","title":{"rendered":"P\u0159\u00edm\u00e1 volba by nem\u011bla b\u00fdt o pen\u011bz\u00edch"},"content":{"rendered":"<p>Prezidentsk\u00e9 volby jsou sice je\u0161t\u011b daleko, ale vybran\u00ed kandid\u00e1ti jednotliv\u00fdch politick\u00fdch stran za\u010d\u00ednaj\u00ed b\u00fdt u\u017e v\u00a0akci.<\/p>\n<p><!--more--><\/p>\n<p>Byl jsem proti p\u0159\u00edm\u00e9  volb\u011b, proto\u017ee m\u00e1m r\u00e1d, kdy\u017e se \u0159e\u0161\u00ed v\u011bci postupn\u011b. P\u0159\u00edm\u00e1 volba  prezidenta pat\u0159\u00ed v\u00a0tomto \u010dase mezi to posledn\u00ed co by \u010cesk\u00e9 republice  prosp\u011blo. Je to v podstat\u011b jenom technick\u00e1 z\u00e1le\u017eitost.<\/p>\n<p>M\u00e1me mnoho z\u00e1kon\u016f, kter\u00e9 nejsou v\u00a0po\u0159\u00e1dku &#8211; a hlavn\u011b po\u0159\u00e1d se m\u011bn\u00ed a p\u0159ib\u00fdvaj\u00ed. To nen\u00ed dobr\u00e9.<\/p>\n<p>Sliby politick\u00fdch stran nemaj\u00ed v\u016fbec \u017e\u00e1dnou hodnotu (v\u00e1hu). To tak\u00e9 nen\u00ed dobr\u00e9.<\/p>\n<p>M\u00edsto toho, abychom jsme se pou\u010dili z\u00a0dob Komunistick\u00e9ho re\u017eimu, tak  ze\u0161t\u00edhlen\u00ed st\u00e1tn\u00edho apar\u00e1tu a minim\u00e1ln\u00ed z\u00e1sahy do \u017eivota ob\u010dan\u016f je pouze  t\u00e9ma pro sn\u00edlky. To je velmi \u0161patn\u011b.<\/p>\n<p>Sna\u017e\u00edme se b\u00fdt soudr\u017en\u00ed se spolkem jm\u00e9nem EU, v\u00a0kter\u00e9m p\u0159evl\u00e1daj\u00ed  socialistick\u00e9 man\u00fdry. V\u00a0dob\u011b, kdy u\u017e by to m\u011blo b\u00fdt politick\u00fdm stran\u00e1m  jasn\u00e9, tak d\u011blaj\u00ed p\u0159esn\u00fd opak. O skute\u010dn\u00fdch probl\u00e9mech v\u00a0okol\u00ed vl\u00e1dy se  moc nemluv\u00ed, ale hlavn\u011b, \u017ee se po\u0159\u00e1d zab\u00fdvaj\u00ed trivi\u00e1ln\u00edmi t\u00e9maty, nap\u0159.:  zda-li vydat \u010di nevydat n\u011bjak\u00e9 poslance &#8211; nebo se velmi sna\u017eiv\u011b  zab\u00fdvaj\u00ed \u010derp\u00e1n\u00edm z fondu\u00a0EU. &#8211; O tom, \u017ee pos\u00edl\u00e1n\u00ed pen\u011bz do Bruselu je  v\u00a0j\u00e1dru v\u011bci prost\u011b \u0161patn\u011b, se nikdo z\u00a0vl\u00e1dn\u00edch stran nezm\u00edn\u00ed. No, je  toho v\u00edce.<\/p>\n<p>Ale pozor, m\u00e1me mo\u017enost\u00a0prezidenta \u010cesk\u00e9 republiky volit p\u0159\u00edmo.<\/p>\n<p>I kdy\u017e mne p\u0159\u00edm\u00e1 volba moc v\u00a0t\u00e9to dob\u011b nesed\u00ed, tak jsem tomu r\u00e1d z\u00a0toho d\u016fvodu, \u017ee mohu alespo\u0148 tro\u0161ku n\u011bco ovlivnit.<\/p>\n<p>Nyn\u00ed u\u017e je mnoho kandid\u00e1t\u016f na post prezidenta \u010cR zn\u00e1mo, sb\u00edraj\u00ed podpisy a za\u010dnou rozj\u00ed\u017ed\u011bt kampan\u011b.<\/p>\n<p>Sou\u010dasn\u00fd prezident V\u00e1clav Klaus to nem\u00e1 p\u0159\u00edli\u0161 jednoduch\u00e9. S\u00e1m se  toti\u017e nechal v\u00a0jednom televizn\u00edm po\u0159adu sly\u0161et, \u017ee podle sv\u00e9ho  p\u0159esv\u011bd\u010den\u00ed by nepodepsal tak\u0159ka nic. To je jenom tak pro dopln\u011bn\u00ed,  proto\u017ee na tomto prohl\u00e1\u0161en\u00ed jasn\u011b vid\u00edme, \u017ee si prezident nem\u016f\u017ee d\u011blat  co chce \u2013 a hlavn\u011b v\u00a0z\u00e1jmu prezidenta je (n\u011bjak\u00e9) fungov\u00e1n\u00ed vl\u00e1dy, ne  chaos.<\/p>\n<p>J\u00e1 u\u017e jsem si sv\u00e9ho favorita\u00a0vybral, ale p\u0159esto se o jin\u00e9 kandid\u00e1ty, ne p\u0159\u00edli\u0161 horliv\u011b, zaj\u00edm\u00e1m.<\/p>\n<p>Nejv\u00edce mne zaujal, jako\u017eto \u017ehav\u00fd kandid\u00e1t, popul\u00e1rn\u00ed politik  devades\u00e1t\u00fdch let a b\u00fdval\u00fd komunista Vladim\u00edr Dlouh\u00fd, kter\u00fd si spletl  politiku se sportem, i kdy\u017e vlastn\u011b politika tak trochu sportem je. Asi  je pro n\u011bj p\u0159\u00edli\u0161 brzy vyjad\u0159ovat sv\u00e9 n\u00e1zory k\u00a0d\u016fle\u017eit\u00fdm t\u00e9mat\u016fm p\u0159i  sb\u00edr\u00e1n\u00ed podpis\u016f. Odkaz: <a href=\"http:\/\/zpravy.idnes.cz\/vladimir-dlouhy-kandiduje-na-prezidenta-fdk-\/domaci.aspx?c=A120718_162407_domaci_abr\">http:\/\/zpravy.idnes.cz\/vladimir-dlouhy-kandiduje-na-prezidenta-fdk-\/domaci.aspx?c=A120718_162407_domaci_abr<\/a><\/p>\n<p>Jeden z\u00a0nejobl\u00edben\u011bj\u0161\u00edch je b\u00fdval\u00fd premi\u00e9r Jan Fischer. Nev\u00edm co bych  zvl\u00e1\u0161tn\u00edho o tomto politikovi napsal. Podle mne je to politik, kter\u00fd  pat\u0159\u00ed do proudu sou\u010dasn\u00e9 vrcholov\u00e9 politick\u00e9 sc\u00e9ny, tedy kandid\u00e1t  nevybo\u010duj\u00edc\u00ed z\u00a0\u0159ad politik\u016f, kte\u0159\u00ed na\u0161\u00ed zemi vedou. V\u00a0souvislosti  s\u00a0panem Fischerem bych jenom cht\u011bl dodat, \u017ee nerad sly\u0161\u00edm o velk\u00fdch  \u010d\u00e1stk\u00e1ch na kampan\u011b. Je sice p\u011bkn\u00e9, kdy\u017e pan b\u00fdval\u00fd premi\u00e9r nebude  pou\u017e\u00edvat st\u00e1tn\u00ed pen\u00edze, ale mno\u017estv\u00ed pen\u011bz pou\u017eit\u00e9 na kampa\u0148 by nem\u011bly  hr\u00e1t d\u016fle\u017eitou roli v\u00a0politick\u00e9m utk\u00e1n\u00ed. V\u00a0politick\u00e9m boji by se m\u011blo  jednat hlavn\u011b o ideje a my\u0161lenky. Jakou m\u00e1 pan Fischer a mnoho dal\u0161\u00edch  kandid\u00e1t\u016f politickou filosofii mi nen\u00ed zn\u00e1mo. Odkaz: <a href=\"http:\/\/zpravy.idnes.cz\/fischera-sponzoruje-chrenek-dgq-\/domaci.aspx?c=A120727_171550_domaci_brm\">http:\/\/zpravy.idnes.cz\/fischera-sponzoruje-chrenek-dgq-\/domaci.aspx?c=A120727_171550_domaci_brm<\/a> a <a href=\"http:\/\/zpravy.ihned.cz\/politika\/c1-56783950-miliardar-chrenek-dal-fischerovi-na-kampan-devet-milionu-vazim-si-toho-rika-expremier\">http:\/\/zpravy.ihned.cz\/politika\/c1-56783950-miliardar-chrenek-dal-fischerovi-na-kampan-devet-milionu-vazim-si-toho-rika-expremier<\/a><\/p>\n<p>Tak a te\u010f kone\u010dn\u011b p\u00e1r slov k kandid\u00e1tovi Ladislavu Jaklovi za Stranu svobodn\u00fdch ob\u010dan\u016f:<\/p>\n<p>Ladislav Jakl je prav\u00fd opak v\u0161ech (pro mne zn\u00e1m\u00fdch) kandid\u00e1t\u016f. Jak u\u017e  jsem nazna\u010dil v\u00fd\u0161e, tak prezident nem\u016f\u017ee d\u011blat \u017e\u00e1dn\u00e9 z\u00e1zraky. P\u0159esto  m\u00e1m radost, \u017ee existuje n\u011bkdo, pro koho svoboda a nez\u00e1vislost nejsou  ciz\u00edmi slovy. Dal\u0161\u00ed euroskeptick\u00fd prezident je naprosto pro sou\u010dasn\u00e9  sm\u011b\u0159ov\u00e1n\u00ed Evropsk\u00e9 unie nevhodn\u00fd, a pr\u00e1v\u011b proto je podle m\u00e9ho n\u00e1zoru  p\u0159\u00edmo ide\u00e1ln\u00ed. To co hlavn\u00ed p\u0159edstavitel\u00e9 EU necht\u011bj\u00ed sly\u0161et, by m\u011blo \u2026  R\u00e1d bych toti\u017e cht\u011bl m\u00edt prezidenta, kter\u00fd dok\u00e1\u017ee samostatn\u011b p\u0159em\u00fd\u0161let a  s vkusem svobodn\u011b vyjad\u0159ovat sv\u00e9 n\u00e1zory. Opravdu bych necht\u011bl loutku,  kter\u00e1 hned bez p\u0159em\u00fd\u0161len\u00ed\u00a0p\u0159ik\u00fdvne na v\u0161echny p\u0159ichystatn\u00e9 Bruselsk\u00e9  pl\u00e1ny.<\/p>\n<p><a href=\"http:\/\/hlinomaz.blog.idnes.cz\/c\/281292\/Prima-volba-by-nemela-byt-o-penezich.html\" target=\"_blank\">Zdroj<\/a><\/p>\n","protected":false},"excerpt":{"rendered":"<p>Prezidentsk\u00e9 volby jsou sice je\u0161t\u011b daleko, ale vybran\u00ed kandid\u00e1ti jednotliv\u00fdch politick\u00fdch stran za\u010d\u00ednaj\u00ed b\u00fdt u\u017e v\u00a0akci.<\/p>\n","protected":false},"author":1,"featured_media":0,"comment_status":"open","ping_status":"open","sticky":false,"template":"","format":"standard","meta":{"ngg_post_thumbnail":0,"footnotes":""},"categories":[17,11],"tags":[],"class_list":["post-2350","post","type-post","status-publish","format-standard","hentry","category-jakl-president","category-ozvena"],"_links":{"self":[{"href":"https:\/\/www.ladislavjakl.cz\/index.php?rest_route=\/wp\/v2\/posts\/2350","targetHints":{"allow":["GET"]}}],"collection":[{"href":"https:\/\/www.ladislavjakl.cz\/index.php?rest_route=\/wp\/v2\/posts"}],"about":[{"href":"https:\/\/www.ladislavjakl.cz\/index.php?rest_route=\/wp\/v2\/types\/post"}],"author":[{"embeddable":true,"href":"https:\/\/www.ladislavjakl.cz\/index.php?rest_route=\/wp\/v2\/users\/1"}],"replies":[{"embeddable":true,"href":"https:\/\/www.ladislavjakl.cz\/index.php?rest_route=%2Fwp%2Fv2%2Fcomments&post=2350"}],"version-history":[{"count":2,"href":"https:\/\/www.ladislavjakl.cz\/index.php?rest_route=\/wp\/v2\/posts\/2350\/revisions"}],"predecessor-version":[{"id":2352,"href":"https:\/\/www.ladislavjakl.cz\/index.php?rest_route=\/wp\/v2\/posts\/2350\/revisions\/2352"}],"wp:attachment":[{"href":"https:\/\/www.ladislavjakl.cz\/index.php?rest_route=%2Fwp%2Fv2%2Fmedia&parent=2350"}],"wp:term":[{"taxonomy":"category","embeddable":true,"href":"https:\/\/www.ladislavjakl.cz\/index.php?rest_route=%2Fwp%2Fv2%2Fcategories&post=2350"},{"taxonomy":"post_tag","embeddable":true,"href":"https:\/\/www.ladislavjakl.cz\/index.php?rest_route=%2Fwp%2Fv2%2Ftags&post=2350"}],"curies":[{"name":"wp","href":"https:\/\/api.w.org\/{rel}","templated":true}]}}