{"id":2353,"date":"2012-08-02T16:08:16","date_gmt":"2012-08-02T14:08:16","guid":{"rendered":"http:\/\/www.ladislavjakl.cz\/?p=2353"},"modified":"2012-08-02T17:45:42","modified_gmt":"2012-08-02T15:45:42","slug":"lukas-jelinek-lze","status":"publish","type":"post","link":"https:\/\/www.ladislavjakl.cz\/?p=2353","title":{"rendered":"Luk\u00e1\u0161 Jel\u00ednek l\u017ee"},"content":{"rendered":"<p>Pane Luk\u00e1\u0161i Jel\u00ednku,<\/p>\n<p>nekorektn\u00edch levi\u010d\u00e1ck\u00fdch politick\u00fdch aktivist\u016f, jak\u00fdm jste Vy, je hodn\u011b. M\u00e1lokter\u00fd m\u00e1 ale tak m\u00e1lo soudnosti, aby s\u00e1m sebe ozna\u010doval za politologa. Jen\u017ee kdy\u017e u\u017e se za politologa vyd\u00e1v\u00e1te, m\u011bly by Va\u0161e takto podepsan\u00e9 texty spl\u0148ovat alespo\u0148 to nejz\u00e1kladn\u011bj\u0161\u00ed minimum analytick\u00e9 a argumenta\u010dn\u00ed poctivosti.<\/p>\n<p><!--more-->Ale nespl\u0148uj\u00ed. V\u00e1m sta\u010d\u00ed n\u00e1lepky. Z lenosti, z neschopnosti si n\u011bco nastudovat i ze zaujatosti. Nepot\u0159ebujete odkr\u00fdvat ko\u0159eny a podstatu politick\u00fdch postoj\u016f \u010di osobnostn\u00edho ideov\u00e9ho fundamentu. M\u00e1te dop\u0159edu sv\u016fj obr\u00e1zek a ten pot\u0159ebujete jen \u0161\u00ed\u0159it a ne podep\u00edrat argumenty, kter\u00e9 neexistuj\u00ed.<\/p>\n<p>Napsal jste ve sv\u00e9m dne\u0161n\u00edm textu v Pr\u00e1vu (a psal jste tot\u00e9\u017e u\u017e i jinde), \u017ee \u201eOstatn\u011b i s Bobo\u0161\u00edkovou je Jakl zam\u011bniteln\u00fd. S jedinou v\u00fdjimkou: on vz\u00fdv\u00e1 \u010desk\u00e9 pivo, ona nab\u00edz\u00ed \u010desk\u00e9 buchty.\u201c<\/p>\n<p>Tak\u017ee zam\u011bniteln\u00fd s jedinou v\u00fdjimkou. To je v\u00fdsledkem poctiv\u00e9 srovn\u00e1vac\u00ed anal\u00fdzy? Rozboru v\u00fdrok\u016f, postoj\u016f, text\u016f? Ne, to je propagandistick\u00e1 n\u00e1lepka. A v jej\u00edm z\u00e1jmu i l\u017eete.<\/p>\n<p>Kdy jsem j\u00e1 jedinkr\u00e1t v \u017eivot\u011b vz\u00fdval \u010desk\u00e9 pivo? M\u016f\u017eete to n\u011bjak dolo\u017eit? Napsal jsem o pivu des\u00edtky text\u016f a dal des\u00edtky rozhovor\u016f. Zkuste to. Na\u0161el jste v m\u00fdch v\u00fdroc\u00edch jedinou v\u011btu, jedinou za cel\u00fd \u017eivot, kde bych \u201evz\u00fdval\u201c \u010desk\u00e9 pivo? \u010cesk\u00e9 pivo vz\u00fdvaj\u00ed mili\u00f3ny \u010cech\u016f. J\u00e1 v\u0161ak nikoli, v tom se naopak odli\u0161uji. To se V\u00e1m ale nehod\u00ed do kr\u00e1mu. Nikdy jsem ani slovem netvrdil, \u017ee \u010desk\u00e9 pivo je lep\u0161\u00ed ne\u017e piva jin\u00e1. Jsem naopak vytrval\u00fdm propag\u00e1torem piv u n\u00e1s nezn\u00e1m\u00fdch, pivn\u00edch styl\u016f u n\u00e1s nepou\u017e\u00edvan\u00fdch. A tak\u00e9 kritikem \u010desk\u00e9 piva\u0159sk\u00e9 pov\u00fd\u0161enosti. To ale nev\u00edte, jen jste kdesi zaslechl v souvislosti se mnou slovo pivo a u lid\u00ed Va\u0161eho jednoduch\u00e9ho stylu my\u0161len\u00ed okam\u017eit\u011b do\u0161lo ke kr\u00e1tk\u00e9mu spojen\u00ed pivo=\u010desk\u00e9 pivo. M\u00e1te m\u011b za \u0161ovinistu (k \u010demu\u017e byste tak\u00e9 nena\u0161el jedin\u00fd m\u016fj v\u00fdrok za cel\u00fd \u017eivot), tak asi budu vz\u00fdvat \u010desk\u00e9 pivo.<\/p>\n<p>Lenost, lajd\u00e1ctv\u00ed, n\u00e1lepkov\u00e1n\u00ed. To nen\u00ed politologie, to je lacin\u00e1 plytk\u00e1 agitace.<\/p>\n<p>L.J.<\/p>\n","protected":false},"excerpt":{"rendered":"<p>Pane Luk\u00e1\u0161i Jel\u00ednku, nekorektn\u00edch levi\u010d\u00e1ck\u00fdch politick\u00fdch aktivist\u016f, jak\u00fdm jste Vy, je hodn\u011b. M\u00e1lokter\u00fd m\u00e1 ale tak m\u00e1lo soudnosti, aby s\u00e1m sebe ozna\u010doval za politologa. Jen\u017ee kdy\u017e u\u017e se za politologa vyd\u00e1v\u00e1te, m\u011bly by Va\u0161e takto podepsan\u00e9 texty spl\u0148ovat alespo\u0148 to nejz\u00e1kladn\u011bj\u0161\u00ed minimum analytick\u00e9 a argumenta\u010dn\u00ed poctivosti.<\/p>\n","protected":false},"author":1,"featured_media":0,"comment_status":"open","ping_status":"open","sticky":false,"template":"","format":"standard","meta":{"ngg_post_thumbnail":0,"footnotes":""},"categories":[6],"tags":[],"class_list":["post-2353","post","type-post","status-publish","format-standard","hentry","category-co-jsem-nerekl"],"_links":{"self":[{"href":"https:\/\/www.ladislavjakl.cz\/index.php?rest_route=\/wp\/v2\/posts\/2353","targetHints":{"allow":["GET"]}}],"collection":[{"href":"https:\/\/www.ladislavjakl.cz\/index.php?rest_route=\/wp\/v2\/posts"}],"about":[{"href":"https:\/\/www.ladislavjakl.cz\/index.php?rest_route=\/wp\/v2\/types\/post"}],"author":[{"embeddable":true,"href":"https:\/\/www.ladislavjakl.cz\/index.php?rest_route=\/wp\/v2\/users\/1"}],"replies":[{"embeddable":true,"href":"https:\/\/www.ladislavjakl.cz\/index.php?rest_route=%2Fwp%2Fv2%2Fcomments&post=2353"}],"version-history":[{"count":5,"href":"https:\/\/www.ladislavjakl.cz\/index.php?rest_route=\/wp\/v2\/posts\/2353\/revisions"}],"predecessor-version":[{"id":2366,"href":"https:\/\/www.ladislavjakl.cz\/index.php?rest_route=\/wp\/v2\/posts\/2353\/revisions\/2366"}],"wp:attachment":[{"href":"https:\/\/www.ladislavjakl.cz\/index.php?rest_route=%2Fwp%2Fv2%2Fmedia&parent=2353"}],"wp:term":[{"taxonomy":"category","embeddable":true,"href":"https:\/\/www.ladislavjakl.cz\/index.php?rest_route=%2Fwp%2Fv2%2Fcategories&post=2353"},{"taxonomy":"post_tag","embeddable":true,"href":"https:\/\/www.ladislavjakl.cz\/index.php?rest_route=%2Fwp%2Fv2%2Ftags&post=2353"}],"curies":[{"name":"wp","href":"https:\/\/api.w.org\/{rel}","templated":true}]}}