{"id":2356,"date":"2012-08-02T16:12:15","date_gmt":"2012-08-02T14:12:15","guid":{"rendered":"http:\/\/www.ladislavjakl.cz\/?p=2356"},"modified":"2012-08-02T16:12:15","modified_gmt":"2012-08-02T14:12:15","slug":"lide-pisi-bohatemu-jaklovi-prijdeme-te-zastrelit-obesit-a-umlatit","status":"publish","type":"post","link":"https:\/\/www.ladislavjakl.cz\/?p=2356","title":{"rendered":"Lid\u00e9 p\u00ed\u0161\u00ed &#8222;bohat\u00e9mu&#8220; Jaklovi: P\u0159ijdeme t\u011b zast\u0159elit, ob\u011bsit a uml\u00e1tit"},"content":{"rendered":"<p>Zna\u010dn\u00fd rozruch vzbudila \u201eaf\u00e9ra\u201c kolem na\u0159\u00edzen\u00e9ho zve\u0159ejn\u011bn\u00ed plat\u016f  nejbli\u017e\u0161\u00edch spolupracovn\u00edk\u016f V\u00e1clava Klause. Prezident\u016fv tajemn\u00edk  Ladislav Jakl d\u016frazn\u011b odm\u00edt\u00e1, \u017ee by byl nena\u017eran\u00fdm papal\u00e1\u0161em, o pen\u00edze  mu pr\u00fd nikdy ne\u0161lo. Tomu te\u010f kv\u016fli zve\u0159ejn\u011bn\u00ed jeho platu vyhro\u017euj\u00ed smrt\u00ed  ubit\u00edm, zast\u0159elen\u00edm \u010di ob\u011b\u0161en\u00edm.<\/p>\n<p><!--more--><\/p>\n<p>\u00dadaje o v\u00fd\u0161i mzdy tajemn\u00edka prezidenta Ladislava Jakla, vicekancl\u00e9\u0159e  Petra H\u00e1jka a \u0161\u00e9fa protokolu Jind\u0159icha Forejta p\u0159inesly Lidov\u00e9 noviny,  kter\u00fdm \u010d\u00e1stky na z\u00e1klad\u011b jejich \u00fasp\u011b\u0161n\u00e9 spr\u00e1vn\u00ed \u017ealoby poskytla Kancel\u00e1\u0159  prezidenta republiky. Lid\u00e9 z\u00a0\u0159ad r\u016fzn\u00fdch aktivist\u016f a novin\u00e1\u0159\u016f, a dlu\u017eno  dodat p\u0159edev\u0161\u00edm n\u00e1zorov\u00fdch oponent\u016f t\u011bchto prezidentov\u00fdch mu\u017e\u016f, se  \u010dasto pou\u0161t\u011bli do lacin\u00fdch soud\u016f a tvrdili, \u017ee by si pr\u00fd zaslou\u017eili  platy n\u011bkolikan\u00e1sobn\u011b ni\u017e\u0161\u00ed.<\/p>\n<p>Tajemn\u00edk prezidenta a \u0159editel politick\u00e9ho odboru jeho kancel\u00e1\u0159e  Ladislav Jakl v\u00a0rozhovoru pro Parlamentn\u00edListy.cz upozor\u0148uje, \u017ee po  platech jin\u00fdch \u00fa\u0159edn\u00edk\u016f, anebo t\u0159eba i spolupracovn\u00edk\u016f exprezidenta  Havla se nikdy nikdo neptal. Jeho n\u00e1zorov\u00ed odp\u016frci z\u00a0n\u011bho cht\u011bj\u00ed ud\u011blat  nena\u017eran\u00e9ho papal\u00e1\u0161e, kter\u00e9mu d\u00edky tomu vyhro\u017euj\u00ed r\u016fzn\u00ed primitivov\u00e9, \u017ee  ho p\u0159ijdou zast\u0159elit nebo ob\u011bsit.<\/p>\n<p><strong>Co soud\u00edte o tom k\u0159iku r\u016fzn\u00fdch aktivist\u016f a novin\u00e1\u0159\u016f, \u017ee lid\u00e9 maj\u00ed pr\u00e1vo zn\u00e1t v\u00fd\u0161i va\u0161eho p\u0159\u00edjmu? <\/strong><\/p>\n<p>P\u0159edn\u011b jsem jim vd\u011b\u010dn\u00fd, proto\u017ee n\u011bkter\u00e9 noviny si d\u00edky tomu v\u0161imly, \u017ee  existuji. V posledn\u00edch t\u00fddnech m\u011b notoricky z p\u0159ehled\u016f kandid\u00e1t\u016f, anket a  pr\u016fzkum\u016f vynech\u00e1vali. To mi ud\u011blali radost, \u017ee na m\u011b mysl\u00ed.<\/p>\n<p>Zadruh\u00e9 m\u011b bav\u00ed, jak na toto t\u00e9ma naskakuj\u00ed i takov\u00ed, co by m\u011bli rad\u011bji  ml\u010det. T\u0159eba takov\u00fd skinhead Fendrych z T\u00fddne, b\u00fdval\u00fd politik  zkrachoval\u00e9 a zadlu\u017een\u00e9 ODA, kter\u00fd si dnes hraje na nez\u00e1visl\u00e9ho  novin\u00e1\u0159e, horuje za zve\u0159ejn\u011bn\u00ed m\u00fdch p\u0159\u00edjm\u016f, ale n\u011bjak si nevzpom\u00edn\u00e1m, \u017ee  by d\u00e1val do novin sv\u00e9 p\u0159\u00edjmy v dob\u011b, kdy byl n\u00e1m\u011bstkem ministra vnitra.<\/p>\n<p>Ale hlavn\u011b: podle mne soud nesm\u00ed dovolit, aby se s informacemi o  p\u0159\u00edjmech hr\u00e1la politick\u00e1 hra s c\u00edlem po\u0161kodit vybran\u00e9 lidi. Nelze  vyzob\u00e1vat jednotlivce na p\u0159\u00e1n\u00ed politick\u00fdch aktivist\u016f a po\u0161tvat na n\u011b dav  jen proto, \u017ee chod\u00ed do pr\u00e1ce, sna\u017e\u00ed se ji d\u011blat co nejl\u00e9pe a maj\u00ed  p\u0159\u00edjem stanoven\u00fd p\u0159edpisy platn\u00fdmi pro celou st\u00e1tn\u00ed sf\u00e9ru, na n\u011b\u017e nemaj\u00ed  \u017e\u00e1dn\u00fd vliv.<\/p>\n<p>St\u00e1t m\u016f\u017ee p\u0159ijmout jin\u00e1 pravidla pro nakl\u00e1d\u00e1n\u00ed s osobn\u00edmi platy sv\u00fdch  zam\u011bstnanc\u016f. Kdy\u017e se to n\u011bkomu nel\u00edb\u00ed, nemus\u00ed do st\u00e1tn\u00ed slu\u017eby vstoupit,  nebo p\u0159i nov\u00e9m zaveden\u00ed takov\u00fdch pravidel si m\u016f\u017ee \u0159\u00edct, \u017ee rad\u011bji  odejde. Zde takovou mo\u017enost ale dnes nikdo nem\u00e1. Zve\u0159ej\u0148uj\u00ed se informace  zp\u011btn\u011b i u t\u011bch, co by t\u0159eba rad\u011bji ani do \u00fa\u0159adu ne\u0161li, proto\u017ee maj\u00ed  sv\u00e9 d\u016fvody ne\u0159\u00edkat v\u0161e sv\u00e9mu okol\u00ed. Pravidla maj\u00ed b\u00fdt p\u0159edem zn\u00e1m\u00e1 a pro  v\u0161echny stejn\u00e1.<\/p>\n<p>Po Havlov\u00fdch lidech se nikdo neptal, tak si \u010dlov\u011bk mohl myslet, \u017ee to  je pr\u00e1vn\u00ed stav. A on najednou nen\u00ed. Na p\u0159\u00e1n\u00ed t\u011bch, co v\u00e1m cht\u011bj\u00ed  ubl\u00ed\u017eit. A po\u0161vat primitivy, kte\u0159\u00ed mi p\u00ed\u0161\u00ed, \u017ee m\u011b p\u0159ijdou zast\u0159elit,  ob\u011bsit nebo uml\u00e1tit. J\u00e1 to snesu, ale m\u00e1 to platit pro v\u0161echny st\u00e1tn\u00ed  zam\u011bstance nebo pro \u017e\u00e1dn\u00e9ho.<\/p>\n<p><strong>Jak\u00e9 byly d\u016fvody va\u0161eho odm\u00edt\u00e1n\u00ed tohoto kroku? <\/strong><\/p>\n<p>Za instituci jsem nic odm\u00edtat nemohl, do toho jsem nem\u011bl n\u00e1rok mluvit.  Ta to odm\u00edtala, proto\u017ee m\u011bla opr\u00e1vn\u011bn\u00e9 pochybnosti, \u017ee je vlastn\u00edkem  osobn\u00edch dat zam\u011bstnanc\u016f. A j\u00e1 za sebe? V\u00edte, co je zaj\u00edmav\u00e9? Z mnoha  tis\u00edc jmenovan\u00fdch st\u00e1tn\u00edch zam\u011bstnanc\u016f jsem byl jedin\u00fd, koho se novin\u00e1\u0159i  na odm\u011bny ptali. Jedin\u00fd. To mi nep\u0159i\u0161lo spravedliv\u00e9.<\/p>\n<p><strong>Pro\u010d podle v\u00e1s mnoho lid\u00ed neum\u00ed p\u0159ijmout fakt, \u017ee vysok\u00fd st\u00e1tn\u00ed \u00fa\u0159edn\u00edk pob\u00edr\u00e1 v\u00edce pen\u011bz ne\u017e t\u0159eba skladn\u00edk nebo prodava\u010dka? <\/strong><\/p>\n<p>V\u011bt\u0161ina lid\u00ed tomu dob\u0159e rozum\u00ed. Nav\u00edc za loup\u00e1n\u00ed strom\u016f nastojato si  \u010dlov\u011bk na \u0160umav\u011b vyd\u011bl\u00e1 t\u0159icet tis\u00edc denn\u011b. Ale j\u00e1 bych to ned\u011blal,  boj\u00edm se v\u00fd\u0161ek. Vyd\u011bl\u00e1m si p\u0159es pades\u00e1t, ve \u010dtvrtlet\u00ed o n\u011bco v\u00edc m\u011bs\u00ed\u010dn\u011b  \u010dist\u00e9ho, polovinu d\u00e1m za bydlen\u00ed, m\u00e1m \u010dty\u0159\u010dlennou dom\u00e1cnost, nic jsem  nezd\u011bdil ani nerestituoval, nem\u00e1m chalupu, chatu ani byt, m\u00e1m dev\u011bt let  starou oktavii a na dovolen\u00e9 jsem byl p\u0159ed \u010dty\u0159mi lety naposled.<\/p>\n<p>Mnoho lid\u00ed se m\u00e1 daleko h\u016f\u0159, zn\u00e1m jich takov\u00fdch dost. Ale lid\u00e9 maj\u00ed  \u010dasto divn\u00e9 p\u0159edstavy o \u017eivotech druh\u00fdch, kter\u00e9 znaj\u00ed t\u0159eba jen z  televize. I brig\u00e1dn\u00edk si n\u011bkdy vyd\u011bl\u00e1 za t\u00fdden v\u00edc ne\u017e j\u00e1. V soukrom\u00e9m  sektoru bych okam\u017eit\u011b bral nejm\u00e9n\u011b trojn\u00e1sobek, nab\u00eddek jsem m\u011bl v\u017edy  dost. Mn\u011b ale v \u017eivot\u011b nikdy ne\u0161lo o pen\u00edze. A te\u010f ze m\u011b d\u011blaj\u00ed  nena\u017eran\u00e9ho papal\u00e1\u0161e. Kdo m\u011b zn\u00e1, popad\u00e1 se za b\u0159icho. Na recepci jsem  dobrovoln\u011b v \u017eivot\u011b nebyl a nejl\u00edp mi je v triku a sand\u00e1lech u piva v  t\u0159et\u00ed cenov\u00e9.<\/p>\n<p><a href=\"http:\/\/www.parlamentnilisty.cz\/zpravy\/Lide-pisi-bohatemu-Jaklovi-Prijdeme-te-zastrelit-obesit-a-umlatit-241645\" target=\"_blank\">Zdroj<\/a><\/p>\n","protected":false},"excerpt":{"rendered":"<p>Zna\u010dn\u00fd rozruch vzbudila \u201eaf\u00e9ra\u201c kolem na\u0159\u00edzen\u00e9ho zve\u0159ejn\u011bn\u00ed plat\u016f nejbli\u017e\u0161\u00edch spolupracovn\u00edk\u016f V\u00e1clava Klause. Prezident\u016fv tajemn\u00edk Ladislav Jakl d\u016frazn\u011b odm\u00edt\u00e1, \u017ee by byl nena\u017eran\u00fdm papal\u00e1\u0161em, o pen\u00edze mu pr\u00fd nikdy ne\u0161lo. Tomu te\u010f kv\u016fli zve\u0159ejn\u011bn\u00ed jeho platu vyhro\u017euj\u00ed smrt\u00ed ubit\u00edm, zast\u0159elen\u00edm \u010di ob\u011b\u0161en\u00edm.<\/p>\n","protected":false},"author":1,"featured_media":0,"comment_status":"open","ping_status":"open","sticky":false,"template":"","format":"standard","meta":{"ngg_post_thumbnail":0,"footnotes":""},"categories":[13],"tags":[],"class_list":["post-2356","post","type-post","status-publish","format-standard","hentry","category-rozhovory"],"_links":{"self":[{"href":"https:\/\/www.ladislavjakl.cz\/index.php?rest_route=\/wp\/v2\/posts\/2356","targetHints":{"allow":["GET"]}}],"collection":[{"href":"https:\/\/www.ladislavjakl.cz\/index.php?rest_route=\/wp\/v2\/posts"}],"about":[{"href":"https:\/\/www.ladislavjakl.cz\/index.php?rest_route=\/wp\/v2\/types\/post"}],"author":[{"embeddable":true,"href":"https:\/\/www.ladislavjakl.cz\/index.php?rest_route=\/wp\/v2\/users\/1"}],"replies":[{"embeddable":true,"href":"https:\/\/www.ladislavjakl.cz\/index.php?rest_route=%2Fwp%2Fv2%2Fcomments&post=2356"}],"version-history":[{"count":2,"href":"https:\/\/www.ladislavjakl.cz\/index.php?rest_route=\/wp\/v2\/posts\/2356\/revisions"}],"predecessor-version":[{"id":2358,"href":"https:\/\/www.ladislavjakl.cz\/index.php?rest_route=\/wp\/v2\/posts\/2356\/revisions\/2358"}],"wp:attachment":[{"href":"https:\/\/www.ladislavjakl.cz\/index.php?rest_route=%2Fwp%2Fv2%2Fmedia&parent=2356"}],"wp:term":[{"taxonomy":"category","embeddable":true,"href":"https:\/\/www.ladislavjakl.cz\/index.php?rest_route=%2Fwp%2Fv2%2Fcategories&post=2356"},{"taxonomy":"post_tag","embeddable":true,"href":"https:\/\/www.ladislavjakl.cz\/index.php?rest_route=%2Fwp%2Fv2%2Ftags&post=2356"}],"curies":[{"name":"wp","href":"https:\/\/api.w.org\/{rel}","templated":true}]}}