{"id":2367,"date":"2012-08-03T09:50:39","date_gmt":"2012-08-03T07:50:39","guid":{"rendered":"http:\/\/www.ladislavjakl.cz\/?p=2367"},"modified":"2012-08-03T09:51:00","modified_gmt":"2012-08-03T07:51:00","slug":"jakl-soud-na-nas-stve-luzu-a-lidi-kteri-nenavidi-nase-nazory","status":"publish","type":"post","link":"https:\/\/www.ladislavjakl.cz\/?p=2367","title":{"rendered":"Jakl: Soud na n\u00e1s \u0161tve l\u016fzu a lidi, kte\u0159\u00ed nen\u00e1vid\u00ed na\u0161e n\u00e1zory"},"content":{"rendered":"<div id=\"lightbox-search\">\n<p style=\"margin-bottom: 0cm;\">\u0158ada lid\u00ed by si mo\u017en\u00e1 vstup do  slu\u017eeb st\u00e1tu rozmylela, kdyby dop\u0159edu v\u011bd\u011bla, \u017ee se jejich plat dozv\u011bd\u00ed i  jejich sousedky, zn\u00e1m\u00ed z hospody \u010di expartne\u0159i, m\u00edn\u00ed tajemn\u00edk  prezidenta V\u00e1clava Klause Ladislav Jakl.<\/p>\n<p style=\"margin-bottom: 0cm;\"><!--more-->V\u00fd\u0161i jeho p\u0159\u00edjm\u016f, stejn\u011b jako  platy dal\u0161\u00edch vrcholn\u00fdch zam\u011bstnanc\u016f Pra\u017esk\u00e9ho hradu, zve\u0159ejnila ve  st\u0159edu prezidentsk\u00e1 kancel\u00e1\u0159. Po dlouh\u00e9m vzdorov\u00e1n\u00ed ji k tomu p\u0159inutil  prohran\u00fd soudn\u00ed spor. Co na\u00a0 to Jakl, kter\u00fd bere v pr\u016fm\u011bru 103 tis\u00edc  korun m\u011bs\u00ed\u010dn\u011b? Na dotazy on-line den\u00edku T\u00ddDEN.CZ odpov\u00eddal  prost\u0159ednictv\u00edm e-mailu.<\/p>\n<p style=\"margin-bottom: 0cm;\"><strong>Loni jste se nechal sly\u0161et, \u017ee  pokud Hrad zve\u0159ejn\u00ed v\u00e1\u0161 plat, za\u017ealujete ho za \u00fajmu. Te\u010f se v\u00fd\u0161e va\u0161ich  p\u0159\u00edjm\u016f objevila v m\u00e9di\u00edch. Dostoj\u00edte sv\u00fdm slov\u016fm? A pokud ano, pro\u010d si  mysl\u00edte, \u017ee m\u00e1te \u0161anci usp\u011bt?<\/strong><\/p>\n<p style=\"margin-bottom: 0cm;\">Sv\u00e9 dal\u0161\u00ed kroky nehodl\u00e1m avizovat.<\/p>\n<p style=\"margin-bottom: 0cm;\"><strong><\/strong><strong><\/strong><strong>Nesouhlas\u00edte  s v\u00fdrokem Nejvy\u0161\u0161\u00edho spr\u00e1vn\u00edho soudu, \u017ee platy p\u0159\u00edjemc\u016f ve\u0159ejn\u00fdch  prost\u0159edk\u016f by m\u011bly b\u00fdt ve\u0159ejn\u011b zn\u00e1m\u00e9 a kontrolovateln\u00e9?<\/strong><\/p>\n<p style=\"margin-bottom: 0cm;\">Pokud by m\u011bly, pak za dvou podm\u00ednek. Mus\u00ed  to b\u00fdt d\u00e1no p\u0159edpisem pro v\u0161echny &#8222;p\u0159\u00edjemce ve\u0159ejn\u00fdch prost\u0159edk\u016f&#8220;.  Nejen pro ty, kter\u00e9 si jako ter\u010d z\u00e1m\u011brn\u011b vybere n\u011bkter\u00fd politick\u00fd  aktivista. A zadruh\u00e9, takov\u00e9 pravidlo mus\u00ed b\u00fdt zn\u00e1mo p\u0159edem, aby se  \u010dlov\u011bk mohl rozhodnout, zda takov\u00e9 pravidlo p\u0159ijme, nebo rad\u011bji odejde &#8211;  nebo do st\u00e1tn\u00edch slu\u017eeb v\u016fbec nevstoup\u00ed.<\/p>\n<p style=\"margin-bottom: 0cm;\"><strong><\/strong><strong>Pro\u010d?<\/strong><\/p>\n<p style=\"margin-bottom: 0cm;\">Na platy Havlov\u00fdch lid\u00ed se nikdo neptal.  Existoval pokojn\u00fd a v\u0161em zn\u00e1m\u00fd stav re\u017eimu nakl\u00e1d\u00e1n\u00ed s t\u011bmito daty. Nyn\u00ed  lze retroaktivn\u011b \u017e\u00e1dat po vybran\u00fdch c\u00edlech data, o kter\u00fdch p\u0159itom ti  lid\u00e9 nerozhoduj\u00ed, jen se sna\u017e\u00ed d\u011blat svou pr\u00e1ci. A odchod jim v tu  chv\u00edli nepom\u016f\u017ee. Mnoz\u00ed by t\u0159eba st\u00e1tn\u00edmi \u00fa\u0159edn\u00edky nebyli, kdyby jim  p\u0159edem \u0159ekli, \u017ee to znamen\u00e1, \u017ee jejich sousedky, p\u0159\u00edbuzn\u00ed, zn\u00e1m\u00ed z  hospody, kolemjdouc\u00ed, expartne\u0159i \u010di t\u0159eba vyd\u011bd\u011bn\u00e9 d\u011bti a dal\u0161\u00ed skupiny  lid\u00ed budou v\u011bd\u011bt takto z\u00e1sadn\u00ed \u00fadaj. \u0158ekli by si t\u0159eba: Za t\u011bchto  podm\u00ednek tam nejdu. To by bylo spravedliv\u00e9. Nyn\u00ed soud na p\u0159\u00e1n\u00ed aktivist\u016f  zve\u0159ej\u0148uje vybran\u00e9 jednotlivce z tis\u00edc\u016f &#8222;p\u0159\u00edjemc\u016f ve\u0159ejn\u00fdch  prost\u0159edk\u016f&#8220;, aby na n\u011b po\u0161tval l\u016fzu nebo lidi, kte\u0159\u00ed je nen\u00e1vid\u00ed pro  jejich n\u00e1zory.<strong><\/strong><\/p>\n<p style=\"margin-bottom: 0cm;\"><strong>Budete se br\u00e1nit s\u00e1m, nebo se k v\u00e1m p\u0159idaj\u00ed dal\u0161\u00ed kolegov\u00e9 z hradn\u00ed kancel\u00e1\u0159e?<\/strong><\/p>\n<p style=\"margin-bottom: 0cm;\">Zeptejte se jich, nejsem jejich mluv\u010d\u00ed.<\/p>\n<p style=\"margin-bottom: 0cm;\"><strong>Nemysl\u00edte si, \u017ee v\u00e1m tato z\u00e1le\u017eitost u\u0161kod\u00ed v prezidentsk\u00e9 kampani?<\/strong><\/p>\n<p style=\"margin-bottom: 0cm;\">Naopak. Po\u010d\u00edt\u00e1m sp\u00ed\u0161 s hlasy mysl\u00edc\u00edch lid\u00ed, o ty ostatn\u00ed a\u0165 usiluj\u00ed jin\u00ed uchaze\u010di.<\/p>\n<p style=\"margin-bottom: 0cm;\"><a href=\"http:\/\/www.tyden.cz\/rubriky\/domaci\/jakl-soud-na-nas-stve-luzu-a-lidi-kteri-nenavidi-nase-nazory_241818.html\" target=\"_blank\">Zdroj<\/a><\/p>\n<\/div>\n","protected":false},"excerpt":{"rendered":"<p>\u0158ada lid\u00ed by si mo\u017en\u00e1 vstup do slu\u017eeb st\u00e1tu rozmylela, kdyby dop\u0159edu v\u011bd\u011bla, \u017ee se jejich plat dozv\u011bd\u00ed i jejich sousedky, zn\u00e1m\u00ed z hospody \u010di expartne\u0159i, m\u00edn\u00ed tajemn\u00edk prezidenta V\u00e1clava Klause Ladislav Jakl.<\/p>\n","protected":false},"author":1,"featured_media":0,"comment_status":"open","ping_status":"open","sticky":false,"template":"","format":"standard","meta":{"ngg_post_thumbnail":0,"footnotes":""},"categories":[13],"tags":[],"class_list":["post-2367","post","type-post","status-publish","format-standard","hentry","category-rozhovory"],"_links":{"self":[{"href":"https:\/\/www.ladislavjakl.cz\/index.php?rest_route=\/wp\/v2\/posts\/2367","targetHints":{"allow":["GET"]}}],"collection":[{"href":"https:\/\/www.ladislavjakl.cz\/index.php?rest_route=\/wp\/v2\/posts"}],"about":[{"href":"https:\/\/www.ladislavjakl.cz\/index.php?rest_route=\/wp\/v2\/types\/post"}],"author":[{"embeddable":true,"href":"https:\/\/www.ladislavjakl.cz\/index.php?rest_route=\/wp\/v2\/users\/1"}],"replies":[{"embeddable":true,"href":"https:\/\/www.ladislavjakl.cz\/index.php?rest_route=%2Fwp%2Fv2%2Fcomments&post=2367"}],"version-history":[{"count":2,"href":"https:\/\/www.ladislavjakl.cz\/index.php?rest_route=\/wp\/v2\/posts\/2367\/revisions"}],"predecessor-version":[{"id":2369,"href":"https:\/\/www.ladislavjakl.cz\/index.php?rest_route=\/wp\/v2\/posts\/2367\/revisions\/2369"}],"wp:attachment":[{"href":"https:\/\/www.ladislavjakl.cz\/index.php?rest_route=%2Fwp%2Fv2%2Fmedia&parent=2367"}],"wp:term":[{"taxonomy":"category","embeddable":true,"href":"https:\/\/www.ladislavjakl.cz\/index.php?rest_route=%2Fwp%2Fv2%2Fcategories&post=2367"},{"taxonomy":"post_tag","embeddable":true,"href":"https:\/\/www.ladislavjakl.cz\/index.php?rest_route=%2Fwp%2Fv2%2Ftags&post=2367"}],"curies":[{"name":"wp","href":"https:\/\/api.w.org\/{rel}","templated":true}]}}