{"id":2370,"date":"2012-08-03T12:34:00","date_gmt":"2012-08-03T10:34:00","guid":{"rendered":"http:\/\/www.ladislavjakl.cz\/?p=2370"},"modified":"2012-08-03T12:35:17","modified_gmt":"2012-08-03T10:35:17","slug":"hlava-jiriho-hanaka","status":"publish","type":"post","link":"https:\/\/www.ladislavjakl.cz\/?p=2370","title":{"rendered":"Hlava Ji\u0159\u00edho Han\u00e1ka"},"content":{"rendered":"<p>Koment\u00e1tor Ji\u0159\u00ed Han\u00e1k napsal ve st\u0159edu 1. srpna v tomto list\u011b, \u017ee &#8222;odch\u00e1zej\u00edc\u00ed prezident (\u2026) si osvojil mravy kavkazsk\u00e9ho em\u00edra: Zachce se mi, hlavu u\u0159e\u017eu. Nezachce se mi, a hlavu neu\u0159e\u017eu!&#8220; Han\u00e1k t\u00edm v nej\u010dist\u0161\u00ed podob\u011b p\u0159edvedl absolutn\u00ed \u00fapadek t\u00e9 \u010d\u00e1sti \u010desk\u00e9 \u017eurnalistiky, kter\u00e1 se u\u017e d\u00e1vno nezat\u011b\u017euje fakty a argumenty, ale vysta\u010d\u00ed si s nad\u00e1vkami a po\u0161klebov\u00e1n\u00edm.<\/p>\n<p><!--more--><\/p>\n<p>T\u011b\u017eko \u0159\u00edct, kolik kavkazsk\u00fdch em\u00edr\u016f poznal Han\u00e1k zbl\u00edzka, ale jist\u011b v\u00ed, o \u010dem mluv\u00ed. \u010cesk\u00e9ho prezidenta v\u0161ak zbl\u00edzka zcela jist\u011b nepoznal, proto\u017ee ten hlavy ne\u0159e\u017ee, a to ani obrazn\u011b. Kdyby tomu tak bylo, dost mo\u017en\u00e1, \u017ee by zrovna Han\u00e1k chodil bez hlavy u\u017e 20 let, tedy od doby, kdy se sv\u00fdmi sprostotami na adresu V\u00e1clava Klause tenhle b\u00fdval\u00fd komunista za\u010d\u00ednal. I kdy\u017e je ot\u00e1zkou, jestli by absence hlavy byla na jeho \u010dl\u00e1nc\u00edch zn\u00e1t.<\/p>\n<p>Ne, v emir\u00e1tu ne\u017eijeme. \u017dijeme v zemi, kde lze jen tak ur\u00e1\u017eet prezidenta nebo kohokoli jin\u00e9ho, a to bez jak\u00e9koli odpov\u011bdnosti. Novin\u00e1\u0159i tohoto typu se sami uchvacuj\u00ed nad sv\u00fdmi v\u011btami, ukazuj\u00ed je vesele sv\u00fdm soudruh\u016fm a pochvaluj\u00ed si: to jsem mu to ale nat\u0159el. A nalij\u00ed si dal\u0161\u00ed sklenku.<\/p>\n<p>Ne, nikdo jim hlavy \u0159ezat nebude. Ani je nikdo nenau\u010d\u00ed ps\u00e1t v\u011bcn\u011b, ps\u00e1t pravdu a ps\u00e1t podlo\u017een\u00e9 n\u00e1zory. Ale \u010dten\u00e1\u0159i si u\u017e o t\u011bchto zlostn\u00fdch k\u0159e\u010dovit\u00fdch psavc\u00edch a jejich v\u011bt\u00e1ch ur\u010dit\u011b mysl\u00ed sv\u00e9.<\/p>\n<p>Ladislav Jakl<br \/>\nPr\u00e1vo, 3. srpna 2012<\/p>\n","protected":false},"excerpt":{"rendered":"<p>Koment\u00e1tor Ji\u0159\u00ed Han\u00e1k napsal ve st\u0159edu 1. srpna v tomto list\u011b, \u017ee &#8222;odch\u00e1zej\u00edc\u00ed prezident (\u2026) si osvojil mravy kavkazsk\u00e9ho em\u00edra: Zachce se mi, hlavu u\u0159e\u017eu. Nezachce se mi, a hlavu neu\u0159e\u017eu!&#8220; Han\u00e1k t\u00edm v nej\u010dist\u0161\u00ed podob\u011b p\u0159edvedl absolutn\u00ed \u00fapadek t\u00e9 \u010d\u00e1sti \u010desk\u00e9 \u017eurnalistiky, kter\u00e1 se u\u017e d\u00e1vno nezat\u011b\u017euje fakty a argumenty, ale vysta\u010d\u00ed si s [&hellip;]<\/p>\n","protected":false},"author":1,"featured_media":0,"comment_status":"open","ping_status":"open","sticky":false,"template":"","format":"standard","meta":{"ngg_post_thumbnail":0,"footnotes":""},"categories":[6],"tags":[],"class_list":["post-2370","post","type-post","status-publish","format-standard","hentry","category-co-jsem-nerekl"],"_links":{"self":[{"href":"https:\/\/www.ladislavjakl.cz\/index.php?rest_route=\/wp\/v2\/posts\/2370","targetHints":{"allow":["GET"]}}],"collection":[{"href":"https:\/\/www.ladislavjakl.cz\/index.php?rest_route=\/wp\/v2\/posts"}],"about":[{"href":"https:\/\/www.ladislavjakl.cz\/index.php?rest_route=\/wp\/v2\/types\/post"}],"author":[{"embeddable":true,"href":"https:\/\/www.ladislavjakl.cz\/index.php?rest_route=\/wp\/v2\/users\/1"}],"replies":[{"embeddable":true,"href":"https:\/\/www.ladislavjakl.cz\/index.php?rest_route=%2Fwp%2Fv2%2Fcomments&post=2370"}],"version-history":[{"count":3,"href":"https:\/\/www.ladislavjakl.cz\/index.php?rest_route=\/wp\/v2\/posts\/2370\/revisions"}],"predecessor-version":[{"id":2372,"href":"https:\/\/www.ladislavjakl.cz\/index.php?rest_route=\/wp\/v2\/posts\/2370\/revisions\/2372"}],"wp:attachment":[{"href":"https:\/\/www.ladislavjakl.cz\/index.php?rest_route=%2Fwp%2Fv2%2Fmedia&parent=2370"}],"wp:term":[{"taxonomy":"category","embeddable":true,"href":"https:\/\/www.ladislavjakl.cz\/index.php?rest_route=%2Fwp%2Fv2%2Fcategories&post=2370"},{"taxonomy":"post_tag","embeddable":true,"href":"https:\/\/www.ladislavjakl.cz\/index.php?rest_route=%2Fwp%2Fv2%2Ftags&post=2370"}],"curies":[{"name":"wp","href":"https:\/\/api.w.org\/{rel}","templated":true}]}}