{"id":2375,"date":"2012-08-03T12:39:57","date_gmt":"2012-08-03T10:39:57","guid":{"rendered":"http:\/\/www.ladislavjakl.cz\/?p=2375"},"modified":"2012-08-03T12:39:57","modified_gmt":"2012-08-03T10:39:57","slug":"jakl-zpraskal-novinare-naznacil-ze-je-komunisticky-alkoholik","status":"publish","type":"post","link":"https:\/\/www.ladislavjakl.cz\/?p=2375","title":{"rendered":"Jakl zpr\u00e1skal novin\u00e1\u0159e. Nazna\u010dil, \u017ee je komunistick\u00fd alkoholik"},"content":{"rendered":"<p>Klasik prav\u00ed, \u017ee skute\u010dn\u00e1 demokracie je  p\u0159edev\u0161\u00edm diskuse a otev\u0159en\u00e1 polemika. T\u00edmto heslem se z\u0159ejm\u011b \u0159\u00edd\u00ed i  den\u00edk Pr\u00e1vo, kter\u00fd nev\u00e1hal a zve\u0159ejnil \u010dl\u00e1nek Ladislava Jakla, v n\u011bm\u017e  prezident\u016fv tajemn\u00edk ost\u0159e vystoupil proti Ji\u0159\u00edmu Han\u00e1kovi, kter\u00fd je  p\u0159edn\u00edm koment\u00e1torem tohoto listu.<\/p>\n<p><!--more--><\/p>\n<p>Jakl v \u010dl\u00e1nku p\u00ed\u0161e, \u017ee Ji\u0159\u00ed Han\u00e1k v \u010dl\u00e1nku z 1. srpna o prezidentu  V\u00e1clavu Klausovi p\u0159edvedl absolutn\u00ed \u00fapadek \u010d\u00e1sti \u010desk\u00e9 \u017eurnalistiky,  kter\u00e1 se nezat\u011b\u017euje fakty a argumenty. &#8222;Koment\u00e1tor Ji\u0159\u00ed Han\u00e1k napsal, \u017ee  \u201eodch\u00e1zej\u00edc\u00ed prezident si osvojil mravy kavkazsk\u00e9ho em\u00edra: Zachce se  mi, hlavu u\u0159e\u017eu. Nezachce se mi, a hlavu neu\u0159e\u017eu,&#8220; p\u0159ipom\u00edn\u00e1 Jakl. V  t\u00e9to souvislosti se zam\u00fd\u0161l\u00ed, kolik em\u00edr\u016f Han\u00e1k v \u017eivot\u011b poznal.<\/p>\n<div>Podle jeho slov ov\u0161em nepochybn\u011b nepoznal zbl\u00edzka \u010desk\u00e9ho prezidenta.  V\u00e1clav Klaus toti\u017e ani obrazn\u011b hlavy ne\u0159e\u017ee. &#8222;Pokud by tomu tak bylo,  dost mo\u017en\u00e1 by zrovna Han\u00e1k chodil bez hlavy u\u017e dvacet let, tedy od doby,  kdy se sv\u00fdmi sprostotami na adresu V\u00e1clava Klause tenhle b\u00fdval\u00fd  komunista za\u010d\u00ednal,&#8220; prohl\u00e1sil Jakl. Dodal, \u017ee je ot\u00e1zka, zda by absence  hlavy byla na jeho novin\u00e1\u0159sk\u00e9 tvorb\u011b zn\u00e1t.<\/div>\n<div>Ladislav Jakl p\u0159ipom\u00edn\u00e1, \u017ee ob\u010dan\u00e9 \u010cR ne\u017eij\u00ed v emir\u00e1tu, ale v zemi, kde  lze ur\u00e1\u017eet hlavu st\u00e1tu i kohokoliv jin\u00e9ho bez jak\u00e9koliv odpov\u011bdnosti.  &#8222;Novin\u00e1\u0159i tohoto typu se sami uchvacuj\u00ed sv\u00fdmi v\u011btami a pochvaluj\u00ed si: to  jsem mu to ale nat\u0159el. A nalij\u00ed si dal\u0161\u00ed sklenku,&#8220; podot\u00fdk\u00e1 Jakl.  \u00a0Hlavy t\u011bmto novin\u00e1\u0159\u016fm \u00a0nikdo pr\u00fd \u0159ezat nebude. Podle Ladislava Jakla je  ale z\u00e1rove\u0148 nikdo neu\u010d\u00ed ps\u00e1t pravdu.<\/div>\n<p><a href=\"http:\/\/www.parlamentnilisty.cz\/rss\/zpravy\/Jakl-zpraskal-novinare-Naznacil-ze-je-komunisticky-alkoholik-241728\" target=\"_blank\">Zdroj<\/a><strong><br \/>\n<\/strong><\/p>\n","protected":false},"excerpt":{"rendered":"<p>Klasik prav\u00ed, \u017ee skute\u010dn\u00e1 demokracie je p\u0159edev\u0161\u00edm diskuse a otev\u0159en\u00e1 polemika. T\u00edmto heslem se z\u0159ejm\u011b \u0159\u00edd\u00ed i den\u00edk Pr\u00e1vo, kter\u00fd nev\u00e1hal a zve\u0159ejnil \u010dl\u00e1nek Ladislava Jakla, v n\u011bm\u017e prezident\u016fv tajemn\u00edk ost\u0159e vystoupil proti Ji\u0159\u00edmu Han\u00e1kovi, kter\u00fd je p\u0159edn\u00edm koment\u00e1torem tohoto listu.<\/p>\n","protected":false},"author":1,"featured_media":0,"comment_status":"open","ping_status":"open","sticky":false,"template":"","format":"standard","meta":{"ngg_post_thumbnail":0,"footnotes":""},"categories":[11],"tags":[],"class_list":["post-2375","post","type-post","status-publish","format-standard","hentry","category-ozvena"],"_links":{"self":[{"href":"https:\/\/www.ladislavjakl.cz\/index.php?rest_route=\/wp\/v2\/posts\/2375","targetHints":{"allow":["GET"]}}],"collection":[{"href":"https:\/\/www.ladislavjakl.cz\/index.php?rest_route=\/wp\/v2\/posts"}],"about":[{"href":"https:\/\/www.ladislavjakl.cz\/index.php?rest_route=\/wp\/v2\/types\/post"}],"author":[{"embeddable":true,"href":"https:\/\/www.ladislavjakl.cz\/index.php?rest_route=\/wp\/v2\/users\/1"}],"replies":[{"embeddable":true,"href":"https:\/\/www.ladislavjakl.cz\/index.php?rest_route=%2Fwp%2Fv2%2Fcomments&post=2375"}],"version-history":[{"count":1,"href":"https:\/\/www.ladislavjakl.cz\/index.php?rest_route=\/wp\/v2\/posts\/2375\/revisions"}],"predecessor-version":[{"id":2376,"href":"https:\/\/www.ladislavjakl.cz\/index.php?rest_route=\/wp\/v2\/posts\/2375\/revisions\/2376"}],"wp:attachment":[{"href":"https:\/\/www.ladislavjakl.cz\/index.php?rest_route=%2Fwp%2Fv2%2Fmedia&parent=2375"}],"wp:term":[{"taxonomy":"category","embeddable":true,"href":"https:\/\/www.ladislavjakl.cz\/index.php?rest_route=%2Fwp%2Fv2%2Fcategories&post=2375"},{"taxonomy":"post_tag","embeddable":true,"href":"https:\/\/www.ladislavjakl.cz\/index.php?rest_route=%2Fwp%2Fv2%2Ftags&post=2375"}],"curies":[{"name":"wp","href":"https:\/\/api.w.org\/{rel}","templated":true}]}}