{"id":2377,"date":"2012-08-07T14:59:05","date_gmt":"2012-08-07T12:59:05","guid":{"rendered":"http:\/\/www.ladislavjakl.cz\/?p=2377"},"modified":"2012-08-07T14:59:36","modified_gmt":"2012-08-07T12:59:36","slug":"pobryndany-david-koller","status":"publish","type":"post","link":"https:\/\/www.ladislavjakl.cz\/?p=2377","title":{"rendered":"Pobryndan\u00fd David Koller"},"content":{"rendered":"<p>B\u00e1sn\u00edci jsou rozervanci ducha. N\u011bkdy na sebe sv\u011btu  vyk\u0159i\u010d\u00ed i to, co by si jin\u00ed rad\u011bji nechali pro sebe. A tak jsme se d\u00edky  um\u011blcov\u011b up\u0159\u00edmn\u00e9mu sebezpytu dov\u011bd\u011bli, \u017eeDavid Kollerje v\u00a0prrdeli.<\/p>\n<p><!--more--><\/p>\n<div>\n<p>Naivn\u00ed \u010dlov\u011bk by se nechal  i zm\u00e1st a \u0159\u00edkal by si, \u017ee se ten pop\u00edkov\u00fd zp\u011bv\u00e1k mus\u00ed m\u00edt dob\u0159e, ale to  v\u00edte, konkurence velik\u00e1, kupuj\u00edc\u00ed l\u00edn\u00ed, nen\u00ed u\u017e ten \u0161oubyznys, co  bejval. A hlavn\u011b, ona frustrace jen m\u00e1lo souvis\u00ed se skute\u010dn\u00fdm pro\u017eitkem.  Daleko v\u00edc vznik\u00e1 z\u00a0toho, \u017ee n\u011bkdo od \u017eivota \u010dek\u00e1 v\u00edc, ne\u017e dost\u00e1v\u00e1.  Kdy\u017e m\u00e1 n\u011bkdo vily a bour\u00e1ky, ale o\u010dek\u00e1v\u00e1 je\u0161t\u011b jachty a trysk\u00e1\u010de, je  mu\u010den frustrac\u00ed daleko v\u00edc ne\u017e ten, co m\u00e1 \u0161kodovku a dovolenou na S\u00e1zav\u011b  a \u010dek\u00e1 \u0161kodovku a dovolenou na S\u00e1zav\u011b.<\/p>\n<p>Koller se pustil do spole\u010densk\u00fdch ne\u0161var\u016f. V\u0161ak ho to dnes nic  nestoj\u00ed. Kdysi by dostal po letech, dnes ho to po letech dostane do  novin. Nad\u00e1v\u00e1te na papal\u00e1\u0161e? J\u00e1 to um\u00edm hlasit\u011bji a sprost\u011bji! Jen si u  toho nejd\u0159\u00edv mus\u00edm zak\u00e1zat myslet. Nejtup\u011bj\u0161\u00ed fr\u00e1ze posta\u010d\u00ed.<\/p>\n<p>Koller holt uk\u00e1zal, \u017ee je duchem ml\u00e1d. Ment\u00e1ln\u011b je zjevn\u011b po\u0159\u00e1d na  stejn\u00e9 \u00farovni, jako kdy\u017e se mi p\u0159ed v\u00edce ne\u017e t\u0159iceti lety vloupal oknem  do pokoje na koleji V\u011btrn\u00edk, aby se dostal k m\u00e9mu \u0161\u00edpkov\u00e9mu v\u00ednu. Bohu\u017eel  tehdy v\u00edc vybryndal ne\u017e vypil, to v\u00e1m bylo vyt\u00edr\u00e1n\u00ed, ne\u017e to p\u0159estalo  lepit..<\/p>\n<p>To v\u00e1m bude vyt\u00edr\u00e1n\u00ed, ne\u017e to p\u0159estane lepit. Nebo si zvykneme, \u017ee to po bryndalech trochu lep\u00ed?<\/p>\n<p><a href=\"http:\/\/jakl.blog.idnes.cz\/c\/282208\/Pobryndany-David-Koller.html\" target=\"_blank\">Zdroj<\/a><\/div>\n","protected":false},"excerpt":{"rendered":"<p>B\u00e1sn\u00edci jsou rozervanci ducha. N\u011bkdy na sebe sv\u011btu vyk\u0159i\u010d\u00ed i to, co by si jin\u00ed rad\u011bji nechali pro sebe. A tak jsme se d\u00edky um\u011blcov\u011b up\u0159\u00edmn\u00e9mu sebezpytu dov\u011bd\u011bli, \u017eeDavid Kollerje v\u00a0prrdeli.<\/p>\n","protected":false},"author":1,"featured_media":0,"comment_status":"open","ping_status":"open","sticky":false,"template":"","format":"standard","meta":{"ngg_post_thumbnail":0,"footnotes":""},"categories":[6],"tags":[],"class_list":["post-2377","post","type-post","status-publish","format-standard","hentry","category-co-jsem-nerekl"],"_links":{"self":[{"href":"https:\/\/www.ladislavjakl.cz\/index.php?rest_route=\/wp\/v2\/posts\/2377","targetHints":{"allow":["GET"]}}],"collection":[{"href":"https:\/\/www.ladislavjakl.cz\/index.php?rest_route=\/wp\/v2\/posts"}],"about":[{"href":"https:\/\/www.ladislavjakl.cz\/index.php?rest_route=\/wp\/v2\/types\/post"}],"author":[{"embeddable":true,"href":"https:\/\/www.ladislavjakl.cz\/index.php?rest_route=\/wp\/v2\/users\/1"}],"replies":[{"embeddable":true,"href":"https:\/\/www.ladislavjakl.cz\/index.php?rest_route=%2Fwp%2Fv2%2Fcomments&post=2377"}],"version-history":[{"count":2,"href":"https:\/\/www.ladislavjakl.cz\/index.php?rest_route=\/wp\/v2\/posts\/2377\/revisions"}],"predecessor-version":[{"id":2379,"href":"https:\/\/www.ladislavjakl.cz\/index.php?rest_route=\/wp\/v2\/posts\/2377\/revisions\/2379"}],"wp:attachment":[{"href":"https:\/\/www.ladislavjakl.cz\/index.php?rest_route=%2Fwp%2Fv2%2Fmedia&parent=2377"}],"wp:term":[{"taxonomy":"category","embeddable":true,"href":"https:\/\/www.ladislavjakl.cz\/index.php?rest_route=%2Fwp%2Fv2%2Fcategories&post=2377"},{"taxonomy":"post_tag","embeddable":true,"href":"https:\/\/www.ladislavjakl.cz\/index.php?rest_route=%2Fwp%2Fv2%2Ftags&post=2377"}],"curies":[{"name":"wp","href":"https:\/\/api.w.org\/{rel}","templated":true}]}}