{"id":2380,"date":"2012-08-07T15:01:16","date_gmt":"2012-08-07T13:01:16","guid":{"rendered":"http:\/\/www.ladislavjakl.cz\/?p=2380"},"modified":"2012-08-07T15:01:16","modified_gmt":"2012-08-07T13:01:16","slug":"medialni-manipulace-s-prezidentskymi-kandidaty-pokracuji-havlisticke-hospodarky-se-vyznamenaly","status":"publish","type":"post","link":"https:\/\/www.ladislavjakl.cz\/?p=2380","title":{"rendered":"Medi\u00e1ln\u00ed manipulace s prezidentsk\u00fdmi kandid\u00e1ty pokra\u010duj\u00ed. Havlistick\u00e9 Hospod\u00e1\u0159ky se vyznamenaly"},"content":{"rendered":"<p>Internetov\u00e1 verze havlovsk\u00fdch Hospod\u00e1\u0159sk\u00fdch novin byla v\u00a0posledn\u00ed dob\u011b  u\u017e n\u011bkolik\u00e1t\u00fdm serverem, kter\u00fd v\u00a0r\u00e1mci ankety \u201eKoho volit na Hrad\u201c hrub\u011b  manipuloval s\u00a0ve\u0159ejnost\u00ed. P\u0159edn\u011b up\u0159esn\u00edm formulaci z\u00a0titulku, jeliko\u017e  dosud \u017e\u00e1dn\u00ed ofici\u00e1ln\u00ed kandid\u00e1ti na prezidenta neexistuj\u00ed, jde pouze o,  \u0159ekn\u011bme, aspiranty na kandidaturu. To jen pro p\u0159esnost, d\u016fle\u017eit\u00e9 sd\u011blen\u00ed  je v\u0161ak jinde.<\/p>\n<p><!--more-->Opakovan\u011b se toti\u017e objevuj\u00ed internetov\u00e9 ankety na port\u00e1lech velk\u00fdch  m\u00e9di\u00ed, kde jsou z\u00e1m\u011brn\u011b (nedopat\u0159en\u00edm to nen\u00ed, to mi nikdo nevymluv\u00ed)  ignorov\u00e1ni n\u011bkte\u0159\u00ed potencion\u00e1ln\u00ed kandid\u00e1ti. A jako z\u00a0ud\u011bl\u00e1n\u00ed jde zrovna o  jm\u00e9na t\u011bch, kte\u0159\u00ed n\u00e1zorov\u00e9mu proudu t\u011bchto m\u00e9di\u00ed p\u0159\u00edli\u0161 \u201enevon\u00ed\u201c.  Jedn\u00edm z\u00a0extr\u00e9m\u016f byl \u010dasopis T\u00fdden, kter\u00fd sice v\u00a0\u010dl\u00e1nku psal o tom, \u017ee  se o prezidentsk\u00fd \u00fa\u0159ad bude uch\u00e1zet i tajemn\u00edk sou\u010dasn\u00e9 hlavy st\u00e1tu  Ladislav Jakl, ale anketa, je\u017e byla sou\u010d\u00e1st\u00ed \u010dl\u00e1nku, u\u017e Jakla  ignorovala. Prost\u011b tam na v\u00fdb\u011br nebyl. P\u0159edm\u011btn\u00e1 anketa pak naprosto  nelogicky nab\u00edzela i jm\u00e9na n\u011bkolika lid\u00ed, kte\u0159\u00ed svoji kandidaturu do t\u00e9  doby nikdy by\u0165 jen sl\u016fvkem \u010di mezi \u0159\u00e1dky nezm\u00ednili!<\/p>\n<p>Nyn\u00ed se stejn\u00e9 manipula\u010dn\u00ed praxe podr\u017eel i web <span style=\"text-decoration: underline;\"><a href=\"http:\/\/zpravy.ihned.cz\/politika\/c1-56822370-vladimir-franz-opravdu-kandiduji-na-prezidenta-nejsem-zadny-recesista-burty-ale-rozdavat-nebudu\"><strong>Ihned<\/strong><\/a><\/span>,  v\u00a0jeho anket\u011b vedle Ladislava Jakla chyb\u011bla i Jana Bobo\u0161\u00edkov\u00e1, Ji\u0159\u00ed  Karas, Tom\u00e1\u0161 Vandas, T\u00e1\u0148a Fischerov\u00e1 a Petr Cibulka. Posledn\u011b t\u0159i  jmenovan\u00ed sice nesouzn\u00ed s\u00a0mou p\u0159edstavou o hlav\u011b st\u00e1tu, nicm\u00e9n\u011b je  korektn\u00ed tato jm\u00e9na nevynechat, cht\u011bj\u00ed-li kandidovat.<\/p>\n<p>Celkov\u00fd v\u00fd\u010det dosavadn\u00edch aspirant\u016f na kandidaturu je zat\u00edm \u010dtrn\u00e1ct a\u017e  patn\u00e1ct (sv\u011btoob\u010dan \u0160vejnar se zat\u00edm definitivn\u011b nevyj\u00e1d\u0159il). M\u00e9dia by  proto v\u00a0r\u00e1mci vyv\u00e1\u017eenosti m\u011bla o v\u0161ech t\u011bchto p\u0159\u00edpadn\u00fdch kandid\u00e1tech  referovat stejn\u011b a d\u00e1vat jim stejn\u00fd prostor. U soukrom\u00fdch m\u00e9di\u00ed je  pochopiteln\u011b volba pouze na nich, nicm\u00e9n\u011b \u010cesk\u00e1 televize a \u010cesk\u00fd rozhlas  jako\u017eto m\u00e9dia ve\u0159ejnopr\u00e1vn\u00ed by m\u011bla v\u0161em \u010dtrn\u00e1cti (patn\u00e1cti) aspirant\u016fm  d\u00e1t stejn\u00fd prostor. Up\u0159\u00edmn\u011b se proto t\u011b\u0161\u00edm, a\u017e bude \u010cT24 v\u00a0p\u0159\u00edm\u00e9m  p\u0159enosu p\u0159en\u00e1\u0161et zah\u00e1jen\u00ed p\u0159edvolebn\u00ed kampan\u011b Ladislava Jakla, stejn\u011b  tak, jako tomu \u010dinila v p\u0159\u00edpad\u011b Jana Fischera.<\/p>\n<p>K\u00a0p\u0159\u00edb\u011bhu \u010dasopisu T\u00fdden se je\u0161t\u011b vr\u00e1t\u00edm. Ten toti\u017e <span style=\"text-decoration: underline;\"><a href=\"http:\/\/www.tyden.cz\/rubriky\/domaci\/kalkul-v-boji-o-hrad-kandidati-si-vycitaji-ksc-i-ameriku_239092.html\"><strong>ve zmi\u0148ovan\u00e9m \u010dl\u00e1nku<\/strong><\/a><\/span>\u201ecitoval\u201c slova Ladislava Jakla k\u00a0jeho chystan\u00e9 kandidatu\u0159e. K\u00e1men \u00farazu byl v\u00a0tom, \u017ee ona citace poch\u00e1zela z\u00a0m\u00e9ho <span style=\"text-decoration: underline;\"><a href=\"http:\/\/www.parlamentnilisty.cz\/zpravy\/Jakl-Klaus-me-podpori-v-ceste-na-Hrad-Nic-jineho-mu-nezbyde-237205\"><strong>rozhovoru s\u00a0panem Jaklem<\/strong><\/a><\/span>a  autorka \u010dl\u00e1nku, jak\u00e1si Lucie Nekvasilov\u00e1, se ani neobt\u011b\u017eovala uv\u00e9st  zdroj, z\u00a0n\u011bho\u017e Jaklova slova p\u0159ezvala (vykradla). Nemluv\u011b o tom, \u017ee hned  v\u00a0druh\u00e9m odstavci vlo\u017eila tajemn\u00edku prezidenta Klause jako jeho citaci  m\u00e1 slova z\u00a0polo\u017een\u00e9 ot\u00e1zky. Z\u00e1m\u011br? Lidsk\u00e1 blbost? \u0160koda pl\u00fdtvat slovy\u2026<\/p>\n<p>Dosavadn\u00ed medi\u00e1ln\u00ed humbuk okolo p\u0159\u00edm\u00e9 volby prezidenta (je\u017e se  pravd\u011bpodobn\u011b uskute\u010dn\u00ed \u2013 prov\u00e1d\u011bc\u00ed z\u00e1kon dosud nen\u00ed v\u00a0platnosti!) zat\u00edm  jasn\u011b potvrzuje slova vicekancl\u00e9\u0159e Petra H\u00e1jka z\u00a0jeho, tu\u0161\u00edm lednov\u00e9,  p\u0159edn\u00e1\u0161ky pro poslucha\u010de Lipov\u00e9ho k\u0159\u00ed\u017ee, kde hned v\u00a0\u00favodu konstatoval,  \u017ee p\u0159\u00ed\u0161t\u00edho prezidenta si ani n\u00e1hodou nevyberou sami ob\u010dan\u00e9, jak se  neust\u00e1le opakuje, alebr\u017e to budou m\u00e9dia, kdo na Hrad dosad\u00ed novou hlasu  st\u00e1tu. Nebylo by proto p\u0159esn\u011bj\u0161\u00ed celou akci p\u0159ejmenovat z\u00a0p\u0159\u00edm\u00e9 na  medi\u00e1ln\u00ed volbu prezidenta?<\/p>\n<p><a href=\"http:\/\/euportal.parlamentnilisty.cz\/Articles\/9430-medialni-manipulace-s-prezidentskymi-kandidaty-pokracuji-havlisticke-hospodarky-se-vyznamenaly.aspx\" target=\"_blank\">Zdroj<\/a><\/p>\n","protected":false},"excerpt":{"rendered":"<p>Internetov\u00e1 verze havlovsk\u00fdch Hospod\u00e1\u0159sk\u00fdch novin byla v\u00a0posledn\u00ed dob\u011b u\u017e n\u011bkolik\u00e1t\u00fdm serverem, kter\u00fd v\u00a0r\u00e1mci ankety \u201eKoho volit na Hrad\u201c hrub\u011b manipuloval s\u00a0ve\u0159ejnost\u00ed. P\u0159edn\u011b up\u0159esn\u00edm formulaci z\u00a0titulku, jeliko\u017e dosud \u017e\u00e1dn\u00ed ofici\u00e1ln\u00ed kandid\u00e1ti na prezidenta neexistuj\u00ed, jde pouze o, \u0159ekn\u011bme, aspiranty na kandidaturu. To jen pro p\u0159esnost, d\u016fle\u017eit\u00e9 sd\u011blen\u00ed je v\u0161ak jinde.<\/p>\n","protected":false},"author":1,"featured_media":0,"comment_status":"open","ping_status":"open","sticky":false,"template":"","format":"standard","meta":{"ngg_post_thumbnail":0,"footnotes":""},"categories":[17],"tags":[],"class_list":["post-2380","post","type-post","status-publish","format-standard","hentry","category-jakl-president"],"_links":{"self":[{"href":"https:\/\/www.ladislavjakl.cz\/index.php?rest_route=\/wp\/v2\/posts\/2380","targetHints":{"allow":["GET"]}}],"collection":[{"href":"https:\/\/www.ladislavjakl.cz\/index.php?rest_route=\/wp\/v2\/posts"}],"about":[{"href":"https:\/\/www.ladislavjakl.cz\/index.php?rest_route=\/wp\/v2\/types\/post"}],"author":[{"embeddable":true,"href":"https:\/\/www.ladislavjakl.cz\/index.php?rest_route=\/wp\/v2\/users\/1"}],"replies":[{"embeddable":true,"href":"https:\/\/www.ladislavjakl.cz\/index.php?rest_route=%2Fwp%2Fv2%2Fcomments&post=2380"}],"version-history":[{"count":2,"href":"https:\/\/www.ladislavjakl.cz\/index.php?rest_route=\/wp\/v2\/posts\/2380\/revisions"}],"predecessor-version":[{"id":2382,"href":"https:\/\/www.ladislavjakl.cz\/index.php?rest_route=\/wp\/v2\/posts\/2380\/revisions\/2382"}],"wp:attachment":[{"href":"https:\/\/www.ladislavjakl.cz\/index.php?rest_route=%2Fwp%2Fv2%2Fmedia&parent=2380"}],"wp:term":[{"taxonomy":"category","embeddable":true,"href":"https:\/\/www.ladislavjakl.cz\/index.php?rest_route=%2Fwp%2Fv2%2Fcategories&post=2380"},{"taxonomy":"post_tag","embeddable":true,"href":"https:\/\/www.ladislavjakl.cz\/index.php?rest_route=%2Fwp%2Fv2%2Ftags&post=2380"}],"curies":[{"name":"wp","href":"https:\/\/api.w.org\/{rel}","templated":true}]}}