{"id":2383,"date":"2012-08-07T15:10:35","date_gmt":"2012-08-07T13:10:35","guid":{"rendered":"http:\/\/www.ladislavjakl.cz\/?p=2383"},"modified":"2012-08-07T15:10:35","modified_gmt":"2012-08-07T13:10:35","slug":"odpovedi-bloggerovi","status":"publish","type":"post","link":"https:\/\/www.ladislavjakl.cz\/?p=2383","title":{"rendered":"Odpov\u011bdi bloggerovi"},"content":{"rendered":"<p>Dobr\u00fd den, v m\u00e9di\u00edch se v\u011bt\u0161inou nedozv\u00edd\u00e1me odpov\u011bdi na z\u00e1sadn\u00ed ot\u00e1zky, kter\u00e9 se t\u00fdkaj\u00ed skute\u010dn\u00fdch t\u00e9mat prezidentsk\u00e9 volby, kde m\u00e1 prezident \u010cR skute\u010dn\u00e9 pravomoci. R\u00e1d bych V\u00e1s tedy poprosil o odpov\u011bdi na n\u00e1sleduj\u00edc\u00ed ot\u00e1zky, kter\u00e9 jsem polo\u017eil v \u010dl\u00e1nku na sv\u00e9m blogu.<\/p>\n<p><!--more-->Va\u0161e odpov\u011bdi n\u00e1sledn\u011b zve\u0159ejn\u00edm, p\u0159\u00edpadn\u011b i roze\u0161lu redakc\u00edm \u010desk\u00fdch m\u00e9di\u00ed. V\u011b\u0159\u00edm, \u017ee jejich zodpov\u011bzen\u00ed pom\u016f\u017ee Va\u0161\u00ed prezentaci sm\u011brem k voli\u010d\u016fm.<\/p>\n<p>P\u0159edem d\u011bkuji a p\u0159eji p\u011bkn\u00fd zbytek dne,<br \/>\nN\u00e1vrat Miroslav<\/p>\n<p>Jedn\u00e1 se o tyto ot\u00e1zky:<br \/>\n<strong>Jak\u00fd je V\u00e1\u0161 postoj k Evropsk\u00e9 unii? <\/strong><\/p>\n<p><strong> <\/strong><em>Nesouhlas\u00edm s jej\u00ed sou\u010dasnou podobou ani s jej\u00edm sm\u011b\u0159ov\u00e1n\u00edm.<\/em><\/p>\n<p><em> <\/em><strong>M\u011bli bychom j\u00edt cestou v\u011bt\u0161\u00ed integrace a federalizace, nebo naopak? <\/strong><\/p>\n<p><strong> <\/strong><em>Naopak.<\/em><\/p>\n<p><em> <\/em><strong>A jak? <\/strong><\/p>\n<p><strong> <\/strong><em>Cestou mezin\u00e1rodn\u00ed spolupr\u00e1ce.<\/em><\/p>\n<p><em> <\/em><strong>Jste sp\u00ed\u0161e eurofederalistou, eurorealistou, euroskeptikem \u010di p\u0159\u00edmo euronihilistou? <\/strong><\/p>\n<p><strong> <\/strong><em>Jsem svobodn\u00fd \u010dlov\u011bk.<\/em><\/p>\n<p><strong>Jak\u00fd je V\u00e1\u0161 postoj ke z\u0159\u00edzen\u00ed glob\u00e1ln\u00ed vl\u00e1dy? <\/strong><\/p>\n<p><strong> <\/strong><em>Negativn\u00ed.<\/em><\/p>\n<p><em> <\/em><strong>Byli byste ochotni v z\u00e1jmu \u00fadajn\u00e9 z\u00e1chrany planety p\u0159istoupit i na zelen\u011b-socialistickou totalitu? <\/strong><\/p>\n<p><strong> <\/strong><em>Ot\u00e1zka sm\u011b\u0159uje n\u011bjak\u00e9mu kolektivu, ale odpov\u00edm. Nebyl.<\/em><\/p>\n<p><em> <\/em><strong>Jak by m\u011bla v\u016fbec glob\u00e1ln\u00ed spolupr\u00e1ce prob\u00edhat? <\/strong><\/p>\n<p><strong> <\/strong><em>Nijak. Sv\u011bt je p\u0159\u00edli\u0161 velk\u00fd a r\u016fznorod\u00fd. Posta\u010d\u00ed, kdy\u017e bude existovat svobodn\u00fd glob\u00e1ln\u00ed obchod. <\/em><\/p>\n<p><em> <\/em><strong>M\u011blo by b\u00fdt sp\u00ed\u0161e glob\u00e1ln\u00ed vl\u00e1dnut\u00ed, nebo naopak pouze glob\u00e1ln\u00ed spolupr\u00e1ce nez\u00e1visl\u00fdch a suver\u00e9nn\u00edch st\u00e1t\u016f?<\/strong><\/p>\n<p><strong> <\/strong><em>Naopak.<\/em><\/p>\n<p><strong>Co Vy a ESM (Evropsk\u00fd stabiliza\u010dn\u00ed mechanismus)? <\/strong><\/p>\n<p><strong> <\/strong><em>Nejsme kamar\u00e1di.<\/em><\/p>\n<p><em> <\/em><strong>Vetovali byste jej? <\/strong><\/p>\n<p><em> Op\u011bt ot\u00e1zka pro n\u011bjak\u00fd kolektiv, ale odpov\u00edm. Vetoval.<\/em><\/p>\n<p><strong>Jak se v\u016fbec stav\u00edte k \u0159e\u0161en\u00ed evropsk\u00e9 dluhov\u00e9 krize? <\/strong><\/p>\n<p><em>Neexistuje evropsk\u00e1 dluhov\u00e1 krize. Existuje \u0161patn\u00e1 hospod\u00e1\u0159sk\u00e1 politika EU a v\u011bt\u0161iny jej\u00edch \u010dlensk\u00fdch st\u00e1t\u016f. Plus v\u0161e zhor\u0161uje jednotn\u00e1 m\u011bna.<\/em><\/p>\n<p><strong>Koho byste jmenovali do rady \u010cesk\u00e9 n\u00e1rodn\u00ed banky? (Pokud ne jm\u00e9na, pak alespo\u0148 typov\u011b \u010di ideov\u011b &#8211; ekonomy jak\u00e9 ekonomick\u00e9 \u0161koly?)<\/strong><\/p>\n<p><strong> <\/strong><em>P\u0159edstavitele r\u016fzn\u00fdch \u0161kol. Ne jednobarevn\u011b.<\/em><\/p>\n<p><strong>Koho byste jmenovali do \u010dela \u00dastavn\u00edho soudu? <\/strong><\/p>\n<p><strong> <\/strong><em>Zku\u0161en\u00e9ho pr\u00e1vn\u00edka.<\/em><\/p>\n<p><em> <\/em><strong>Nejvy\u0161\u0161\u00edho soudu? <\/strong><\/p>\n<p><strong> <\/strong><em>Zku\u0161en\u00e9ho soudce.<\/em><\/p>\n<p><strong> Nejvy\u0161\u0161\u00edho kontroln\u00edho \u00fa\u0159adu? <\/strong><\/p>\n<p><em>Nev\u00edm.<\/em><\/p>\n<p><strong>Byl by V\u00e1\u0161 v\u00fdb\u011br lid\u00ed do \u010dela ve\u0159ejn\u00fdch univerzit ovlivn\u011bn ideov\u011b? <\/strong><\/p>\n<p><strong> <\/strong><em>Prezident nevyb\u00edr\u00e1 lidi do \u010dela ve\u0159ejn\u00fdch univerzit.<\/em><\/p>\n<p><strong>Jak \u010dasto se chyst\u00e1te ud\u011blovat milosti? <\/strong><\/p>\n<p><strong> <\/strong><em>P\u0159im\u011b\u0159en\u011b.<\/em><\/p>\n<p><em> <\/em><strong>Souhlas\u00edte v\u016fbec s t\u00edmto institutem? <\/strong><\/p>\n<p><strong> <\/strong><em>Ano.<\/em><\/p>\n<p><em> <\/em><strong>Budete jej br\u00e1t jako obchod pro sv\u00e9 kamar\u00e1dy, sponzory? <\/strong><\/p>\n<p><strong> <\/strong><em>Jen pro sp\u0159\u00e1telen\u00e9 novin\u00e1\u0159e.<\/em><\/p>\n<p><strong>Jak \u010dasto budete vetovat z\u00e1kony? <\/strong><\/p>\n<p><strong> <\/strong><em>Tak \u010dasto, jak \u010dasto budou vetov\u00e1n\u00ed hodn\u00e9.<\/em><\/p>\n<p><em> <\/em><strong>Budete se sna\u017eit prosadit t\u00edmto zp\u016fsobem i sv\u016fj pohled na jednotliv\u00e1 t\u00e9mata schvalov\u00e1na parlamentem? <\/strong><\/p>\n<p><strong> <\/strong><em>Ur\u010dit\u011b.<\/em><\/p>\n<p><strong>Jak\u00fd je V\u00e1\u0161 postoj k USA, \u010c\u00edn\u011b, Rusku? Jak by m\u011bla vypadat \u010desk\u00e1 zahrani\u010dn\u00ed politika ve vztahu k t\u011bmto zem\u00edm? <\/strong><\/p>\n<p><em>Ke v\u0161em zem\u00edm sv\u011bta m\u00e1m kladn\u00fd postoj. Ke v\u0161em zem\u00edm sv\u011bta by na\u0161e zahrani\u010dn\u00ed politika m\u011bla b\u00fdt vedena korektn\u011b a se z\u0159etelem na na\u0161e z\u00e1jmy.<\/em><\/p>\n<p><strong>Jak\u00fdm sm\u011brem by se m\u011bla orientovat \u010desk\u00e1 ekonomika? Co proto ve sv\u00e9 funkci hodl\u00e1te podniknout? <\/strong><\/p>\n<p><strong> <\/strong><em>Nic. Politici se nemaj\u00ed co pl\u00e9st do orientace ekonomiky. <\/em><\/p>\n<p><strong>Jak by se podle V\u00e1s m\u011bla \u0159e\u0161it demografick\u00e1 krize? <\/strong><\/p>\n<p><strong> <\/strong><em>Neexistuje demografick\u00e1 krize. Jen krize \u0161patn\u00fdch d\u016fchodov\u00fdch a soci\u00e1ln\u00edch syst\u00e9m\u016f.<\/em><\/p>\n<p><em> <\/em><strong>M\u011bli bychom nedostatek obyvatel \u0159e\u0161it imigrac\u00ed? <\/strong><\/p>\n<p><strong> <\/strong><em>Neexistuje nedostatek obyvatel.<\/em><\/p>\n<p><em> <\/em><strong>Pokud ano, m\u011bli bychom si vyb\u00edrat, tedy nap\u0159. diskriminovat imigranty z isl\u00e1msk\u00fdch zem\u00ed, kte\u0159\u00ed nemaj\u00ed bl\u00edzko k na\u0161\u00ed kultu\u0159e?<\/strong><\/p>\n<p><strong>Nakolik si mysl\u00edte, \u017ee by m\u011bly mezin\u00e1rodn\u00ed organizace (OSN, NATO, jednotliv\u00e9 vl\u00e1dy) zasahovat do z\u00e1le\u017eitost\u00ed ciz\u00edch st\u00e1t\u016f? Kdy to podle V\u00e1s je, a kdy nen\u00ed p\u0159ijateln\u00e9?<\/strong><\/p>\n<p><strong>Jako reprezentant \u010cesk\u00e9 republiky, jak\u00e1 je podle V\u00e1s optim\u00e1ln\u00ed m\u00edra politick\u00e9 korektnosti? <\/strong><\/p>\n<p><strong> <\/strong><em>Na stupnici nula a\u017e deset asi tak 1.5.<\/em><\/p>\n<p><strong>Jak se postav\u00edte k pron\u00e1sledov\u00e1n\u00ed k\u0159es\u0165an\u016f ve sv\u011bt\u011b, zj. v isl\u00e1msk\u00fdch zem\u00edch? Je to podle V\u00e1s dob\u0159e, nebo budete v t\u00e9to v\u011bci podnikat n\u011bjak\u00e9 kroky? <\/strong><\/p>\n<p><strong> <\/strong><em>M\u00e1 se o n\u011bm v\u00edce mluvit.<\/em><\/p>\n<p><strong>Uv\u011bdomujete si, \u017ee nejste pouh\u00fdmi klade\u010di v\u011bnc\u016f, \u017ee m\u00e1te re\u00e1ln\u00e9 pravomoci a za sv\u00e1 rozhodnut\u00ed a vyj\u00e1d\u0159en\u00ed ponesete re\u00e1lnou politickou odpov\u011bdnost? <\/strong><\/p>\n<p><strong> <\/strong><em>Ot\u00e1zka sm\u011b\u0159uje n\u011bjak\u00e9mu \u0161ir\u0161\u00edmu kolektivu, za kter\u00fd se nec\u00edt\u00edm opr\u00e1vn\u011bn mluvit. Za sebe \u0159\u00edk\u00e1m, \u017ee m\u00e1m docela dobr\u00e9 pov\u011bdom\u00ed o prezidentsk\u00fdch pravomocech.<\/em><\/p>\n<p><em> <\/em>Zdrav\u00ed Ladislav Jakl<\/p>\n<p><a href=\"http:\/\/navrat.blog.idnes.cz\/c\/282054\/Suplujeme-novinare-aneb-skutecna-temata-prezidentske-volby.html\" target=\"_blank\">Zdroj \u010dl\u00e1nku<\/a><\/p>\n","protected":false},"excerpt":{"rendered":"<p>Dobr\u00fd den, v m\u00e9di\u00edch se v\u011bt\u0161inou nedozv\u00edd\u00e1me odpov\u011bdi na z\u00e1sadn\u00ed ot\u00e1zky, kter\u00e9 se t\u00fdkaj\u00ed skute\u010dn\u00fdch t\u00e9mat prezidentsk\u00e9 volby, kde m\u00e1 prezident \u010cR skute\u010dn\u00e9 pravomoci. R\u00e1d bych V\u00e1s tedy poprosil o odpov\u011bdi na n\u00e1sleduj\u00edc\u00ed ot\u00e1zky, kter\u00e9 jsem polo\u017eil v \u010dl\u00e1nku na sv\u00e9m blogu.<\/p>\n","protected":false},"author":1,"featured_media":0,"comment_status":"open","ping_status":"open","sticky":false,"template":"","format":"standard","meta":{"ngg_post_thumbnail":0,"footnotes":""},"categories":[17],"tags":[],"class_list":["post-2383","post","type-post","status-publish","format-standard","hentry","category-jakl-president"],"_links":{"self":[{"href":"https:\/\/www.ladislavjakl.cz\/index.php?rest_route=\/wp\/v2\/posts\/2383","targetHints":{"allow":["GET"]}}],"collection":[{"href":"https:\/\/www.ladislavjakl.cz\/index.php?rest_route=\/wp\/v2\/posts"}],"about":[{"href":"https:\/\/www.ladislavjakl.cz\/index.php?rest_route=\/wp\/v2\/types\/post"}],"author":[{"embeddable":true,"href":"https:\/\/www.ladislavjakl.cz\/index.php?rest_route=\/wp\/v2\/users\/1"}],"replies":[{"embeddable":true,"href":"https:\/\/www.ladislavjakl.cz\/index.php?rest_route=%2Fwp%2Fv2%2Fcomments&post=2383"}],"version-history":[{"count":2,"href":"https:\/\/www.ladislavjakl.cz\/index.php?rest_route=\/wp\/v2\/posts\/2383\/revisions"}],"predecessor-version":[{"id":2385,"href":"https:\/\/www.ladislavjakl.cz\/index.php?rest_route=\/wp\/v2\/posts\/2383\/revisions\/2385"}],"wp:attachment":[{"href":"https:\/\/www.ladislavjakl.cz\/index.php?rest_route=%2Fwp%2Fv2%2Fmedia&parent=2383"}],"wp:term":[{"taxonomy":"category","embeddable":true,"href":"https:\/\/www.ladislavjakl.cz\/index.php?rest_route=%2Fwp%2Fv2%2Fcategories&post=2383"},{"taxonomy":"post_tag","embeddable":true,"href":"https:\/\/www.ladislavjakl.cz\/index.php?rest_route=%2Fwp%2Fv2%2Ftags&post=2383"}],"curies":[{"name":"wp","href":"https:\/\/api.w.org\/{rel}","templated":true}]}}