{"id":2386,"date":"2012-08-09T16:22:18","date_gmt":"2012-08-09T14:22:18","guid":{"rendered":"http:\/\/www.ladislavjakl.cz\/?p=2386"},"modified":"2012-08-09T16:46:36","modified_gmt":"2012-08-09T14:46:36","slug":"ladislav-jakl-pro-denik-metro","status":"publish","type":"post","link":"https:\/\/www.ladislavjakl.cz\/?p=2386","title":{"rendered":"Ladislav Jakl pro Den\u00edk Metro"},"content":{"rendered":"<p>V\u00e1\u017een\u00fd pane Jakle, bohu\u017eel jsem se nemohl z\u00fa\u010dastnit dne\u0161n\u00ed TK Svobodn\u00fdch a proto bych v\u00e1m r\u00e1d polo\u017eil touto formou n\u011bkolik dotaz\u016f:<\/p>\n<p><!--more--><em>Dobr\u00fd den. J\u00e1 jsem na t\u00e9 TK stejn\u011b nebyl, mus\u00edm chodit do pr\u00e1ce.<\/em><\/p>\n<p><strong>Kolik ji\u017e m\u00e1te nasb\u00edran\u00fdch podpis\u016f? <\/strong><\/p>\n<p><em> Nev\u00edm. J\u00e1 s\u00e1m podpisy nesb\u00edr\u00e1m, to d\u011blaj\u00ed m\u00ed podporovatel\u00e9 a ti maj\u00ed dosud v\u011bt\u0161inu arch\u016f u sebe. Lehk\u00e9 to ur\u010dit\u011b nen\u00ed.<\/em><\/p>\n<p><em> <\/em><strong>Znepokojuje v\u00e1s st\u00e1le nar\u016fstaj\u00edc\u00ed po\u010det prezidentsk\u00fdch kandid\u00e1t\u016f? <\/strong><\/p>\n<p><strong> <\/strong><em>Naopak. Od za\u010d\u00e1tku jsem po tom volal. P\u016fl roku n\u00e1s m\u00e9dia krmila p\u0159edem vybran\u00fdm okruhem obl\u00edbenc\u016f a nutila n\u00e1s povinn\u011b vyb\u00edrat jen z nich. Je ale t\u0159eba, aby voli\u010di v kolekci kandid\u00e1t\u016f na\u0161li toho sv\u00e9ho a nemuseli volit se sk\u0159\u00edp\u011bj\u00edc\u00edmi zuby nejmen\u0161\u00ed zlo.<\/em><\/p>\n<p><em> <\/em><strong>A berete sv\u00e9 konkurenty v\u00e1\u017en\u011b?<br \/>\n<\/strong><br \/>\n<em>Jist\u011b. Ka\u017ed\u00fd \u010dlov\u011bk si zaslou\u017e\u00ed v\u00e1\u017enost a \u00factu. Nejsem jako na\u0161i novin\u00e1\u0159i, kte\u0159\u00ed o n\u011bkter\u00fdch uchaze\u010d\u00edch dop\u0159edu p\u00ed\u0161\u00ed pohrdliv\u011b a posm\u011b\u0161n\u011b, co jako \u017ee si to dovoluj\u00ed.<br \/>\n<\/em><br \/>\n<strong>Rozhl\u00ed\u017e\u00edte se ji\u017e po prezidentsk\u00e9 kancel\u00e1\u0159i a \u0159\u00edk\u00e1te si v duchu, jak to tam p\u0159estav\u00edte, pokud volby vyhrajete?<\/strong><\/p>\n<p><em>Ne. Tenhle medv\u011bd je\u0161t\u011b v pln\u00e9m zdrav\u00ed b\u011bh\u00e1 po lese, ne\u017e abych u\u017e d\u011blil jeho k\u016f\u017ei.<br \/>\n<\/em><br \/>\n<strong>Post\u011b\u017eoval jste si, \u017ee v\u00e1s i n\u011bkter\u00e9 dal\u0161\u00ed kandid\u00e1ty m\u00e9dia vynech\u00e1vaj\u00ed z internetov\u00fdch anket typu \u201ekoho chceme za prezidenta?\u201c. Pro\u010d to podle v\u00e1s d\u011blaj\u00ed? Nem\u016f\u017ee to b\u00fdt t\u00edm, \u017ee z\u00e1jemc\u016f o Hrad neust\u00e1le p\u0159ib\u00fdv\u00e1 a je \u00fanavn\u00e9 ankety neust\u00e1le dopl\u0148ovat o nov\u00e9 tv\u00e1\u0159e?<br \/>\n<\/strong><\/p>\n<p><em>Ne, to nen\u00ed t\u00edm. N\u011bkter\u00e9 nov\u00e9 tv\u00e1\u0159e jsou om\u00edlan\u00e9 od prvn\u00edch dn\u016f, kdy se o nich v\u00ed, j\u00e1 se leckde neobjevuji ani po dvou m\u011bs\u00edc\u00edch. Asi nepat\u0159\u00edm do t\u00e9 spr\u00e1vn\u00e9 party. Nebo si to ti druz\u00ed zaplatili.<br \/>\n<\/em><br \/>\n<strong>V\u00e1\u0161 n\u00e1zor na n\u00e1zor Bohuslava Sobotky na \u201ep\u0159est\u00e1rl\u00e9 prezidentsk\u00e9 kandid\u00e1ty\u201c je?<br \/>\n<\/strong><br \/>\n<em>Vtipn\u00fd post\u0159eh. S Bohuslavem Sobotkou nesouhlas\u00edm nikdy a v ni\u010dem, ale pokud si za b\u011b\u017en\u00fd \u017eert\u00edk budeme vyhro\u017eovat fackami, tak n\u00e1m ta kampa\u0148 p\u011bkn\u011b za\u010d\u00edn\u00e1. U mne v kapele kolikr\u00e1t tak\u00e9 muzikant\u016fm vypadly zuby a nikdo je za to ne\u0161et\u0159il. A oni v\u011bd\u011bli, \u017ee srandu je t\u0159eba ust\u00e1t.<\/em><\/p>\n<p><em> <\/em><\/p>\n<p><em>Zdrav\u00ed Ladislav Jakl.<\/em><\/p>\n<p>Ot\u00e1zky kladl:<br \/>\nTom\u00e1\u0161 Belica<br \/>\nRedaktor<br \/>\nMETRO \u010cesk\u00e1 republika, a. s.<\/p>\n<p><a href=\"https:\/\/www.ladislavjakl.cz\/wp-content\/uploads\/2012\/08\/Metro.jpg\"><img loading=\"lazy\" decoding=\"async\" class=\"aligncenter size-medium wp-image-2399\" title=\"Metro\" src=\"https:\/\/www.ladislavjakl.cz\/wp-content\/uploads\/2012\/08\/Metro-264x251.jpg\" alt=\"Metro\" width=\"264\" height=\"251\" srcset=\"https:\/\/www.ladislavjakl.cz\/wp-content\/uploads\/2012\/08\/Metro-264x251.jpg 264w, https:\/\/www.ladislavjakl.cz\/wp-content\/uploads\/2012\/08\/Metro.jpg 404w\" sizes=\"auto, (max-width: 264px) 100vw, 264px\" \/><\/a><\/p>\n","protected":false},"excerpt":{"rendered":"<p>V\u00e1\u017een\u00fd pane Jakle, bohu\u017eel jsem se nemohl z\u00fa\u010dastnit dne\u0161n\u00ed TK Svobodn\u00fdch a proto bych v\u00e1m r\u00e1d polo\u017eil touto formou n\u011bkolik dotaz\u016f:<\/p>\n","protected":false},"author":1,"featured_media":0,"comment_status":"open","ping_status":"open","sticky":false,"template":"","format":"standard","meta":{"ngg_post_thumbnail":0,"footnotes":""},"categories":[17,13],"tags":[],"class_list":["post-2386","post","type-post","status-publish","format-standard","hentry","category-jakl-president","category-rozhovory"],"_links":{"self":[{"href":"https:\/\/www.ladislavjakl.cz\/index.php?rest_route=\/wp\/v2\/posts\/2386","targetHints":{"allow":["GET"]}}],"collection":[{"href":"https:\/\/www.ladislavjakl.cz\/index.php?rest_route=\/wp\/v2\/posts"}],"about":[{"href":"https:\/\/www.ladislavjakl.cz\/index.php?rest_route=\/wp\/v2\/types\/post"}],"author":[{"embeddable":true,"href":"https:\/\/www.ladislavjakl.cz\/index.php?rest_route=\/wp\/v2\/users\/1"}],"replies":[{"embeddable":true,"href":"https:\/\/www.ladislavjakl.cz\/index.php?rest_route=%2Fwp%2Fv2%2Fcomments&post=2386"}],"version-history":[{"count":3,"href":"https:\/\/www.ladislavjakl.cz\/index.php?rest_route=\/wp\/v2\/posts\/2386\/revisions"}],"predecessor-version":[{"id":2388,"href":"https:\/\/www.ladislavjakl.cz\/index.php?rest_route=\/wp\/v2\/posts\/2386\/revisions\/2388"}],"wp:attachment":[{"href":"https:\/\/www.ladislavjakl.cz\/index.php?rest_route=%2Fwp%2Fv2%2Fmedia&parent=2386"}],"wp:term":[{"taxonomy":"category","embeddable":true,"href":"https:\/\/www.ladislavjakl.cz\/index.php?rest_route=%2Fwp%2Fv2%2Fcategories&post=2386"},{"taxonomy":"post_tag","embeddable":true,"href":"https:\/\/www.ladislavjakl.cz\/index.php?rest_route=%2Fwp%2Fv2%2Ftags&post=2386"}],"curies":[{"name":"wp","href":"https:\/\/api.w.org\/{rel}","templated":true}]}}