{"id":2389,"date":"2012-08-09T16:30:43","date_gmt":"2012-08-09T14:30:43","guid":{"rendered":"http:\/\/www.ladislavjakl.cz\/?p=2389"},"modified":"2012-08-09T16:30:43","modified_gmt":"2012-08-09T14:30:43","slug":"chrante-sve-penezenky-brusel-po-nich-jde-hlasa-hradni-kandidat-jakl","status":"publish","type":"post","link":"https:\/\/www.ladislavjakl.cz\/?p=2389","title":{"rendered":"Chra\u0148te sv\u00e9 pen\u011b\u017eenky, Brusel po nich jde, hl\u00e1s\u00e1 hradn\u00ed kandid\u00e1t Jakl"},"content":{"rendered":"<p>Prezident\u016fv tajemn\u00edk Ladislav Jakl, kter\u00fd sh\u00e1n\u00ed 50 tis\u00edc podpis\u016f, aby mohl kandidovat na funkci hlavy st\u00e1tu, oslovuje ob\u010dany tvrdou kritikou Evropsk\u00e9 unie. &#8222;Chra\u0148te sv\u00e9 pen\u011b\u017eenky, chra\u0148te svou svobodu. Brusel V\u00e1m po nich jde!&#8220; uv\u00e1d\u00ed Jakl na let\u00e1\u010dku, kde se p\u0159edstavuje jako znalec piva a \u010dlov\u011bk, kter\u00fd p\u0159eje svobodu sob\u011b, ale i druh\u00fdm.<\/p>\n<p><!--more-->Pro Jakla se pokou\u0161\u00ed sehnat podpisy neparlamentn\u00ed Strana svobodn\u00fdch ob\u010dan\u016f, k jej\u00edm\u017e sympatizant\u016fm Klaus\u016fv politick\u00fd poradce Jakl pat\u0159\u00ed. M\u00edstop\u0159edseda strany Radim Smetka \u0159ekl, \u017ee ka\u017ed\u00fd ze \u010dlen\u016f a sympatizant\u016f strany, jich\u017e je okolo 1 400, dostal &#8222;\u00fakol&#8220; sehnat pro Jakla 50 podpis\u016f. &#8222;Zat\u00edm n\u00e1m p\u0159i\u0161lo prvn\u00edch p\u00e1r ob\u00e1lek, nezn\u00e1me konkr\u00e9tn\u00ed po\u010det podpis\u016f,&#8220; \u0159ekl Smetka. Jaklova kampa\u0148 by podle n\u011bj nem\u011bla st\u00e1t v\u00edc ne\u017e 1,5 milionu korun.<\/p>\n<p>Jakl m\u011bl p\u016fvodn\u011b dorazit i na tiskovou konferenci, kde Svobodn\u00ed p\u0159edstavili sv\u00fdch osm kandid\u00e1t\u016f do Sen\u00e1tu, ale organiz\u00e1to\u0159i ho na posledn\u00ed chv\u00edli omluvili. &#8222;Nedovol\u00ed mu to jeho pracovn\u00ed povinnosti,&#8220; omluvila Jaklovu ne\u00fa\u010dast moder\u00e1torka. Jeden z p\u0159\u00edtomn\u00fdch politik\u016f ale iDNES.cz \u0159ekl, \u017ee Jakla z Hradu prost\u011b nepustili.<\/p>\n<p>V\u00e1clav Klaus toti\u017e podle neofici\u00e1ln\u00edch informac\u00ed nen\u00ed pr\u00e1v\u011b nad\u0161en Jaklovou kandidaturou. P\u0159ed \u010dasem se naopak pozitivn\u011b vyslovil ke kandidatu\u0159e b\u00fdval\u00e9ho premi\u00e9ra Milo\u0161e Zemana.<\/p>\n<p>&#8222;Milo\u0161e Zemana pova\u017euji za v\u00fdznamnou osobnost \u010desk\u00e9 politiky, s \u010d\u00edm\u017e jsem se nikdy netajil. Jeho prezidentskou kandidaturu pova\u017euji za logick\u00e9 vy\u00fast\u011bn\u00ed jeho politick\u00e9 i \u017eivotn\u00ed dr\u00e1hy. O prezidentskou kandidaturu by se podle m\u00e9ho n\u00e1zoru m\u011bli uch\u00e1zet lid\u00e9, kte\u0159\u00ed pro na\u0161i zemi n\u011bco vykonali. Milo\u0161 Zeman mezi n\u011b pat\u0159\u00ed,&#8220; uvedl p\u0159ed \u010dasem pro MF DNES Klaus.<br \/>\nJakl pom\u00e1h\u00e1 zviditelnit Svobodn\u00e9, kte\u0159\u00ed jsou pro odchod z EU.<\/p>\n<p>I kdy\u017e Jakl nepat\u0159\u00ed k favorit\u016fm prezidentsk\u00e9ho kl\u00e1n\u00ed, jak potvrzuj\u00ed i v\u0161echny dosud publikovan\u00e9 pr\u016fzkumy, pro neparlamentn\u00ed Stranu svobodn\u00fdch ob\u010dan\u016f m\u00e1 jeho krok velk\u00fd v\u00fdznam. Pom\u00e1h\u00e1 ji toti\u017e zviditelnit p\u0159ed podzimn\u00edmi volbami.<br \/>\nOsm kandid\u00e1t\u016f Svobodn\u00fdch do Sen\u00e1tu<\/p>\n<p>Ji\u0159\u00ed P\u00e1nek &#8211; Sokolov<br \/>\nJaroslav Mitlener &#8211; Mlad\u00e1 Boleslav<br \/>\nRichard Hartmann &#8211; Litom\u011b\u0159ice<br \/>\nJan N\u00e1dvorn\u00edk &#8211; Praha 4<br \/>\nPetr Lichtenberg &#8211; Chrudim<br \/>\nJi\u0159\u00ed Payne &#8211; Praha 2<br \/>\nMiloslav Bedn\u00e1\u0159 &#8211; Praha 12<br \/>\nMilan Vodi\u010dka &#8211; Bene\u0161ov<\/p>\n<p>Jakl\u016fv let\u00e1\u010dek tak\u00e9 propaguje n\u011bkter\u00e9 kl\u00ed\u010dov\u00e9 body programu Svobodn\u00fdch, mimo jin\u00e9 vystoupen\u00ed z Evropsk\u00e9 unie. &#8222;Pen\u00edze nemaj\u00ed putovat p\u0159es Brusel. Maj\u00ed rovnou z\u016fstat lidem, obc\u00edm a kraj\u016fm,&#8220; navrhuje strana.<\/p>\n<p>Svobodn\u00ed vys\u00edlaj\u00ed do boje o Sen\u00e1t osm kandid\u00e1t\u016f, mimo jin\u00e9 dva b\u00fdval\u00e9 sen\u00e1tory za ODS: Jaroslava Mitlenera v Mlad\u00e9 Boleslavi a Jana N\u00e1dvorn\u00edka v Praze 4. Ten ve sv\u00e9 kampani vyu\u017e\u00edv\u00e1 mimo jin\u00e9 klasickou \u017e\u00e1rovku, jej\u00ed\u017e pou\u017e\u00edv\u00e1n\u00ed si Evropsk\u00e1 unie nep\u0159eje. &#8222;Toto je zak\u00e1zan\u00e1 \u017e\u00e1rovka, ale svobodn\u00e1 a dobr\u00e1,&#8220; rad\u00ed N\u00e1dvorn\u00edk voli\u010d\u016fm a p\u0159id\u00e1v\u00e1 slogan paroduj\u00edc\u00ed varov\u00e1n\u00ed, kter\u00e9 je na krabi\u010dk\u00e1ch cigaret: &#8222;Sm\u011brnice a na\u0159\u00edzen\u00ed EU \u0161kod\u00ed va\u0161\u00ed pen\u011b\u017eence.&#8220;<\/p>\n<p>N\u00e1dvorn\u00edk tak\u00e9 vysv\u011btlil, pro\u010d opustil ODS. &#8222;Strana se za Mirka Topol\u00e1nka rozkro\u010dila, ale u\u017e tu nohu nevr\u00e1tila zp\u00e1tky doprava.&#8220;<\/p>\n<p>Dal\u0161\u00ed sen\u00e1tn\u00ed kandid\u00e1t Strany svobodn\u00fdch ob\u010dan\u016f, poradce prezidenta Ji\u0159\u00ed Payne, v \u00fater\u00fd ost\u0159e kritizoval c\u00edrkevn\u00ed restituce, kter\u00e9 podle n\u011bj nejsou v souladu s n\u00e1zorem ob\u010dan\u016f.<\/p>\n<p>Zaj\u00edmav\u00e9 je to proto, \u017ee pr\u00e1v\u011b prezident bude tak\u00e9 rozhodovat o tom, zda potvrd\u00ed c\u00edrkevn\u00ed restituce, kdy\u017e je schv\u00e1l\u00ed parlament. &#8222;Nemohu se vyj\u00e1d\u0159it za n\u011bj. P\u0159ipravujeme pro n\u011bj podklady, ale vyj\u00e1d\u0159\u00ed se, a\u017e to bude m\u00edt na stole,&#8220; \u0159ekl iDNES.cz Payne.<\/p>\n<p><a href=\"http:\/\/zpravy.idnes.cz\/jakl-kandidaturou-na-hrad-pomaha-zviditelnit-svobodne-pp4-\/domaci.aspx?c=A120808_104635_domaci_kop\" target=\"_blank\">Zdroj<\/a><\/p>\n","protected":false},"excerpt":{"rendered":"<p>Prezident\u016fv tajemn\u00edk Ladislav Jakl, kter\u00fd sh\u00e1n\u00ed 50 tis\u00edc podpis\u016f, aby mohl kandidovat na funkci hlavy st\u00e1tu, oslovuje ob\u010dany tvrdou kritikou Evropsk\u00e9 unie. &#8222;Chra\u0148te sv\u00e9 pen\u011b\u017eenky, chra\u0148te svou svobodu. Brusel V\u00e1m po nich jde!&#8220; uv\u00e1d\u00ed Jakl na let\u00e1\u010dku, kde se p\u0159edstavuje jako znalec piva a \u010dlov\u011bk, kter\u00fd p\u0159eje svobodu sob\u011b, ale i druh\u00fdm.<\/p>\n","protected":false},"author":1,"featured_media":0,"comment_status":"open","ping_status":"open","sticky":false,"template":"","format":"standard","meta":{"ngg_post_thumbnail":0,"footnotes":""},"categories":[17,11],"tags":[],"class_list":["post-2389","post","type-post","status-publish","format-standard","hentry","category-jakl-president","category-ozvena"],"_links":{"self":[{"href":"https:\/\/www.ladislavjakl.cz\/index.php?rest_route=\/wp\/v2\/posts\/2389","targetHints":{"allow":["GET"]}}],"collection":[{"href":"https:\/\/www.ladislavjakl.cz\/index.php?rest_route=\/wp\/v2\/posts"}],"about":[{"href":"https:\/\/www.ladislavjakl.cz\/index.php?rest_route=\/wp\/v2\/types\/post"}],"author":[{"embeddable":true,"href":"https:\/\/www.ladislavjakl.cz\/index.php?rest_route=\/wp\/v2\/users\/1"}],"replies":[{"embeddable":true,"href":"https:\/\/www.ladislavjakl.cz\/index.php?rest_route=%2Fwp%2Fv2%2Fcomments&post=2389"}],"version-history":[{"count":2,"href":"https:\/\/www.ladislavjakl.cz\/index.php?rest_route=\/wp\/v2\/posts\/2389\/revisions"}],"predecessor-version":[{"id":2391,"href":"https:\/\/www.ladislavjakl.cz\/index.php?rest_route=\/wp\/v2\/posts\/2389\/revisions\/2391"}],"wp:attachment":[{"href":"https:\/\/www.ladislavjakl.cz\/index.php?rest_route=%2Fwp%2Fv2%2Fmedia&parent=2389"}],"wp:term":[{"taxonomy":"category","embeddable":true,"href":"https:\/\/www.ladislavjakl.cz\/index.php?rest_route=%2Fwp%2Fv2%2Fcategories&post=2389"},{"taxonomy":"post_tag","embeddable":true,"href":"https:\/\/www.ladislavjakl.cz\/index.php?rest_route=%2Fwp%2Fv2%2Ftags&post=2389"}],"curies":[{"name":"wp","href":"https:\/\/api.w.org\/{rel}","templated":true}]}}