{"id":2392,"date":"2012-08-09T16:33:39","date_gmt":"2012-08-09T14:33:39","guid":{"rendered":"http:\/\/www.ladislavjakl.cz\/?p=2392"},"modified":"2012-08-09T16:33:39","modified_gmt":"2012-08-09T14:33:39","slug":"ladislav-jakl-pro-ihned-o-registrovanem-partnerstvi-ceske-televize-a-festivalu-homosexu","status":"publish","type":"post","link":"https:\/\/www.ladislavjakl.cz\/?p=2392","title":{"rendered":"Ladislav Jakl pro iHNED o registrovan\u00e9m partnerstv\u00ed \u010cesk\u00e9 televize a festivalu homosexu"},"content":{"rendered":"<p>Dobr\u00fd den, chci se zeptat, co \u0159\u00edk\u00e1te na fakt, \u017ee \u010cesk\u00e1 televize a Radio Wave je medi\u00e1ln\u00edm partnerem akce Prague Pride? Mysl\u00edte si, \u017ee je to role, kterou by m\u011bla zast\u00e1vat m\u00e9dia ve\u0159ejn\u00e9 slu\u017eby?<\/p>\n<p><!--more--><em>Nijak mi to nevad\u00ed. Pokud je ov\u0161em medi\u00e1ln\u00edm partnerem i ve\u0159ejn\u00fdch akc\u00ed na podporu rodiny a konzervativn\u00edch hodnot. A to jist\u011b je, ur\u010dit\u011b by p\u0159ece nepreferovala jen jeden n\u00e1zor oproti jin\u00fdm za pen\u00edze v\u0161ech.<\/em><\/p>\n<p><strong>Mysl\u00edte si tedy, \u017ee akce na podporu rodiny a konzervativn\u00edch hodnot ve\u0159ejnopr\u00e1vn\u00ed m\u00e9dia dostate\u010dn\u011b podporuj\u00ed?<\/strong><\/p>\n<p>J\u00e1 jsem si takov\u00e9 podpory v \u017eivot\u011b nev\u0161iml, ale to je jist\u011b jen mou nepozornost\u00ed.<\/p>\n<p>D\u011bkuji za V\u00e1\u0161 n\u00e1zor.<br \/>\nS pozdravem, Jan Pavec,<\/p>\n<p>IHNED.cz<\/p>\n","protected":false},"excerpt":{"rendered":"<p>Dobr\u00fd den, chci se zeptat, co \u0159\u00edk\u00e1te na fakt, \u017ee \u010cesk\u00e1 televize a Radio Wave je medi\u00e1ln\u00edm partnerem akce Prague Pride? Mysl\u00edte si, \u017ee je to role, kterou by m\u011bla zast\u00e1vat m\u00e9dia ve\u0159ejn\u00e9 slu\u017eby?<\/p>\n","protected":false},"author":1,"featured_media":0,"comment_status":"open","ping_status":"open","sticky":false,"template":"","format":"standard","meta":{"ngg_post_thumbnail":0,"footnotes":""},"categories":[13],"tags":[],"class_list":["post-2392","post","type-post","status-publish","format-standard","hentry","category-rozhovory"],"_links":{"self":[{"href":"https:\/\/www.ladislavjakl.cz\/index.php?rest_route=\/wp\/v2\/posts\/2392","targetHints":{"allow":["GET"]}}],"collection":[{"href":"https:\/\/www.ladislavjakl.cz\/index.php?rest_route=\/wp\/v2\/posts"}],"about":[{"href":"https:\/\/www.ladislavjakl.cz\/index.php?rest_route=\/wp\/v2\/types\/post"}],"author":[{"embeddable":true,"href":"https:\/\/www.ladislavjakl.cz\/index.php?rest_route=\/wp\/v2\/users\/1"}],"replies":[{"embeddable":true,"href":"https:\/\/www.ladislavjakl.cz\/index.php?rest_route=%2Fwp%2Fv2%2Fcomments&post=2392"}],"version-history":[{"count":1,"href":"https:\/\/www.ladislavjakl.cz\/index.php?rest_route=\/wp\/v2\/posts\/2392\/revisions"}],"predecessor-version":[{"id":2393,"href":"https:\/\/www.ladislavjakl.cz\/index.php?rest_route=\/wp\/v2\/posts\/2392\/revisions\/2393"}],"wp:attachment":[{"href":"https:\/\/www.ladislavjakl.cz\/index.php?rest_route=%2Fwp%2Fv2%2Fmedia&parent=2392"}],"wp:term":[{"taxonomy":"category","embeddable":true,"href":"https:\/\/www.ladislavjakl.cz\/index.php?rest_route=%2Fwp%2Fv2%2Fcategories&post=2392"},{"taxonomy":"post_tag","embeddable":true,"href":"https:\/\/www.ladislavjakl.cz\/index.php?rest_route=%2Fwp%2Fv2%2Ftags&post=2392"}],"curies":[{"name":"wp","href":"https:\/\/api.w.org\/{rel}","templated":true}]}}