{"id":2394,"date":"2012-08-09T16:40:53","date_gmt":"2012-08-09T14:40:53","guid":{"rendered":"http:\/\/www.ladislavjakl.cz\/?p=2394"},"modified":"2012-08-09T16:40:53","modified_gmt":"2012-08-09T14:40:53","slug":"ladislav-jakl-pro-ctrnacidenik-romano-hangos","status":"publish","type":"post","link":"https:\/\/www.ladislavjakl.cz\/?p=2394","title":{"rendered":"Ladislav Jakl pro \u010dtrn\u00e1ciden\u00edk Romano hangos"},"content":{"rendered":"<p>Dobr\u00fd den, r\u00e1d bych v\u00e1s po\u017e\u00e1dal o p\u00e1r odpov\u011bd\u00ed ( v rozsahu do asi 3 &#8211; 4 000 znak\u016f ) na ot\u00e1zky romsk\u00e9ho \u010dtrn\u00e1ctiden\u00edku Romano hangos, kter\u00fd vych\u00e1z\u00ed v n\u00e1kladu 3 100 ks v Brn\u011b.<\/p>\n<p><!--more--><strong>( Mimochodem, vid\u011bli jste u\u017e tu novou fotostranu, na n\u00ed\u017e v\u017edycky v ka\u017ed\u00e9m \u010d\u00edsle p\u0159edstavujeme n\u011bjakou romsko st\u0159edo- nebo vysoko\u0161kola\u010dku &#8211; na <a href=\"http:\/\/www.srnm.cz\">www.srnm.cz<\/a> nebo <a href=\"http:\/\/www.larvagrafik.com\/sekce\/30-noviny\">www.larvagrafik.com\/sekce\/30-noviny<\/a> ?).<\/strong><\/p>\n<p><em>Fotostranu jsem nevid\u011bl, ale pamatuji si, jak jsem tuhle v Romsk\u00e9m muzeu v Brn\u011b vid\u011bl jednu z nejhez\u010d\u00edch d\u00edvek v \u017eivot\u011b, tak si to um\u00edm p\u0159edstavit.<\/em><\/p>\n<p><strong>Co se t\u00fdk\u00e1 ot\u00e1zek:<\/strong><\/p>\n<p><strong>U v\u0161ech kandid\u00e1t\u016f bych r\u00e1d v\u011bd\u011bl, pro\u010d se ( stru\u010dn\u011bji ) rozhodli uch\u00e1zet o post hlavy st\u00e1tu?<\/strong><\/p>\n<p><em>Proto\u017ee pro lidi bl\u00edzk\u00e9 m\u00e9mu uva\u017eov\u00e1n\u00ed tam a\u017e do t\u00e9 doby nikdo voliteln\u00fd nebyl.<\/em><\/p>\n<p><strong>a ( mnohem podrobn\u011bji ) kde v\u0161ude vid\u00ed p\u0159\u00ed\u010diny problematick\u00e9ho postaven\u00ed v\u011bt\u0161iny Rom\u016f a co by s t\u00edm cht\u011bli, nejen v symbolick\u00e9 a deklaratorn\u00ed rovin\u011b, d\u011blat.<\/strong><\/p>\n<p><em>To je na knihu. P\u0159\u00ed\u010din je mnoho, jsou historick\u00e9 a hlubok\u00e9. Ze v\u0161eho nejd\u0159\u00edv je t\u0159eba p\u0159estat v\u011b\u0159it na to, \u017ee toto problematick\u00e9 postaven\u00ed lze zm\u011bnit n\u011bkolika geni\u00e1ln\u00edmi opat\u0159en\u00edm\u00ed. Je to probl\u00e9m, se kter\u00fdm se budou pot\u00fdkat je\u0161t\u011b cel\u00e9 generace. N\u00e1pad\u016f na jednotliv\u00e1 zlep\u0161en\u00ed lze m\u00edt celou \u0159adu, ale ur\u010dit\u011b mezi n\u011b nepat\u0159\u00ed l\u00edbiv\u00e9 v\u00fdzvy krasoduch\u016f. Jejich \u017evan\u011bn\u00ed se nikdo nenaj\u00ed. Nap\u0159\u00edklad by se podle mne m\u011bla z\u00e1sadn\u011b zjednodu\u0161it pracovn\u00ed legislativa, to ale asi odbory budou vyskakovat. Je t\u0159eba umo\u017enit pr\u00e1ci i jednor\u00e1zovou, na p\u00e1r hodin, prost\u011b takovou, jakou lid\u00e9 odvykl\u00ed pravideln\u00e9mu re\u017eimu zvl\u00e1dnou. Nenutit podnikatele do byrokracie kolem \u00favazk\u016f, nezat\u011b\u017eovat je tak vysokou cenou pr\u00e1ce, nevnucovat jim tis\u00edce p\u0159edpis\u016f, kv\u016fli nim\u017e si rad\u011bji najmou agenturu s Ukrajinci ne\u017e partu m\u00edstn\u00edch Cik\u00e1n\u016f, kte\u0159\u00ed se pak musej\u00ed d\u00edvat, jak chodn\u00edk kope cizinec, kdy\u017e p\u0159itom oni by to zvl\u00e1dli tak\u00e9. Za velk\u00e9 zlo pova\u017euji mnohaletou praxi zvl\u00e1\u0161tn\u00edch \u0161kol. V tom je u\u017e mal\u00fd pokrok, ale to se nikdy nem\u011blo st\u00e1t.<\/em><\/p>\n<p><strong>U Jany Bobo\u0161\u00edkov\u00e9 a Ladislava Jakla, jak\u00e9 praktick\u00e9 postupy by poradili romsk\u00fdm n\u00e1rodovc\u016fm a nacionalist\u016fm, kte\u0159\u00ed cht\u011bj\u00ed z rozmanit\u00fdch odno\u017e\u00ed a velkorodin Rom\u016f vybudovat jednotn\u00fd romsk\u00fd n\u00e1rod. A d\u00e1l, co soud\u00ed o v\u00fdsledc\u00edch aktivit Evropsk\u00e9 unie jako byl nap\u0159. projekt Evropsk\u00e9ho f\u00f3ra Rom\u016f a Traveller\u016f.<\/strong><\/p>\n<p><em>\u00dapln\u011b p\u0159esn\u011b nev\u00edm, pro\u010d zrovna j\u00e1 dost\u00e1v\u00e1m ot\u00e1zku tohoto typu. Um\u011bl\u00fdch sjednotitel\u016f na n\u00e1bo\u017eensk\u00e9m, n\u00e1rodn\u00edm \u010di jin\u00e9m p\u0159incipu je dost v ka\u017ed\u00e9 spole\u010dnosti a \u017e\u00e1dn\u00fd jin\u00fd recept proti nim nen\u00ed, ne\u017e d\u016fraz na individu\u00e1ln\u00ed svobody. Citovan\u00fd projekt EU nezn\u00e1m, ale nev\u011b\u0159\u00edm, \u017ee m\u016f\u017ee znamenat n\u011bco jin\u00e9ho, ne\u017e pen\u00edze vyhozen\u00e9 za to, \u017ee si n\u011bkdo odfajfkuje bohulibou aktivitu.<\/em><\/p>\n<p><em>Dodal bych, \u017ee jsem adoptoval cik\u00e1nsk\u00e9 mimino a dvacet let ho vychov\u00e1val, \u017ee jsem hr\u00e1l s Cik\u00e1ny v kapele, \u017ee jsem d\u011blal vedouc\u00edho na t\u00e1bo\u0159e cik\u00e1nsk\u00fdch teenager\u016f a \u017ee m\u011b m\u00e1te asi ve \u0161patn\u00e9 \u0161katulce.<\/em><\/p>\n<p><em>Zdrav\u00ed Ladislav Jakl.<br \/>\n<\/em><\/p>\n<p><strong>P\u0159edem d\u00edky za odpov\u011bdi, kter\u00e9 nikdo nebude cenzurovat.<\/strong><\/p>\n<p><strong>S pozdravem Pavel Pe\u010d\u00ednka, \u0161\u00e9fredaktor RH<\/strong><\/p>\n","protected":false},"excerpt":{"rendered":"<p>Dobr\u00fd den, r\u00e1d bych v\u00e1s po\u017e\u00e1dal o p\u00e1r odpov\u011bd\u00ed ( v rozsahu do asi 3 &#8211; 4 000 znak\u016f ) na ot\u00e1zky romsk\u00e9ho \u010dtrn\u00e1ctiden\u00edku Romano hangos, kter\u00fd vych\u00e1z\u00ed v n\u00e1kladu 3 100 ks v Brn\u011b.<\/p>\n","protected":false},"author":1,"featured_media":0,"comment_status":"open","ping_status":"open","sticky":false,"template":"","format":"standard","meta":{"ngg_post_thumbnail":0,"footnotes":""},"categories":[13],"tags":[],"class_list":["post-2394","post","type-post","status-publish","format-standard","hentry","category-rozhovory"],"_links":{"self":[{"href":"https:\/\/www.ladislavjakl.cz\/index.php?rest_route=\/wp\/v2\/posts\/2394","targetHints":{"allow":["GET"]}}],"collection":[{"href":"https:\/\/www.ladislavjakl.cz\/index.php?rest_route=\/wp\/v2\/posts"}],"about":[{"href":"https:\/\/www.ladislavjakl.cz\/index.php?rest_route=\/wp\/v2\/types\/post"}],"author":[{"embeddable":true,"href":"https:\/\/www.ladislavjakl.cz\/index.php?rest_route=\/wp\/v2\/users\/1"}],"replies":[{"embeddable":true,"href":"https:\/\/www.ladislavjakl.cz\/index.php?rest_route=%2Fwp%2Fv2%2Fcomments&post=2394"}],"version-history":[{"count":2,"href":"https:\/\/www.ladislavjakl.cz\/index.php?rest_route=\/wp\/v2\/posts\/2394\/revisions"}],"predecessor-version":[{"id":2396,"href":"https:\/\/www.ladislavjakl.cz\/index.php?rest_route=\/wp\/v2\/posts\/2394\/revisions\/2396"}],"wp:attachment":[{"href":"https:\/\/www.ladislavjakl.cz\/index.php?rest_route=%2Fwp%2Fv2%2Fmedia&parent=2394"}],"wp:term":[{"taxonomy":"category","embeddable":true,"href":"https:\/\/www.ladislavjakl.cz\/index.php?rest_route=%2Fwp%2Fv2%2Fcategories&post=2394"},{"taxonomy":"post_tag","embeddable":true,"href":"https:\/\/www.ladislavjakl.cz\/index.php?rest_route=%2Fwp%2Fv2%2Ftags&post=2394"}],"curies":[{"name":"wp","href":"https:\/\/api.w.org\/{rel}","templated":true}]}}