{"id":2397,"date":"2012-08-09T16:44:43","date_gmt":"2012-08-09T14:44:43","guid":{"rendered":"http:\/\/www.ladislavjakl.cz\/?p=2397"},"modified":"2012-08-09T16:44:43","modified_gmt":"2012-08-09T14:44:43","slug":"umrela-opice-spis-cosi-v-nas","status":"publish","type":"post","link":"https:\/\/www.ladislavjakl.cz\/?p=2397","title":{"rendered":"Um\u0159ela opice? Sp\u00ed\u0161 cosi v n\u00e1s"},"content":{"rendered":"<p>Chc\u00edpla opice. Z\u00a0takov\u00e9 teda asi nepoch\u00e1z\u00edme, proto\u017ee to bychom se b\u00fdvali byli ob\u011bsili d\u0159\u00edv, ne\u017e jsme se narodili.<\/p>\n<p><!--more--><\/p>\n<p>Ona teda ta opice byla  lidoop, ale v\u0161ak si rozum\u00edme. Takov\u00e1 atrakce, uotomiu\u00e9 mu\u00e1\u010f\u00e1tko, dva  dosp\u011bl\u00e9 a t\u0159i d\u011btsk\u00e9 pros\u00edm, tamhle maj\u00ed zmrzlinu, jak si p\u011bkn\u011b huaje a  m\u00e1me taky jednu ply\u0161ovou jen za t\u0159i stovky, tat\u00ednku.<\/p>\n<p>Ale jo. A\u017e na to, \u017ee na ty \u017eiv\u00e9 hra\u010dky jdou ve\u0159ejn\u00e9 pen\u00edze v\u00edc ne\u017e na  ml\u00e1\u010fata lidsk\u00e1, \u010dlov\u011bk ten sentiment jak\u017etak\u017e pochop\u00ed. Jen\u017ee  cojemoctojemoc. Chc\u00edpla opi\u010dka a byla z\u00a0toho n\u00e1rodn\u00ed trag\u00e9die. Plakala  m\u00e1ma, plakal t\u00e1ta, plakaly v\u0161echny d\u011bti. A novin\u00e1\u0159\u016fm se t\u0159\u00e1sl dojet\u00edm  hlas a ru\u010dka s\u00a0mikrofonem. Pak zpomalen\u00e9 z\u00e1b\u011bry a j\u00edmav\u00e1 hudba.<\/p>\n<p>Nebude st\u00e1tn\u00ed poh\u0159eb? Nebo aspo\u0148 tryzna? Smute\u010dn\u00ed projevy? Mo\u017en\u00e1 se  ve stejnou chv\u00edli vedle v\u00a0ulici v\u011b\u0161ela babi\u010dka, kterou jej\u00ed d\u011bti  nenav\u0161t\u00edvily u\u017e p\u011bt let, proto\u017ee vod\u00ed sv\u00e9 d\u011bti na opi\u010dky. Za tu babi\u010dku  tryzna nebude.<\/p>\n<p>Z\u00e1stupy truchl\u00edc\u00edch se hrnou k\u00a0v\u00fdb\u011bhu. A hned za zd\u00ed zrovna tak n\u011bjak  hum\u00e1nn\u011b, ehm, jak to \u0159\u00edct, d\u011blaj\u00ed z\u00a0\u017eiv\u00fdch uotomiu\u00fdch ku\u00e1u\u00ed\u010dk\u016f kus  \u017evance pro krokod\u00fdly a krajty.<\/p>\n<p>Ale to nikdo nevid\u00ed, doj\u00edm\u00e1n\u00ed mus\u00ed b\u00fdt tak akor\u00e1t, za chv\u00edli bude sport a po\u010das\u00ed.<\/p>\n<p><a href=\"http:\/\/jakl.blog.idnes.cz\/c\/282608\/Umrela-opice-Spis-cosi-v-nas.html\" target=\"_blank\">Zdroj<\/a><\/p>\n","protected":false},"excerpt":{"rendered":"<p>Chc\u00edpla opice. Z\u00a0takov\u00e9 teda asi nepoch\u00e1z\u00edme, proto\u017ee to bychom se b\u00fdvali byli ob\u011bsili d\u0159\u00edv, ne\u017e jsme se narodili.<\/p>\n","protected":false},"author":1,"featured_media":0,"comment_status":"open","ping_status":"open","sticky":false,"template":"","format":"standard","meta":{"ngg_post_thumbnail":0,"footnotes":""},"categories":[1],"tags":[],"class_list":["post-2397","post","type-post","status-publish","format-standard","hentry","category-publikovane-clanky"],"_links":{"self":[{"href":"https:\/\/www.ladislavjakl.cz\/index.php?rest_route=\/wp\/v2\/posts\/2397","targetHints":{"allow":["GET"]}}],"collection":[{"href":"https:\/\/www.ladislavjakl.cz\/index.php?rest_route=\/wp\/v2\/posts"}],"about":[{"href":"https:\/\/www.ladislavjakl.cz\/index.php?rest_route=\/wp\/v2\/types\/post"}],"author":[{"embeddable":true,"href":"https:\/\/www.ladislavjakl.cz\/index.php?rest_route=\/wp\/v2\/users\/1"}],"replies":[{"embeddable":true,"href":"https:\/\/www.ladislavjakl.cz\/index.php?rest_route=%2Fwp%2Fv2%2Fcomments&post=2397"}],"version-history":[{"count":1,"href":"https:\/\/www.ladislavjakl.cz\/index.php?rest_route=\/wp\/v2\/posts\/2397\/revisions"}],"predecessor-version":[{"id":2398,"href":"https:\/\/www.ladislavjakl.cz\/index.php?rest_route=\/wp\/v2\/posts\/2397\/revisions\/2398"}],"wp:attachment":[{"href":"https:\/\/www.ladislavjakl.cz\/index.php?rest_route=%2Fwp%2Fv2%2Fmedia&parent=2397"}],"wp:term":[{"taxonomy":"category","embeddable":true,"href":"https:\/\/www.ladislavjakl.cz\/index.php?rest_route=%2Fwp%2Fv2%2Fcategories&post=2397"},{"taxonomy":"post_tag","embeddable":true,"href":"https:\/\/www.ladislavjakl.cz\/index.php?rest_route=%2Fwp%2Fv2%2Ftags&post=2397"}],"curies":[{"name":"wp","href":"https:\/\/api.w.org\/{rel}","templated":true}]}}