{"id":24,"date":"2009-12-07T17:02:50","date_gmt":"2009-12-07T16:02:50","guid":{"rendered":"http:\/\/www.ladislavjakl.cz\/?p=24"},"modified":"2013-05-30T16:12:35","modified_gmt":"2013-05-30T14:12:35","slug":"odkazy","status":"publish","type":"post","link":"https:\/\/www.ladislavjakl.cz\/?p=24","title":{"rendered":"Zaj\u00edmav\u00e9 odkazy"},"content":{"rendered":"<p><a href=\"http:\/\/www.folimankablues.cz\/\" target=\"_blank\"><img loading=\"lazy\" decoding=\"async\" class=\"size-full wp-image-2266 alignnone\" title=\"fb\" src=\"https:\/\/www.ladislavjakl.cz\/wp-content\/uploads\/2009\/12\/fb.png\" alt=\"fb\" width=\"400\" height=\"120\" srcset=\"https:\/\/www.ladislavjakl.cz\/wp-content\/uploads\/2009\/12\/fb.png 400w, https:\/\/www.ladislavjakl.cz\/wp-content\/uploads\/2009\/12\/fb-264x79.png 264w\" sizes=\"auto, (max-width: 400px) 100vw, 400px\" \/><\/a><\/p>\n<p>Kapelu dal dohromady v kv\u011btnu roku 1993 Ladislav Jakl. Sou\u010dasn\u00fd n\u00e1zev nese <strong>Folimanka Blues<\/strong> od prosince 1993, nyn\u00ed hraje v sestav\u011b zku\u0161en\u00fdch a osobit\u00fdch muzikant\u016f.<\/p>\n<p><a href=\"http:\/\/www.institutvk.cz\/\"><img loading=\"lazy\" decoding=\"async\" class=\"size-full wp-image-3900 alignnone\" title=\"Institut V\u00e1clava Klause\" src=\"https:\/\/www.ladislavjakl.cz\/wp-content\/uploads\/2009\/12\/ivk.png\" alt=\"Institut V\u00e1clava Klause\" width=\"400\" height=\"120\" srcset=\"https:\/\/www.ladislavjakl.cz\/wp-content\/uploads\/2009\/12\/ivk.png 400w, https:\/\/www.ladislavjakl.cz\/wp-content\/uploads\/2009\/12\/ivk-264x79.png 264w\" sizes=\"auto, (max-width: 400px) 100vw, 400px\" \/><\/a><\/p>\n<p>Institut V\u00e1clava Klause.<\/p>\n<p><a href=\"http:\/\/www.magisterkelley.cz\/\" target=\"_blank\"><img loading=\"lazy\" decoding=\"async\" title=\"kelley\" src=\"https:\/\/www.ladislavjakl.cz\/wp-content\/uploads\/2009\/12\/kelley.png\" alt=\"kelley\" width=\"400\" height=\"120\" \/><\/a><\/p>\n<p>Ka\u017ed\u00fd (99,9%) \u010dtvrtek.<\/p>\n<p><a href=\"http:\/\/www.prvnipivniextraliga.cz\/\" target=\"_blank\"><img loading=\"lazy\" decoding=\"async\" title=\"ppe\" src=\"https:\/\/www.ladislavjakl.cz\/wp-content\/uploads\/2009\/12\/ppe.png\" alt=\"ppe\" width=\"400\" height=\"120\" \/><\/a><\/p>\n<p><a href=\"http:\/\/bandzone.cz\/etal\" target=\"_blank\"><img loading=\"lazy\" decoding=\"async\" src=\"https:\/\/www.ladislavjakl.cz\/wp-content\/gallery\/perexy\/etal.png\" alt=\"etal\" width=\"400\" height=\"120\" \/><\/a><\/p>\n<p>Nem\u00e1te p\u0159edstavu, jak ETAL bol\u00ed. Poslechn\u011bte si ho!<\/p>\n<p><a href=\"http:\/\/www.svobodni.cz\" target=\"_blank\"><img loading=\"lazy\" decoding=\"async\" title=\"sso\" src=\"https:\/\/www.ladislavjakl.cz\/wp-content\/uploads\/2009\/12\/sso.png\" alt=\"sso\" width=\"400\" height=\"120\" \/><\/a><\/p>\n<p><a href=\"http:\/\/www.akce-dost.cz\/\" target=\"_blank\"><img loading=\"lazy\" decoding=\"async\" title=\"dost\" src=\"https:\/\/www.ladislavjakl.cz\/wp-content\/uploads\/2009\/12\/dost.png\" alt=\"dost\" width=\"400\" height=\"120\" \/><\/a><\/p>\n<p><a href=\"http:\/\/pivni.info\/\" target=\"_blank\"><img loading=\"lazy\" decoding=\"async\" title=\"pi\" src=\"https:\/\/www.ladislavjakl.cz\/wp-content\/uploads\/2009\/12\/pi.png\" alt=\"pi\" width=\"400\" height=\"120\" \/><\/a><\/p>\n<p><a href=\"http:\/\/jakl.blog.idnes.cz\/\" target=\"_blank\"><img decoding=\"async\" class=\"ngg-singlepic ngg-none\" src=\"https:\/\/www.ladislavjakl.cz\/wp-content\/gallery\/perexy\/idnes.png\" alt=\"idnes\" \/><\/a><\/p>\n<p>Na serveru idnes L.J. bloguje od srpna 07.<\/p>\n<p>Na serveru svetpiva.cz L.J. bloguje od kv\u011btna 08.<\/p>\n<p><a href=\"http:\/\/www.memorialmatejekudeje.cz\/\" target=\"_blank\"><img loading=\"lazy\" decoding=\"async\" class=\"ngg-singlepic ngg-none\" src=\"https:\/\/www.ladislavjakl.cz\/wp-content\/gallery\/perexy\/kudej.png\" alt=\"kudej\" width=\"400\" height=\"120\" \/><\/a><\/p>\n<p>Obnoven\u00fd Memori\u00e1l Mat\u011bje Kud\u011bje je akce, kter\u00e1 je svol\u00e1v\u00e1na v\u017edy koncem \u0159\u00edjna.<\/p>\n<p><a href=\"http:\/\/www.aliancepiv.cz\/\" target=\"_blank\"><img loading=\"lazy\" decoding=\"async\" class=\"alignnone size-full wp-image-2274\" title=\"aliancepiv\" src=\"https:\/\/www.ladislavjakl.cz\/wp-content\/uploads\/2009\/12\/aliancepiv.png\" alt=\"aliancepiv\" width=\"400\" height=\"120\" srcset=\"https:\/\/www.ladislavjakl.cz\/wp-content\/uploads\/2009\/12\/aliancepiv.png 400w, https:\/\/www.ladislavjakl.cz\/wp-content\/uploads\/2009\/12\/aliancepiv-264x79.png 264w\" sizes=\"auto, (max-width: 400px) 100vw, 400px\" \/><\/a><\/p>\n","protected":false},"excerpt":{"rendered":"<p>Kapelu dal dohromady v kv\u011btnu roku 1993 Ladislav Jakl. Sou\u010dasn\u00fd n\u00e1zev nese Folimanka Blues od prosince 1993, nyn\u00ed hraje v sestav\u011b zku\u0161en\u00fdch a osobit\u00fdch muzikant\u016f. Institut V\u00e1clava Klause. Ka\u017ed\u00fd (99,9%) \u010dtvrtek. Nem\u00e1te p\u0159edstavu, jak ETAL bol\u00ed. Poslechn\u011bte si ho! Na serveru idnes L.J. bloguje od srpna 07. Na serveru svetpiva.cz L.J. bloguje od kv\u011btna 08. [&hellip;]<\/p>\n","protected":false},"author":1,"featured_media":0,"comment_status":"open","ping_status":"open","sticky":false,"template":"","format":"standard","meta":{"ngg_post_thumbnail":0,"footnotes":""},"categories":[2],"tags":[],"class_list":["post-24","post","type-post","status-publish","format-standard","hentry","category-odkazy"],"_links":{"self":[{"href":"https:\/\/www.ladislavjakl.cz\/index.php?rest_route=\/wp\/v2\/posts\/24","targetHints":{"allow":["GET"]}}],"collection":[{"href":"https:\/\/www.ladislavjakl.cz\/index.php?rest_route=\/wp\/v2\/posts"}],"about":[{"href":"https:\/\/www.ladislavjakl.cz\/index.php?rest_route=\/wp\/v2\/types\/post"}],"author":[{"embeddable":true,"href":"https:\/\/www.ladislavjakl.cz\/index.php?rest_route=\/wp\/v2\/users\/1"}],"replies":[{"embeddable":true,"href":"https:\/\/www.ladislavjakl.cz\/index.php?rest_route=%2Fwp%2Fv2%2Fcomments&post=24"}],"version-history":[{"count":19,"href":"https:\/\/www.ladislavjakl.cz\/index.php?rest_route=\/wp\/v2\/posts\/24\/revisions"}],"predecessor-version":[{"id":3903,"href":"https:\/\/www.ladislavjakl.cz\/index.php?rest_route=\/wp\/v2\/posts\/24\/revisions\/3903"}],"wp:attachment":[{"href":"https:\/\/www.ladislavjakl.cz\/index.php?rest_route=%2Fwp%2Fv2%2Fmedia&parent=24"}],"wp:term":[{"taxonomy":"category","embeddable":true,"href":"https:\/\/www.ladislavjakl.cz\/index.php?rest_route=%2Fwp%2Fv2%2Fcategories&post=24"},{"taxonomy":"post_tag","embeddable":true,"href":"https:\/\/www.ladislavjakl.cz\/index.php?rest_route=%2Fwp%2Fv2%2Ftags&post=24"}],"curies":[{"name":"wp","href":"https:\/\/api.w.org\/{rel}","templated":true}]}}