{"id":2406,"date":"2012-08-14T15:41:00","date_gmt":"2012-08-14T13:41:00","guid":{"rendered":"http:\/\/www.ladislavjakl.cz\/?p=2406"},"modified":"2012-08-14T15:41:00","modified_gmt":"2012-08-14T13:41:00","slug":"hanakova-pirueta-na-hlave","status":"publish","type":"post","link":"https:\/\/www.ladislavjakl.cz\/?p=2406","title":{"rendered":"Han\u00e1kova pirueta na hlav\u011b"},"content":{"rendered":"<p>Prezident\u016fv poradce Ladislav Jakl minul\u00fd t\u00fdden replikoval na Ji\u0159\u00edho Han\u00e1ka, kter\u00fd se o prezidentu V\u00e1clavu Klausovi vyjad\u0159oval jako o kavkazsk\u00e9m em\u00edru sekaj\u00edc\u00edm hlavy. Ve sv\u00e9 sobotn\u00ed duplice Pirueta p\u0159inesl pak Han\u00e1k n\u011bkolik my\u0161lenek, kter\u00e9 m\u011b p\u0159im\u011bly k seps\u00e1n\u00ed t\u00e9to glossy.<br \/>\n<!--more--><\/p>\n<p>Na Jaklovu v\u00fdtku, \u017ee byl autor \u010dlenem KS\u010c, pak Han\u00e1k bez ostychu odpov\u00edd\u00e1, \u017ee pochopiteln\u011b byl p\u011bt let komunistou a pokra\u010duje nejen ot\u0159epan\u00fdm, ale nav\u00edc manipulativn\u00edm a pro m\u011b osobn\u011b i velmi ur\u00e1\u017eliv\u00fdm tvrzen\u00edm, \u017ee kdo ve dvaceti letech nebyl komunistou, nem\u011bl du\u0161i.<\/p>\n<p>Pane Han\u00e1ku, pr\u00e1v\u011b naopak! V\u00edra v ideologii nesmi\u0159iteln\u00e9ho t\u0159\u00eddn\u00edho boje a otev\u0159en\u00e9 nep\u0159\u00e1telstv\u00ed v\u016f\u010di jin\u00fdm lidsk\u00fdm bytostem jen kv\u016fli tomu, do jak\u00fdch rodinn\u00fdch pom\u011br\u016f se narodily, nen\u00ed zn\u00e1mkou nav\u00fdsost \u010dist\u00e9 du\u0161e a laskav\u00e9ho srdce. Je to naopak zn\u00e1mkou bu\u010f zbab\u011blosti, nebo bezcharaktern\u00edho prosp\u011bch\u00e1\u0159stv\u00ed, \u010di nekone\u010dn\u00e9 hlouposti. Nic z toho nelze omlouvat ml\u00e1d\u00edm: j\u00e1 jsem ani ve sv\u00fdch dvaceti letech, ani nikdy jindy komunistou nebyl. Stejn\u011b jako j\u00edm nebyl ani m\u016fj otec, jen\u017e od sv\u00fdch \u0161estn\u00e1cti let proti komunismu ve\u0159ejn\u011b vystupoval, proto\u017ee nesnesl, jak re\u017eim dus\u00ed ob\u010dansk\u00e9 svobody a st\u00e1tn\u00ed suverenitu.<br \/>\nKS\u010c byla prohl\u00e1\u0161ena za zlo\u010dinnou organizaci, \u010dlenstv\u00ed v n\u00ed je tud\u00ed\u017e rovno \u010dlenstv\u00ed v NSDAP nebo mafii. B\u00fdt n\u011bkdej\u0161\u00edm \u010dlenem zlo\u010dinn\u00e9 organizace, velmi bych v\u00e1\u017eil slova. A snad bych rad\u011bji ml\u010del, ne\u017e se vymlouval na to, \u017ee mi bylo dvacet. Pan Han\u00e1k podporoval mocenskou strukturu komunistick\u00e9 strany, sv\u00fdm drobn\u00fdm \u010di v\u011bt\u0161\u00edm pod\u00edlem j\u00ed prop\u016fj\u010doval legitimitu, svou p\u0159\u00edslu\u0161nost\u00ed k n\u00ed se stal spolupachatelem jej\u00edch zlo\u010din\u016f a pro jeho trapn\u00e9 v\u00fdmluvy na nezku\u0161enost ml\u00e1d\u00ed na n\u011bm nad\u00e1le z\u016fst\u00e1v\u00e1 tato skvrna.<\/p>\n<p>\u201eKdo ve dvaceti letech nebyl stejn\u00fdm zlo\u010dincem jako j\u00e1, nem\u011bl du\u0161i.\u201c Takov\u00e9 je ve skute\u010dnosti poselstv\u00ed Han\u00e1kovy dupliky. Jej\u00ed autor by m\u011bl ale v\u011bd\u011bt, \u017ee v zemi, kde je nez\u00e1visl\u00e1 kandidatura m\u00e9ho otce za leg\u00e1ln\u00ed stranu proh\u0159e\u0161kem tak z\u00e1va\u017en\u00fdm, \u017ee \u201epachatele\u201c vylu\u010duje ze spole\u010dnosti slu\u0161n\u00fdch lid\u00ed, mus\u00ed b\u00fdt \u010dlenstv\u00ed ve zlo\u010dinn\u00e9 organizaci n\u011b\u010d\u00edm, co pana Han\u00e1ka vylu\u010duje i ze spole\u010dnosti lid\u00ed neslu\u0161n\u00fdch.<\/p>\n<p>A taky aby ne. V\u017edy\u0165 vlastn\u011b i pan Han\u00e1k vykle\u0161\u0165oval rusk\u00e9 pravoslavn\u00e9 duchovn\u00ed, na madridsk\u00fdch p\u0159edm\u011bst\u00edch upaloval \u0159\u00e1dov\u00e9 sestry za\u017eiva, zav\u00e1d\u011bl program st\u00e1tem \u0159\u00edzen\u00e9ho hladomoru na Ukrajin\u011b, vra\u017edil \u010d\u00ednsk\u00e9, kambod\u017esk\u00e9 a vietnamsk\u00e9 roln\u00edky a m\u00e9ho prad\u011bde\u010dka v bol\u0161evick\u00e9m koncentr\u00e1ku ukopal k smrti. A v koz\u00e1ck\u00e9 stanici Carsk\u00e9 nedaleko kavkazsk\u00e9ho Majkopu p\u011btilet\u00fdm d\u011bv\u010d\u00e1tk\u016fm usekal ru\u010di\u010dky v z\u00e1p\u011bst\u00ed a pak je ob\u011bsil na \u0161ibenici.<\/p>\n<p>10.08.2012 Alexandr B\u00e1tora<\/p>\n<p><a href=\"http:\/\/www.dfens-cz.com\/view.php?cisloclanku=2012081203\" target=\"_blank\">Zdroj<\/a><\/p>\n","protected":false},"excerpt":{"rendered":"<p>Prezident\u016fv poradce Ladislav Jakl minul\u00fd t\u00fdden replikoval na Ji\u0159\u00edho Han\u00e1ka, kter\u00fd se o prezidentu V\u00e1clavu Klausovi vyjad\u0159oval jako o kavkazsk\u00e9m em\u00edru sekaj\u00edc\u00edm hlavy. Ve sv\u00e9 sobotn\u00ed duplice Pirueta p\u0159inesl pak Han\u00e1k n\u011bkolik my\u0161lenek, kter\u00e9 m\u011b p\u0159im\u011bly k seps\u00e1n\u00ed t\u00e9to glossy.<\/p>\n","protected":false},"author":1,"featured_media":0,"comment_status":"open","ping_status":"open","sticky":false,"template":"","format":"standard","meta":{"ngg_post_thumbnail":0,"footnotes":""},"categories":[11],"tags":[],"class_list":["post-2406","post","type-post","status-publish","format-standard","hentry","category-ozvena"],"_links":{"self":[{"href":"https:\/\/www.ladislavjakl.cz\/index.php?rest_route=\/wp\/v2\/posts\/2406","targetHints":{"allow":["GET"]}}],"collection":[{"href":"https:\/\/www.ladislavjakl.cz\/index.php?rest_route=\/wp\/v2\/posts"}],"about":[{"href":"https:\/\/www.ladislavjakl.cz\/index.php?rest_route=\/wp\/v2\/types\/post"}],"author":[{"embeddable":true,"href":"https:\/\/www.ladislavjakl.cz\/index.php?rest_route=\/wp\/v2\/users\/1"}],"replies":[{"embeddable":true,"href":"https:\/\/www.ladislavjakl.cz\/index.php?rest_route=%2Fwp%2Fv2%2Fcomments&post=2406"}],"version-history":[{"count":1,"href":"https:\/\/www.ladislavjakl.cz\/index.php?rest_route=\/wp\/v2\/posts\/2406\/revisions"}],"predecessor-version":[{"id":2407,"href":"https:\/\/www.ladislavjakl.cz\/index.php?rest_route=\/wp\/v2\/posts\/2406\/revisions\/2407"}],"wp:attachment":[{"href":"https:\/\/www.ladislavjakl.cz\/index.php?rest_route=%2Fwp%2Fv2%2Fmedia&parent=2406"}],"wp:term":[{"taxonomy":"category","embeddable":true,"href":"https:\/\/www.ladislavjakl.cz\/index.php?rest_route=%2Fwp%2Fv2%2Fcategories&post=2406"},{"taxonomy":"post_tag","embeddable":true,"href":"https:\/\/www.ladislavjakl.cz\/index.php?rest_route=%2Fwp%2Fv2%2Ftags&post=2406"}],"curies":[{"name":"wp","href":"https:\/\/api.w.org\/{rel}","templated":true}]}}