{"id":2408,"date":"2012-08-14T15:42:49","date_gmt":"2012-08-14T13:42:49","guid":{"rendered":"http:\/\/www.ladislavjakl.cz\/?p=2408"},"modified":"2012-08-14T15:42:49","modified_gmt":"2012-08-14T13:42:49","slug":"prezident-byl-naposled-na-snezce-je-tu-lada-jasal","status":"publish","type":"post","link":"https:\/\/www.ladislavjakl.cz\/?p=2408","title":{"rendered":"Prezident byl naposled na Sn\u011b\u017ece. Je tu L\u00e1\u010fa, j\u00e1sal"},"content":{"rendered":"<p><strong>Pec pod Sn\u011b\u017ekou<\/strong> &#8211; &#8222;M\u00e1te n\u011bco proti h\u016flk\u00e1m?&#8220; pt\u00e1 se\u00a0v roli  turisty m\u00edstop\u0159edseda Sen\u00e1tu\u00a0P\u0159emysl Sobotka. &#8222;V\u00edte, mn\u011b se s nimi dob\u0159e  stoup\u00e1,&#8220;\u00a0avizuje, \u017ee bez teleskopick\u00fdch hol\u00ed je pro n\u011bj v\u00fdstup  na\u00a0Sn\u011b\u017eku\u00a0 u\u017e t\u011b\u017eko\u00a0p\u0159edstaviteln\u00fd.<\/p>\n<p><!--more-->Je mu 68, na horu\u00a0s vrcholem\u00a01602 metr\u016f nad mo\u0159em stoup\u00e1\u00a0Ob\u0159\u00edm dolem z  Pece\u00a0podes\u00e1t\u00e9, poprv\u00e9 ale jako prezidentsk\u00fd kandid\u00e1t vl\u00e1dn\u00ed ODS.<\/p>\n<p>Z politik\u016f ve vysok\u00e9 funkci je u\u017e\u00a0jedin\u00fd, kdo vyr\u00e1\u017e\u00ed brzo r\u00e1no na  horu z \u00fapat\u00ed. D\u0159\u00edve celou t\u00faru absolvoval i\u00a0prezident V\u00e1clav Klaus, ale  ten nyn\u00ed doraz\u00ed\u00a0jen z Lu\u010dn\u00ed boudy,\u00a0jako hlava st\u00e1tu\u00a0\u0161lape na Sn\u011b\u017eku\u00a0na  tradi\u010dn\u00ed Vav\u0159ineckou m\u0161i naposled.<\/p>\n<p><strong>Na pan\u00e1ka<\/strong><\/p>\n<p>P\u0159emysl Sobotka\u00a0m\u00e1\u00a0s k\u0161iltovkou s n\u00e1pisem Czech a\u00a0na &#8222;mocichtiv\u00e9ho  sta\u0159\u00edka&#8220;, jak ho nep\u0159\u00edmo ozna\u010dil jeho jmenovec\u00a0Bohuslav z \u010cSSD,\u00a0jde  vcelku svi\u017en\u00fdm tempem.<\/p>\n<p>Prvn\u00ed zast\u00e1vka v\u0161ak\u00a0na sebe nenech\u00e1v\u00e1 dlouho\u00a0\u010dekat. U boudy v Ob\u0159\u00edm  dole \u010dek\u00e1 na poutn\u00edky ze Sobotkova t\u00fdmu pan\u00e1k slivovice, prezidentsk\u00fd  kandid\u00e1t\u00a0si\u00a0d\u00e1v\u00e1 prvn\u00ed cigaretu a vysv\u011btluje, \u017ee to nevad\u00ed. Alkohol pr\u00fd  c\u00e9vy roz\u0161i\u0159uje, kou\u0159en\u00ed zase smr\u0161\u0165uj\u00ed, argumentuje\u00a0politik, p\u016fvodn\u00edm  povol\u00e1n\u00edm l\u00e9ka\u0159.<\/p>\n<p>Nen\u00ed z\u0159ejm\u00e9, jestli se s cigaretou nem\u00fdlil, ale\u00a0v\u00a0kopci, kter\u00fd za  zast\u00e1vkou za\u010d\u00edn\u00e1, je u\u017e\u00a0na n\u011bm vid\u011bt n\u00e1maha, s kterou horou zdol\u00e1v\u00e1.  &#8222;Trochu hraju tenis, trochu ly\u017euju, trochu chod\u00edm po hor\u00e1ch. A hlavn\u011b v  tom jsou geny,&#8220; l\u00ed\u010d\u00ed taje sv\u00e9 kondi\u010dky.<\/p>\n<p><strong>Na Slezk\u00e9 p\u0159i\u0161el prezident<\/strong><\/p>\n<p>Na Slezsk\u00e9 boud\u011b P\u0159emysl Sobotka potk\u00e1v\u00e1\u00a0mu\u017ee, k jeho\u017e p\u00e1du z \u010dela  ODS v\u00a0 2002 p\u0159isp\u011bl.\u00a0V\u00e1clav Klaus se s n\u00edm form\u00e1ln\u011b v\u00edt\u00e1, zbytek cesty  na vrchol jdou spolu.<\/p>\n<p>&#8222;P\u0159emku, jak se ti \u0161lape!&#8220; vol\u00e1\u00a0na Sobotku ministr \u017eivotn\u00edho prost\u0159ed\u00ed Tom\u00e1\u0161 Chalupa, kter\u00fd pat\u0159\u00ed do klausovsk\u00e9 suity.<\/p>\n<p>Na vrcholu si politiky rozebere dav. V\u00e1clav Klaus podepisuje  fotografie, sv\u00e9 fanou\u0161ky tu m\u00e1 i Sobotka. Kdy\u017e se fot\u00ed, schov\u00e1v\u00e1 za z\u00e1dy  dal\u0161\u00ed cigaretu. Tentokr\u00e1t v\u00edt\u011bznou.<\/p>\n<p><strong>Na Lu\u010dn\u00ed byl L\u00e1\u010fa<\/strong><\/p>\n<p>\u017de p\u0159\u00edkopy mezi ob\u011bma politiky nejsou po letech  zasyp\u00e1ny,\u00a0nazna\u010duje\u00a0sc\u00e9nka z vrcholu hory. &#8222;On to m\u00e1 jako prezidentskou  kampa\u0148,&#8220; r\u00fdpne si V\u00e1clav Klaus. &#8222;Chod\u00edm sem u\u017e od roku 2003,&#8220; kontruje  Sobotka.<\/p>\n<p>Klaus pak d\u00e1v\u00e1\u00a0k dobru dal\u0161\u00ed &#8222;\u0161\u0165ouch&#8220;.<\/p>\n<p>&#8222;Diskutovali jsme po cest\u011b a tipovali, kter\u00fd z nich to ud\u011bl\u00e1,&#8220;  odpov\u00edd\u00e1 na ot\u00e1zku, jestli s jeho \u00e9rou tradi\u010dn\u00ed v\u00fdstupy na Sn\u011b\u017eku kon\u010d\u00ed.  A jak\u00fd by byl podle n\u011bj Sobotka prezident? &#8222;Kdy\u017e mne p\u0159edh\u00e1n\u00ed na  Sn\u011b\u017ece, tak asi dobr\u00fd,&#8220; z povinnosti odpov\u00ed a miz\u00ed v hlou\u010dku\u00a0fanou\u0161k\u016f.<\/p>\n<p>Po n\u00e1vratu ze Sn\u011b\u017eky na\u00a0Lu\u010dn\u00ed boudu se ukazuje, \u017ee\u00a0prezident m\u00e1 mezi n\u00e1stupci skute\u010dn\u011b jin\u00e9 preference.<\/p>\n<p>&#8222;Tom\u00e1\u0161i, pod\u00edvej, kdo tady je,&#8220; vol\u00e1 radostn\u011b Klaus na ministra  \u017eivotn\u00edho prost\u0159ed\u00ed. &#8222;To\u00a0L\u00e1\u010fa ani neavizoval, \u017ee p\u0159ijede,&#8220; rozz\u00e1\u0159il se  dosluhuj\u00edc\u00ed prezident nad postavou sv\u00e9ho tajemn\u00edka a dal\u0161\u00edho  prezidentsk\u00e9ho kandid\u00e1ta Ladislava Jakla, kter\u00fd se objevuje s t\u0159etinkou  nov\u00e9ho m\u00edstn\u00edho piva Paroh\u00e1\u010d v ruce.<\/p>\n<p><a href=\"http:\/\/aktualne.centrum.cz\/domaci\/politika\/clanek.phtml?id=754135\" target=\"_blank\">Zdroj<\/a><\/p>\n","protected":false},"excerpt":{"rendered":"<p>Pec pod Sn\u011b\u017ekou &#8211; &#8222;M\u00e1te n\u011bco proti h\u016flk\u00e1m?&#8220; pt\u00e1 se\u00a0v roli turisty m\u00edstop\u0159edseda Sen\u00e1tu\u00a0P\u0159emysl Sobotka. &#8222;V\u00edte, mn\u011b se s nimi dob\u0159e stoup\u00e1,&#8220;\u00a0avizuje, \u017ee bez teleskopick\u00fdch hol\u00ed je pro n\u011bj v\u00fdstup na\u00a0Sn\u011b\u017eku\u00a0 u\u017e t\u011b\u017eko\u00a0p\u0159edstaviteln\u00fd.<\/p>\n","protected":false},"author":1,"featured_media":0,"comment_status":"open","ping_status":"open","sticky":false,"template":"","format":"standard","meta":{"ngg_post_thumbnail":0,"footnotes":""},"categories":[11],"tags":[],"class_list":["post-2408","post","type-post","status-publish","format-standard","hentry","category-ozvena"],"_links":{"self":[{"href":"https:\/\/www.ladislavjakl.cz\/index.php?rest_route=\/wp\/v2\/posts\/2408","targetHints":{"allow":["GET"]}}],"collection":[{"href":"https:\/\/www.ladislavjakl.cz\/index.php?rest_route=\/wp\/v2\/posts"}],"about":[{"href":"https:\/\/www.ladislavjakl.cz\/index.php?rest_route=\/wp\/v2\/types\/post"}],"author":[{"embeddable":true,"href":"https:\/\/www.ladislavjakl.cz\/index.php?rest_route=\/wp\/v2\/users\/1"}],"replies":[{"embeddable":true,"href":"https:\/\/www.ladislavjakl.cz\/index.php?rest_route=%2Fwp%2Fv2%2Fcomments&post=2408"}],"version-history":[{"count":1,"href":"https:\/\/www.ladislavjakl.cz\/index.php?rest_route=\/wp\/v2\/posts\/2408\/revisions"}],"predecessor-version":[{"id":2409,"href":"https:\/\/www.ladislavjakl.cz\/index.php?rest_route=\/wp\/v2\/posts\/2408\/revisions\/2409"}],"wp:attachment":[{"href":"https:\/\/www.ladislavjakl.cz\/index.php?rest_route=%2Fwp%2Fv2%2Fmedia&parent=2408"}],"wp:term":[{"taxonomy":"category","embeddable":true,"href":"https:\/\/www.ladislavjakl.cz\/index.php?rest_route=%2Fwp%2Fv2%2Fcategories&post=2408"},{"taxonomy":"post_tag","embeddable":true,"href":"https:\/\/www.ladislavjakl.cz\/index.php?rest_route=%2Fwp%2Fv2%2Ftags&post=2408"}],"curies":[{"name":"wp","href":"https:\/\/api.w.org\/{rel}","templated":true}]}}