{"id":2412,"date":"2012-08-14T15:49:38","date_gmt":"2012-08-14T13:49:38","guid":{"rendered":"http:\/\/www.ladislavjakl.cz\/?p=2412"},"modified":"2012-08-14T16:12:58","modified_gmt":"2012-08-14T14:12:58","slug":"ankety-ktere-radeji-nikde-neotiskli","status":"publish","type":"post","link":"https:\/\/www.ladislavjakl.cz\/?p=2412","title":{"rendered":"Ankety, kter\u00e9 (rad\u011bji) nikde neotiskli"},"content":{"rendered":"<p>Obr\u00e1zky uvnit\u0159 \u010dl\u00e1nku.<\/p>\n<p><!--more--><\/p>\n<p style=\"text-align: center;\"><a href=\"https:\/\/www.ladislavjakl.cz\/wp-content\/uploads\/2012\/08\/aktualne.cz-2012_0812.jpg\"><img loading=\"lazy\" decoding=\"async\" class=\"size-full wp-image-2413 aligncenter\" title=\"Aktu\u00e1ln\u011b.cz\" src=\"https:\/\/www.ladislavjakl.cz\/wp-content\/uploads\/2012\/08\/aktualne.cz-2012_0812.jpg\" alt=\"aktualne.cz 2012_0812\" width=\"375\" height=\"536\" srcset=\"https:\/\/www.ladislavjakl.cz\/wp-content\/uploads\/2012\/08\/aktualne.cz-2012_0812.jpg 717w, https:\/\/www.ladislavjakl.cz\/wp-content\/uploads\/2012\/08\/aktualne.cz-2012_0812-217x310.jpg 217w\" sizes=\"auto, (max-width: 375px) 100vw, 375px\" \/><\/a><\/p>\n<p>Aktu\u00e1ln\u011b.cz<\/p>\n<p style=\"text-align: center;\"><a href=\"https:\/\/www.ladislavjakl.cz\/wp-content\/uploads\/2012\/08\/denik.cz-2012_0812.jpg\"><img loading=\"lazy\" decoding=\"async\" class=\"aligncenter size-full wp-image-2414\" title=\"Den\u00edk.cz\" src=\"https:\/\/www.ladislavjakl.cz\/wp-content\/uploads\/2012\/08\/denik.cz-2012_0812.jpg\" alt=\"denik.cz 2012_0812\" width=\"372\" height=\"427\" \/><\/a><\/p>\n<p>Den\u00edk.cz<\/p>\n<p><a href=\"https:\/\/www.ladislavjakl.cz\/wp-content\/uploads\/2012\/08\/iDNES.cz-2012_0812.jpg\"><img loading=\"lazy\" decoding=\"async\" class=\"aligncenter size-full wp-image-2415\" title=\"iDnes.cz\" src=\"https:\/\/www.ladislavjakl.cz\/wp-content\/uploads\/2012\/08\/iDNES.cz-2012_0812.jpg\" alt=\"iDnes.cz\" width=\"367\" height=\"436\" srcset=\"https:\/\/www.ladislavjakl.cz\/wp-content\/uploads\/2012\/08\/iDNES.cz-2012_0812.jpg 860w, https:\/\/www.ladislavjakl.cz\/wp-content\/uploads\/2012\/08\/iDNES.cz-2012_0812-260x310.jpg 260w\" sizes=\"auto, (max-width: 367px) 100vw, 367px\" \/><\/a><\/p>\n<p>iDnes.cz<\/p>\n","protected":false},"excerpt":{"rendered":"<p>Obr\u00e1zky uvnit\u0159 \u010dl\u00e1nku.<\/p>\n","protected":false},"author":1,"featured_media":0,"comment_status":"open","ping_status":"open","sticky":false,"template":"","format":"standard","meta":{"ngg_post_thumbnail":0,"footnotes":""},"categories":[17],"tags":[],"class_list":["post-2412","post","type-post","status-publish","format-standard","hentry","category-jakl-president"],"_links":{"self":[{"href":"https:\/\/www.ladislavjakl.cz\/index.php?rest_route=\/wp\/v2\/posts\/2412","targetHints":{"allow":["GET"]}}],"collection":[{"href":"https:\/\/www.ladislavjakl.cz\/index.php?rest_route=\/wp\/v2\/posts"}],"about":[{"href":"https:\/\/www.ladislavjakl.cz\/index.php?rest_route=\/wp\/v2\/types\/post"}],"author":[{"embeddable":true,"href":"https:\/\/www.ladislavjakl.cz\/index.php?rest_route=\/wp\/v2\/users\/1"}],"replies":[{"embeddable":true,"href":"https:\/\/www.ladislavjakl.cz\/index.php?rest_route=%2Fwp%2Fv2%2Fcomments&post=2412"}],"version-history":[{"count":3,"href":"https:\/\/www.ladislavjakl.cz\/index.php?rest_route=\/wp\/v2\/posts\/2412\/revisions"}],"predecessor-version":[{"id":2417,"href":"https:\/\/www.ladislavjakl.cz\/index.php?rest_route=\/wp\/v2\/posts\/2412\/revisions\/2417"}],"wp:attachment":[{"href":"https:\/\/www.ladislavjakl.cz\/index.php?rest_route=%2Fwp%2Fv2%2Fmedia&parent=2412"}],"wp:term":[{"taxonomy":"category","embeddable":true,"href":"https:\/\/www.ladislavjakl.cz\/index.php?rest_route=%2Fwp%2Fv2%2Fcategories&post=2412"},{"taxonomy":"post_tag","embeddable":true,"href":"https:\/\/www.ladislavjakl.cz\/index.php?rest_route=%2Fwp%2Fv2%2Ftags&post=2412"}],"curies":[{"name":"wp","href":"https:\/\/api.w.org\/{rel}","templated":true}]}}