{"id":2418,"date":"2012-08-14T15:55:04","date_gmt":"2012-08-14T13:55:04","guid":{"rendered":"http:\/\/www.ladislavjakl.cz\/?p=2418"},"modified":"2012-08-14T15:55:04","modified_gmt":"2012-08-14T13:55:04","slug":"e-mailovy-rozhovor-pro-kohovolit-eu","status":"publish","type":"post","link":"https:\/\/www.ladislavjakl.cz\/?p=2418","title":{"rendered":"E-mailov\u00fd rozhovor pro KohoVolit.eu"},"content":{"rendered":"<p><strong> Dobr\u00fd den, jm\u00e9nem neziskov\u00e9 organizace KohoVolit.eu bychom V\u00e1s r\u00e1di po\u017e\u00e1dali o odpov\u011b\u010f na n\u011bkolik ot\u00e1zek t\u00fdkaj\u00edc\u00edch se kandidatury Ladislava Jakla na post prezidenta republiky. Michal Korma\u0148\u00e1k, KohoVolit.eu<\/strong><\/p>\n<p><!--more--><em>Dobr\u00fd den. Je bych si up\u0159esnil, koho se pt\u00e1te, komu sv\u00e9 dotazy adresujete. Sv\u00e9 jm\u00e9no v nich nach\u00e1z\u00edm ve t\u0159et\u00ed osob\u011b.<br \/>\nZdrav\u00ed L. Jakl<\/em><\/p>\n<p><strong>Dobr\u00fd den, v tom p\u0159\u00edpad\u011b se omlouv\u00e1m za nep\u0159esn\u00e9 osloven\u00ed. Ze zku\u0161enost\u00ed kter\u00e9 m\u00e1me, jsme zvykl\u00ed na to, \u017ee v\u011bt\u0161inou komunikujeme s kancel\u00e1\u0159\u00ed \u010di asistentem doty\u010dn\u00e9 osoby. V\u0161echny ot\u00e1zky jsou tedy samoz\u0159ejm\u011b sm\u011b\u0159ov\u00e1ny p\u0159\u00edmo na V\u00e1s. D\u011bkuji za pochopen\u00ed,<br \/>\nMichal Korma\u0148\u00e1k, KohoVolit.eu<\/strong><\/p>\n<p><em>Dobr\u00fd den. \u017d\u00e1dn\u00e9 kancel\u00e1\u0159e \u010di t\u00fdmy placen\u00fdch asistent\u016f nem\u00e1m. Va\u0161e zku\u0161enosti s ostatn\u00edmi tak\u00e9 o \u010demsi vypov\u00eddaj\u00ed.<br \/>\nOdpov\u011bdi p\u0159ikl\u00e1d\u00e1m n\u00ed\u017ee.<\/em><\/p>\n<p><strong>1) M\u00e1te transparentn\u00ed prezidentsk\u00fd \u00fa\u010det? P\u0159\u00edpadn\u011b kde ho lze naj\u00edt?<\/strong><\/p>\n<p><em><strong> <\/strong>Nem\u00e1m. Zat\u00edm jsem neutratil na tento \u00fa\u010del ani korunu a nem\u00e1m to v bl\u00edzk\u00e9 budoucnosti v \u00famyslu. Opravdov\u00e1 kampa\u0148 m\u00e1 smysl a\u017e tehdy, kdy\u017e se aspirant skute\u010dn\u011b stane kandid\u00e1tem, tedy pot\u00e9, co spln\u00ed z\u00e1konem p\u0159edepsan\u00e9 podm\u00ednky.<\/em><\/p>\n<p><strong>2) Kolik hodl\u00e1te d\u00e1t do prezidentsk\u00e9 kampan\u011b pen\u011bz?<\/strong><\/p>\n<p><em> J\u00e1 \u017e\u00e1dn\u00e9 pen\u00edze na tento \u00fa\u010del nem\u00e1m. Ur\u010dit\u011b budu ze sv\u00e9ho financovat nap\u0159\u00edklad r\u016fzn\u00e9 cestov\u00e1n\u00ed, pokud bude t\u0159eba. Mo\u017en\u00e1 n\u011bjak\u00e9 pen\u00edze utrat\u00ed jednotlivci nebo sujekty, kte\u0159\u00ed m\u011b budou cht\u00edt podpo\u0159it, nap\u0159. Svobodn\u00ed. Ti s mou podporou hodlaj\u00ed spojit svou krajskou a sen\u00e1tn\u00ed kampa\u0148 a jist\u011b na to \u00fa\u010det maj\u00ed.<\/em><\/p>\n<p><strong>3) Jak\u00e9 opat\u0159en\u00ed hodl\u00e1te p\u0159ijmout pro to, aby finance Va\u0161\u00ed kampan\u011b byly otev\u0159en\u00e9? (Seznam smluv, faktur, transparentn\u00ed \u00fa\u010det apod.)<\/strong><\/p>\n<p><em><strong> <\/strong>J\u00e1 nezam\u011bstn\u00e1v\u00e1m des\u00edtky a stovky &#8222;dobrovoln\u00edk\u016f&#8220;, nedost\u00e1v\u00e1m \u017e\u00e1dn\u00e9 miliony od lid\u00ed, kte\u0159\u00ed si mezi jin\u00fdmi prezidentsk\u00fdmi aspiranty plat\u00ed sv\u00e9 kon\u011b a o\u010dek\u00e1vaj\u00ed od nich, \u017ee se jim to pak v podob\u011b protekce vr\u00e1t\u00ed. Pokud budu vyv\u00edjet n\u011bjak\u00e9 placen\u00e9 propaga\u010dn\u00ed aktivity, ur\u010dit\u011b tak ud\u011bl\u00e1m podle v\u0161ech dan\u00fdch pravidel. J\u00e1 nab\u00edz\u00edm sv\u00e9 n\u00e1zory, ne slu\u017eby bohat\u00fdm klient\u016fm jako jin\u00ed. Nehodl\u00e1m se rovn\u011b\u017e najednou zbl\u00e1znit a hr\u00e1t si na n\u011bkoho jin\u00e9ho, sk\u00e1kat pad\u00e1kem, pot\u00e1p\u011bt se, b\u011bhat maratony \u010di l\u00e9tat balonem. Voli\u010di maj\u00ed volit kandid\u00e1ty za to, \u017ee jsou takov\u00ed, jac\u00ed jsou, ne za to, \u017ee p\u00e1r t\u00fddn\u016f ze sebe d\u011blaj\u00ed n\u011bkoho jin\u00e9ho. Budu d\u00e1l takov\u00fd, jak\u00fd jsem byl v\u017edy. Ono je to i o dost levn\u011bj\u0161\u00ed, ne\u017e si najednou hr\u00e1t na supermana.<\/em><\/p>\n<p><em>Zdrav\u00ed L. Jakl<\/em><\/p>\n","protected":false},"excerpt":{"rendered":"<p>Dobr\u00fd den, jm\u00e9nem neziskov\u00e9 organizace KohoVolit.eu bychom V\u00e1s r\u00e1di po\u017e\u00e1dali o odpov\u011b\u010f na n\u011bkolik ot\u00e1zek t\u00fdkaj\u00edc\u00edch se kandidatury Ladislava Jakla na post prezidenta republiky. Michal Korma\u0148\u00e1k, KohoVolit.eu<\/p>\n","protected":false},"author":1,"featured_media":0,"comment_status":"open","ping_status":"open","sticky":false,"template":"","format":"standard","meta":{"ngg_post_thumbnail":0,"footnotes":""},"categories":[17,13],"tags":[],"class_list":["post-2418","post","type-post","status-publish","format-standard","hentry","category-jakl-president","category-rozhovory"],"_links":{"self":[{"href":"https:\/\/www.ladislavjakl.cz\/index.php?rest_route=\/wp\/v2\/posts\/2418","targetHints":{"allow":["GET"]}}],"collection":[{"href":"https:\/\/www.ladislavjakl.cz\/index.php?rest_route=\/wp\/v2\/posts"}],"about":[{"href":"https:\/\/www.ladislavjakl.cz\/index.php?rest_route=\/wp\/v2\/types\/post"}],"author":[{"embeddable":true,"href":"https:\/\/www.ladislavjakl.cz\/index.php?rest_route=\/wp\/v2\/users\/1"}],"replies":[{"embeddable":true,"href":"https:\/\/www.ladislavjakl.cz\/index.php?rest_route=%2Fwp%2Fv2%2Fcomments&post=2418"}],"version-history":[{"count":2,"href":"https:\/\/www.ladislavjakl.cz\/index.php?rest_route=\/wp\/v2\/posts\/2418\/revisions"}],"predecessor-version":[{"id":2420,"href":"https:\/\/www.ladislavjakl.cz\/index.php?rest_route=\/wp\/v2\/posts\/2418\/revisions\/2420"}],"wp:attachment":[{"href":"https:\/\/www.ladislavjakl.cz\/index.php?rest_route=%2Fwp%2Fv2%2Fmedia&parent=2418"}],"wp:term":[{"taxonomy":"category","embeddable":true,"href":"https:\/\/www.ladislavjakl.cz\/index.php?rest_route=%2Fwp%2Fv2%2Fcategories&post=2418"},{"taxonomy":"post_tag","embeddable":true,"href":"https:\/\/www.ladislavjakl.cz\/index.php?rest_route=%2Fwp%2Fv2%2Ftags&post=2418"}],"curies":[{"name":"wp","href":"https:\/\/api.w.org\/{rel}","templated":true}]}}