{"id":2421,"date":"2012-08-14T16:00:16","date_gmt":"2012-08-14T14:00:16","guid":{"rendered":"http:\/\/www.ladislavjakl.cz\/?p=2421"},"modified":"2012-08-14T16:00:16","modified_gmt":"2012-08-14T14:00:16","slug":"odpovedi-ladislava-jakla-na-otazky-agentury-ctk","status":"publish","type":"post","link":"https:\/\/www.ladislavjakl.cz\/?p=2421","title":{"rendered":"Odpov\u011bdi Ladislava Jakla na ot\u00e1zky agentury \u010cTK"},"content":{"rendered":"<p><strong>1) M\u016f\u017eete definovat pojem n\u00e1rodn\u00ed z\u00e1jmy v kontextu EU<\/strong><\/p>\n<p><!--more-->Pojem &#8222;n\u00e1rodn\u00ed z\u00e1jmy&#8220; je b\u011b\u017en\u011b u\u017e\u00edvan\u00fdm term\u00ednem ve sv\u011btov\u00e9 diplomacii po cel\u00e9 generace. Nijak nesouvist\u00ed s \u00fa\u017eeji etnicky vymezen\u00fdm pojmem &#8222;n\u00e1rod&#8220; a pou\u017e\u00edv\u00e1 se vlastn\u011b jako z\u00e1stupn\u00fd obrat pro &#8222;st\u00e1tn\u00ed z\u00e1jem&#8220;, proto\u017ee pro n\u011bj je vyhrazena jin\u00e1 konotace, toti\u017e ve smyslu z\u00e1jm\u016f st\u00e1tu jako konkr\u00e9tn\u00ed ve\u0159ejn\u00e9 instituce. Nen\u00ed zapot\u0159eb\u00ed zkou\u0161et kutilsk\u00e9 amat\u00e9rsk\u00e9 definice obratu, kter\u00fd je ka\u017ed\u00e9mu srozumiteln\u00fd. Je jasn\u00e9, \u017ee jde o agregovan\u00fd z\u00e1jem jist\u00e9ho spole\u010denstv\u00ed, kter\u00e9 b\u00fdv\u00e1 ozna\u010dov\u00e1no jako &#8222;politick\u00fd n\u00e1rod&#8220;. Tedy spole\u010denstv\u00ed ur\u010dit\u00e9ho st\u00e1tu, kter\u00e9 je postaveno na sd\u00edlen\u00ed spole\u010dn\u00fdch\u00a0 obecn\u00fdch pot\u0159eb a hodnot. Existuj\u00ed pochopiteln\u011b z\u00e1jmy nejobecn\u011bj\u0161\u00ed, kter\u00e9 jsou u v\u0161ech st\u00e1t\u016f stejn\u00e9. Pak je ale ohromn\u00e9 mno\u017estv\u00ed t\u00e9mat, ve kter\u00fdch se z\u00e1jmy jednotliv\u00fdch zem\u00ed rozch\u00e1zej\u00ed, odli\u0161uj\u00ed nebo si dokonce konkuruj\u00ed. Jin\u00e9 z\u00e1jmy m\u00e1 zem\u011b \u017eij\u00edc\u00ed z rybolovu, jin\u00e9 otev\u0159en\u00e1 exportn\u00ed a importn\u00ed zem\u011b, jin\u00e9 zem\u011b, jej\u00ed\u017e ekonomika stoj\u00ed na v\u00fdvozu surovin, jin\u00e9 zem\u011b typicky tranzitn\u00ed, jin\u00e9 zem\u011bd\u011blsk\u00e1, jin\u00e9 pr\u016fmyslov\u00e1, jin\u00e9 rozvinut\u00e1 a stabilizovan\u00e1, jin\u00e9 ta, kter\u00e1 nutn\u011b rozvoj teprve pot\u0159ebuje.<\/p>\n<p>K napln\u011bn\u00ed t\u011bchto odli\u0161nost\u00ed existuj\u00ed mnoh\u00e9 ekonomick\u00e9, politick\u00e9 a diplomatick\u00e9 n\u00e1stroje, v mnoha historick\u00fdch momentech i silov\u00e9 a\u017e po krajnost v podob\u011b veden\u00ed v\u00e1lky. V ide\u00e1n\u00edm p\u0159\u00edpad\u011b je spr\u00e1vn\u00e9 uchov\u00e1vat vysokou m\u00edru spolupr\u00e1ce ve v\u011bcech spole\u010dn\u00e9ho nebo podobn\u00e9ho z\u00e1jmu a naopak maxim\u00e1ln\u00ed suverenitu v rozhodov\u00e1n\u00ed a d\u016fsledn\u00e9 prosazov\u00e1n\u00ed ve v\u011bcech z\u00e1jm\u016f specifick\u00fdch. Kontext EU \u010di jin\u00e9 mezin\u00e1rodn\u00ed organizace \u010di smluv na tom nic nem\u011bn\u00ed. To platilo a bude platit v\u017edy. I v r\u00e1mci EU prosazuj\u00ed jednotliv\u00ed hr\u00e1\u010di sv\u00e9 vlastn\u00ed z\u00e1jmy a u\u017e\u00edvaj\u00ed k tomu i n\u00e1stroje, kter\u00e9 jim integrovan\u00e9 prost\u0159ed\u00ed nab\u00edz\u00ed. V \u00fapln\u011b unifikovan\u00e9m a centralizovan\u00e9m prost\u0159ed\u00ed pak v\u0161echny subjekty ztr\u00e1cej\u00ed n\u00e1stroje k ochran\u011b a prosazov\u00e1n\u00ed sv\u00fdch z\u00e1jm\u016f a vl\u00e1dne pouze pr\u00e1vo siln\u011bj\u0161\u00edho.<\/p>\n<p><strong> 2) Jak by se s v\u00e1mi zm\u011bnil postoj nov\u00e9ho prezidenta k EU oproti sou\u010dasn\u00e9 hlav\u011b st\u00e1tu V\u00e1clavu Klausovi?<br \/>\n<\/strong><br \/>\nI sama EU se m\u011bn\u00ed. A v r\u00e1mci t\u011bchto zm\u011bn je vhodn\u00e9 m\u011bnit i n\u00e1stroje k prosazov\u00e1n\u00ed z\u00e1jm\u016f. Sou\u010dasn\u00e1 hlava st\u00e1tu byla nominov\u00e1na velkou parmamentn\u00ed stranou a byla volena v nep\u0159\u00edm\u00e9 volb\u011b. Ka\u017ed\u00fd p\u0159\u00ed\u0161t\u00ed prezident bude m\u00edt mnohem voln\u011bj\u0161\u00ed ruce a bude ur\u010dit\u011b prov\u00e1d\u011bt samostatn\u011bj\u0161\u00ed politiku.<\/p>\n<p><strong> 3) Jak se stav\u00edte k hlub\u0161\u00ed integraci, do jak\u00e9 m\u00edry ?<br \/>\n<\/strong><br \/>\nZ\u00e1porn\u011b. V\u00fdvoj by m\u011bl j\u00edt sm\u011brem p\u0159esn\u011b opa\u010dn\u00fdm.<\/p>\n<p>4) Jak\u00e9 vidite \u0159e\u0161en\u00ed sou\u010dasn\u00e9 krize v EU, resp. euroz\u00f3n\u011b ? Je \u0159e\u0161en\u00edm politick\u00e1, fisk\u00e1ln\u00ed unie s p\u0159ed\u00e1n\u00edm v\u00edce pravomoc\u00ed Bruselu ?<\/p>\n<p>Na prvn\u00ed ot\u00e1zku odpov\u00edd\u00e1m, \u017ee \u0159e\u0161en\u00ed je ve zm\u011bn\u011b hospod\u00e1\u0159sk\u00e9 politiky EU i jednotliv\u00fdch zem\u00ed ve prosp\u011bch v\u011bt\u0161\u00ed svobody a men\u0161\u00ed regulace, centralizace a p\u0159erozd\u011blov\u00e1n\u00ed. Euroz\u00f3na v sou\u010dasn\u00e9\u00a0 odob\u011b nem\u00e1 perpektivu a stejn\u011b bude zru\u0161ena nebo omezena na st\u00e1ty s podobn\u011bj\u0161\u00edm ekonomick\u00fdcm prost\u0159ed\u00edm. L\u00e9pe by bylo, kdyby takov\u00e9 zm\u011bna prob\u011bhla d\u0159\u00edve a promy\u0161len\u011b ne\u017e pozd\u011bji a v krizi a chaosu. Na druhou ot\u00e1zku: Ne. To je l\u00e9\u010den\u00ed r\u00e1ny sol\u00ed. Centalizace nem\u016f\u017ee b\u00fdt zp\u016fsobem \u0159e\u0161en\u00ed krize, proto\u017ee je jej\u00ed p\u0159\u00ed\u010dinou.<\/p>\n<p><strong> 5) Jak vid\u00edte \u010cR v horizontu deseti let v EU ?<\/strong><\/p>\n<p>To je oz\u00e1zka na knihu, P\u0159edev\u0161\u00edm nikdo netu\u0161\u00ed, jak bude EU za 10 let vypadat a jestli v\u016fbec bude existovat.<\/p>\n<p>Zdrav\u00ed L. Jakl<\/p>\n","protected":false},"excerpt":{"rendered":"<p>1) M\u016f\u017eete definovat pojem n\u00e1rodn\u00ed z\u00e1jmy v kontextu EU<\/p>\n","protected":false},"author":1,"featured_media":0,"comment_status":"open","ping_status":"open","sticky":false,"template":"","format":"standard","meta":{"ngg_post_thumbnail":0,"footnotes":""},"categories":[17,13],"tags":[],"class_list":["post-2421","post","type-post","status-publish","format-standard","hentry","category-jakl-president","category-rozhovory"],"_links":{"self":[{"href":"https:\/\/www.ladislavjakl.cz\/index.php?rest_route=\/wp\/v2\/posts\/2421","targetHints":{"allow":["GET"]}}],"collection":[{"href":"https:\/\/www.ladislavjakl.cz\/index.php?rest_route=\/wp\/v2\/posts"}],"about":[{"href":"https:\/\/www.ladislavjakl.cz\/index.php?rest_route=\/wp\/v2\/types\/post"}],"author":[{"embeddable":true,"href":"https:\/\/www.ladislavjakl.cz\/index.php?rest_route=\/wp\/v2\/users\/1"}],"replies":[{"embeddable":true,"href":"https:\/\/www.ladislavjakl.cz\/index.php?rest_route=%2Fwp%2Fv2%2Fcomments&post=2421"}],"version-history":[{"count":2,"href":"https:\/\/www.ladislavjakl.cz\/index.php?rest_route=\/wp\/v2\/posts\/2421\/revisions"}],"predecessor-version":[{"id":2423,"href":"https:\/\/www.ladislavjakl.cz\/index.php?rest_route=\/wp\/v2\/posts\/2421\/revisions\/2423"}],"wp:attachment":[{"href":"https:\/\/www.ladislavjakl.cz\/index.php?rest_route=%2Fwp%2Fv2%2Fmedia&parent=2421"}],"wp:term":[{"taxonomy":"category","embeddable":true,"href":"https:\/\/www.ladislavjakl.cz\/index.php?rest_route=%2Fwp%2Fv2%2Fcategories&post=2421"},{"taxonomy":"post_tag","embeddable":true,"href":"https:\/\/www.ladislavjakl.cz\/index.php?rest_route=%2Fwp%2Fv2%2Ftags&post=2421"}],"curies":[{"name":"wp","href":"https:\/\/api.w.org\/{rel}","templated":true}]}}