{"id":2425,"date":"2012-08-16T15:25:43","date_gmt":"2012-08-16T13:25:43","guid":{"rendered":"http:\/\/www.ladislavjakl.cz\/?p=2425"},"modified":"2012-08-16T15:38:20","modified_gmt":"2012-08-16T13:38:20","slug":"rozhovor-pro-knihu-deset-tisic-extremistu-jaroslava-smilka-rozhovor-kvuli-kteremu-media-udelala-z-ladislava-jakla-nacistu","status":"publish","type":"post","link":"https:\/\/www.ladislavjakl.cz\/?p=2425","title":{"rendered":"Rozhovor pro knihu Deset tis\u00edc extremist\u016f Jaroslava Sm\u00edlka.<br>Rozhovor, kv\u016fli kter\u00e9mu m\u00e9dia ud\u011blala z Ladislava Jakla nacistu."},"content":{"rendered":"<p><strong>&#8211; Jak si vysv\u011btlujete, \u017ee relativn\u011b mal\u00e9 skupiny r\u016fzn\u00fdch fale\u0161n\u00fdch humanist\u016f a bojovn\u00edk\u016f za lep\u0161\u00ed dne\u0161ky i z\u00edt\u0159ky t\u00e9m\u011b\u0159 bezv\u00fdhradn\u011b ovl\u00e1dly n\u00e1\u0161 politick\u00fd a medi\u00e1ln\u00ed prostor?<\/strong><\/p>\n<p><!--more-->Jev, o kter\u00e9m hovo\u0159\u00edte, se zdaleka net\u00fdk\u00e1 jen na\u0161\u00ed zem\u011b, ale prakticky cel\u00e9ho z\u00e1padn\u00edho sv\u011bta. Mezi intelektu\u00e1ly v\u017edycky pat\u0159il jist\u00fd proud t\u011bch mesi\u00e1\u0161\u016f, kte\u0159\u00ed si mysl\u00ed, \u017ee sami nejl\u00e9pe v\u011bd\u00ed, jak vypad\u00e1 dobro, a tuto svou vlastn\u00ed p\u0159edstavu dobra se pak sna\u017e\u00ed druh\u00fdm lidem vnucovat. A existuj\u00ed dv\u011b z\u00e1kladn\u00ed prost\u0159ed\u00ed, kde se to t\u011bmito r\u016fzn\u00fdmi mesi\u00e1\u0161i a vlajkono\u0161i dobra hem\u017e\u00ed &#8211; toti\u017e prost\u0159ed\u00ed univerzitn\u00ed a prost\u0159ed\u00ed medi\u00e1ln\u00ed.<\/p>\n<p><strong>&#8211; Vyhovuje jim tedy medi\u00e1ln\u00ed sf\u00e9ra z toho d\u016fvodu, \u017ee dnes tak siln\u011b ovliv\u0148uje ve\u0159ejn\u00e9 m\u00edn\u011bn\u00ed?<\/strong><\/p>\n<p>Jist\u011b, oni pochopili, \u017ee pr\u00e1v\u011b toto je v sou\u010dasnosti nesm\u00edrn\u011b d\u016fle\u017eit\u00e9 h\u0159i\u0161t\u011b, kde se odehr\u00e1vaj\u00ed souboje jejich sv\u011bta, tedy sv\u011bta dobra, se sv\u011btem svobody. J\u00e1 stoj\u00edm na pozic\u00edch svobody, a proto je logick\u00e9, \u017ee nemohu p\u0159ijmout jejich vizi, kde dobro je n\u011bco, co se mus\u00ed druh\u00fdm lidem vnutit, proto\u017ee oni nejsou \u00fadajn\u011b schopni sami skute\u010dn\u00e9 dobro objevit a prosadit. Proto ho tito mesi\u00e1\u0161i cht\u011bj\u00ed nap\u011bchovat do z\u00e1kon\u016f a v\u0161emo\u017en\u00fdch deklarac\u00ed a usnesen\u00ed v naivn\u00ed p\u0159edstav\u011b, \u017ee sta\u010d\u00ed ud\u011blat jen toto, a dobro automaticky zv\u00edt\u011bz\u00ed.<\/p>\n<p><strong>&#8211; Ale p\u0159ece jen se mi zd\u00e1, \u017ee nap\u0159\u00edklad v Americe jsou m\u00e9dia n\u00e1zorov\u011b pest\u0159ej\u0161\u00ed, a pom\u00fdlen\u00ed fanatici dobra tam nev\u00e1lcuj\u00ed v\u0161echny ostatn\u00ed\u2026<\/strong><\/p>\n<p>Ano, je to tam v\u0161ak zp\u016fsobeno mnohem v\u011bt\u0161\u00edm medi\u00e1ln\u00edm trhem, tak\u017ee se v Americe dostane i na men\u0161inov\u00e9 n\u00e1zory, kter\u00e9 maj\u00ed sv\u00e9 vlastn\u00ed platformy, noviny a \u010dasopisy. My jsme naopak trhem velmi mal\u00fdm, a proto v\u0161echna velk\u00e1 m\u00e9dia jsou t\u00e9m\u011b\u0159 bezezbytku vyluxov\u00e1na on\u00edm levicov\u011b liber\u00e1ln\u00edm pohledem na sv\u011bt. Ale jeho dominance je bohu\u017eel celosv\u011btov\u00fdm jevem, a jedn\u00edm z jeho d\u016fsledk\u016f je i to, \u017ee na\u0161e z\u00e1padn\u00ed civilizace zpochyb\u0148uje ko\u0159eny, na nich\u017e vyr\u016fstala, a to pochopiteln\u011b vede a\u017e k ur\u010dit\u00e9 nebezpe\u010dn\u00e9 destrukci z\u00e1kladn\u00edch hodnot.<\/p>\n<p><strong>&#8211; Mysl\u00edte si, \u017ee je n\u011bjak\u00e1 \u0161ance nastartovat rozumnou cestu zp\u011bt?<\/strong><\/p>\n<p>Kdybych si to nemyslel, tak bych ned\u011blal to, co d\u011bl\u00e1m. J\u00e1 se sna\u017e\u00edm mluvit o t\u011bchto v\u011bcech, ps\u00e1t o nich, debatovat a vysv\u011btlovat, a ur\u010dit\u011b v tom nejsem s\u00e1m. A jsem p\u0159esv\u011bd\u010den, \u017ee kdybychom to ned\u011blali, tak bychom zcela uvolnili prostor pr\u00e1v\u011b t\u011bm lidem, jim\u017e v\u016fbec nejde o v\u011bcnou debatu a diskusi, n\u00fdbr\u017e jen a jedin\u011b o \u00fapln\u00e9 ovl\u00e1dnut\u00ed medi\u00e1ln\u00edho prostoru a naprost\u00e9 vytla\u010den\u00ed ka\u017ed\u00e9ho, kdo m\u00e1 by\u0165 jen mali\u010dko odli\u0161n\u00fd n\u00e1zor na sv\u011bt a jeho fungov\u00e1n\u00ed, ne\u017e maj\u00ed oni. Tihle lid\u00e9 necht\u011bj\u00ed debatovat, oni tou\u017e\u00ed po absolutn\u00edm monopolu na svou pravdu, a kdo je proti, to podle nich nen\u00ed n\u00e1zorov\u00fd oponent, n\u00fdbr\u017e \u010dlov\u011bk, kter\u00e9ho je t\u0159eba z ve\u0159ejn\u00e9 debaty vylou\u010dit, kter\u00e9ho je pot\u0159eba co nejd\u0159\u00edve zne\u0161kodnit naprost\u00fdm zesm\u011b\u0161n\u011bn\u00edm a ur\u00e1\u017ekami bez hranic.<\/p>\n<p><strong>&#8211; Dobr\u00e1, tak tedy nedat se, a h\u00e1jit my\u0161lenky a n\u00e1zory od r\u00e1na do ve\u010dera p\u0159es ve\u0161kerou kanon\u00e1du, jakou tito fanatici dobra spust\u00ed. M\u00e1te je\u0161t\u011b dal\u0161\u00ed aspo\u0148 trochu povzbudivou radu?<\/strong><\/p>\n<p>Snad ne ani tak radu, jako sp\u00ed\u0161e v\u00fdsledek pozorov\u00e1n\u00ed okoln\u00edho \u017eivota. Tou nad\u011bj\u00ed je podle m\u011b lidsk\u00e1 osobn\u00ed zku\u0161enost. Spousta lid\u00ed, kte\u0159\u00ed v\u00e1m budou \u017evatlat jalov\u00e9 fr\u00e1ze, p\u0159ejat\u00e9 z r\u016fzn\u00fdch levicov\u011b liber\u00e1ln\u00edch m\u00e9di\u00ed, to d\u011blaj\u00ed jenom proto, \u017ee maj\u00ed pocit, \u017ee tak n\u011bjak se m\u00e1 zkr\u00e1tka mluvit. Ale kdy\u017e budete se stejn\u00fdmi lidmi otev\u0159en\u011b hovo\u0159it o jejich skute\u010dn\u00e9m re\u00e1ln\u00e9m \u017eivot\u011b, tak najednou zjist\u00edte, \u017ee tito lid\u00e9 maj\u00ed docela rozumn\u00e9 n\u00e1zory, na hony vzd\u00e1len\u00e9 t\u011bm p\u016fvodn\u00edm, na\u010dten\u00fdm a p\u0159ejat\u00fdm z m\u00e9di\u00ed. A v tom je jist\u00e1 nad\u011bje, \u017ee tito lid\u00e9 pak mo\u017en\u00e1 prohl\u00e9dnou snahy r\u016fzn\u00fdch levicov\u00fdch manipul\u00e1tor\u016f a vlajkono\u0161\u016f fale\u0161n\u00e9ho dobra, a jakmile se za\u010dnou chovat podle sv\u00fdch vlastn\u00edch re\u00e1ln\u00fdch z\u00e1jm\u016f, tak budou m\u00edt o to v\u011bt\u0161\u00ed \u0161anci on\u011bm manipul\u00e1tor\u016fm ut\u00e9ci z nastra\u017een\u00e9 lopaty.<\/p>\n<p><strong>&#8211; A \u010d\u00edm v\u00edce bude rozumn\u00fdch a u \u0161ir\u0161\u00ed ve\u0159ejnosti zn\u00e1m\u00fdch lid\u00ed, ochotn\u00fdch se pustit do n\u00e1zorov\u00e9ho souboje s fale\u0161n\u00fdmi humanisty, tak t\u00edm je dle m\u00e9ho n\u00e1zoru tak\u00e9 v\u011bt\u0161\u00ed nad\u011bje pro medi\u00e1ln\u00ed pestrost a r\u016fznorodost\u2026<\/strong><\/p>\n<p>To jist\u011b, ale na druh\u00e9 stran\u011b mus\u00edme \u010dekat, \u017ee jakmile se n\u011bkdo rozumn\u00fd a aspo\u0148 trochu ve\u0159ejn\u011b zn\u00e1m\u00fd vrhne do n\u00e1zorov\u00e9ho ringu, tak ho nejv\u011bt\u0161\u00ed m\u00e9dia bu\u010f ignoruj\u00ed, nebo se mu sna\u017e\u00ed nasadit ps\u00ed hlavu a ud\u011blat z n\u011bho naprost\u00e9ho ka\u0161para \u010di dokonce extremistu a nep\u0159\u00edtele cel\u00e9ho lidstva. Tak to nyn\u00ed bohu\u017eel funguje, ov\u0161em o to d\u016fle\u017eit\u011bj\u0161\u00ed je se nevzd\u00e1vat, a prosazovat se v\u0161\u00ed energi\u00ed svobodomysln\u00e9 n\u00e1zory.<\/p>\n<p><strong>&#8211; I proto jste se p\u0159idal k ob\u010dansk\u00e9 iniciativ\u011b D.O.S.T., kter\u00e1 si vzala na pa\u0161k\u00e1l takzvanou pozitivn\u00ed diskriminaci, je\u017e chce um\u011ble zv\u00fdhod\u0148ovat r\u016fzn\u00e9  skupiny obyvatelstva na \u00fakor v\u011bt\u0161iny lid\u00ed?<\/strong><\/p>\n<p>Byl jsem osloven inici\u00e1tory t\u00e9to n\u00e1zorov\u00e9 platformy, d\u016fkladn\u011b jsem si prostudoval jejich program a my\u0161lenky a proto\u017ee se mi zd\u00e1ly zaj\u00edmav\u00e9, tak jsem je na n\u011bkolika ve\u0159ejn\u00fdch akc\u00edch osobn\u011b podpo\u0159il. A je tak\u00e9 pravdou, \u017ee jsem to ud\u011blal i pr\u00e1v\u011b kv\u016fli zahu\u0161t\u011bn\u00ed medi\u00e1ln\u00ed sc\u00e9ny, aby se v n\u00ed nepsalo jen a jedin\u011b o bojovn\u00edc\u00edch za velk\u00e9 a l\u00e1skypln\u00e9 Dobro.<\/p>\n<p><strong>&#8211; P\u0159e\u0161el bych te\u010f k t\u00e9matu r\u016fzn\u00fdch podivn\u00fdch kampan\u00ed proti rasismu a extremismu, s nimi\u017e se v posledn\u00edch letech doslova roztrhl pytel. Vy jste u\u017e po \u0159adu let jedn\u00edm z nejbli\u017e\u0161\u00edch poradc\u016f pana prezidenta Klause, a tak bych se V\u00e1s zeptal, jak se pan prezident d\u00edv\u00e1 na tyto sv\u00e9r\u00e1zn\u00e9 akce?<\/strong><\/p>\n<p>U\u017e v devades\u00e1t\u00fdch letech, kdy byl V\u00e1clav Klaus premi\u00e9rem, se mezi jin\u00fdmi v\u011bcmi dost\u00e1vala do pop\u0159ed\u00ed problematika cik\u00e1nsk\u00e9ho obyvatelstva a tady se n\u00e1zorn\u011b uk\u00e1zalo, \u017ee existuj\u00ed dv\u011b skupiny lid\u00ed. Byla spousta t\u011bch, kte\u0159\u00ed cht\u011bli doopravdy pomoci a tak\u00e9 pom\u00e1hali, a pak bohu\u017eel byla i spousta nejr\u016fzn\u011bj\u0161\u00edch parazit\u016f, jim\u017e \u0161lo jenom o vyt\u0159\u00edsk\u00e1n\u00ed co nejv\u011bt\u0161\u00edho politick\u00e9ho kapit\u00e1lu, kdy cht\u011bli uk\u00e1zat, \u017ee pr\u00e1v\u011b oni jsou nositeli \u0161lechetn\u00e9ho dobra. V\u00e1clav Klaus se jednozna\u010dn\u011b \u0159adil do prvn\u00ed skupiny, a ze srdce mu byly protivn\u00e9 v\u0161echny ty teatr\u00e1ln\u00ed a deklarativn\u00ed akce, jejich\u017e skute\u010dn\u00fd efekt a \u00fa\u010dinek byl prakticky nulov\u00fd. Nakonec, pokud chcete, tak mohu vzpomenout na jednu konkr\u00e9tn\u00ed akci, kde se to uk\u00e1zalo velmi jasn\u011b a z\u0159eteln\u011b.<\/p>\n<p><strong>&#8211; Poslouch\u00e1m\u2026<\/strong><\/p>\n<p>Minul\u00fd rok jsem byl u\u017e pon\u011bkolik\u00e1t\u00e9 na vzpom\u00ednkov\u00e9 slavnosti v Letech, kde st\u00e1l za v\u00e1lky sb\u011brn\u00fd cik\u00e1nsk\u00fd t\u00e1bor. Vloni tam poprv\u00e9 p\u0159ijel ve funkci ministra pro lidsk\u00e1 pr\u00e1va i Michael Koc\u00e1b, a p\u0159esto\u017ee byl hlavn\u00edm hostem a \u010dekaly na n\u011bj stovky lid\u00ed, tak p\u0159ijel o p\u016flhodiny pozd\u011b a pronesl p\u00e1r l\u00edbiv\u00fdch v\u011bt a fr\u00e1z\u00ed. Potom py\u0161n\u011b prohl\u00e1sil, \u017ee vymyslel jakousi deklaraci \u00fastavn\u00edch \u010dinitel\u016f, kte\u0159\u00ed by se p\u00edsemn\u011b sv\u00fdm podpisem zav\u00e1zali, jak usilovn\u011b a ze v\u0161ech sil budou bojovat s rasismem a extremismem. J\u00e1 jsem si u\u017e tenkr\u00e1t p\u0159\u00edmo p\u0159i jeho kr\u00e1tk\u00e9m projevu v duchu \u0159\u00edkal, \u017ee to zase bude jenom takov\u00e9 pr\u00e1zdn\u00e9 \u0161ust\u011bn\u00ed pap\u00edru, kter\u00e9 v\u016fbec nikomu konkr\u00e9tn\u011b nepom\u016f\u017ee, \u017ee to zkr\u00e1tka op\u011bt zavon\u00ed \u010di zasmr\u00e1dne, jak se na to kdo z jak\u00e9ho \u00fahlu d\u00edv\u00e1, a t\u00edm to tak\u00e9 skon\u010d\u00ed. No, a kdy\u017e potom za p\u00e1r dn\u016f \u010di t\u00fddn\u016f tato deklarace ofici\u00e1ln\u00ed \u00fa\u0159edn\u00ed cestou p\u0159iputovala i k panu prezidentovi, tak on ji odm\u00edtl podepsat s t\u00edm, \u017ee to nen\u00ed nic jin\u00e9ho, ne\u017e dal\u0161\u00ed z \u0159ady pr\u00e1zdn\u00fdch gest a \u017ee pokud se neud\u011bl\u00e1 n\u011bjak\u00e1 skute\u010dn\u011b u\u017eite\u010dn\u00e1 pr\u00e1ce v t\u00e9to jinak jist\u011b choulostiv\u00e9 a probl\u00e9mov\u00e9 oblasti, tak je l\u00e9pe podobn\u00e9 jalov\u00e9 a sebest\u0159edn\u00e9 v\u00fdzvy ignorovat.<\/p>\n<p><strong>&#8211; A pokud se Vy s\u00e1m pod\u00edv\u00e1te nap\u0159\u00edklad na ned\u00e1vnou kampa\u0148 Helsinsk\u00e9ho v\u00fdboru, jen\u017e na let\u00e1c\u00edch dost agresivn\u011b a drsn\u011b vyb\u00edzela mlad\u00e9 lidi, aby nekupovali \u00fadajn\u011b neonacistick\u00e9 a extremistick\u00e9 oble\u010den\u00ed, tak jak\u00fd z toho m\u00e1te pocit?<\/strong><\/p>\n<p>Za\u010dnu trochu ze\u0161iroka. V\u00edte, asi byste t\u011b\u017eko hledal \u010dlov\u011bka, kter\u00fd by mohl b\u00fdt m\u00e9n\u011b opr\u00e1vn\u011bn\u011b na\u0159\u010den z n\u011bjak\u00fdch rasistick\u00fdch tendenc\u00ed ne\u017e j\u00e1. Moje maminka je Polka, j\u00e1 jsem adoptoval cik\u00e1nsk\u00e9 d\u00edt\u011b, ze srdce nesn\u00e1\u0161\u00edm p\u0159edsudky, nep\u0159epos\u00edl\u00e1m nikomu cik\u00e1nsk\u00e9 vtipy, dokonce ani ty, na kter\u00fdch je kus pravdy. A taky se zam\u00fd\u0161l\u00edm nad t\u00edm, jak je v\u016fbec mo\u017en\u00e9, \u017ee v minul\u00e9m stolet\u00ed zv\u00edt\u011bzily dv\u011b hr\u016fzn\u00e9 ideologie, kter\u00e9 se p\u0159em\u011bnily do re\u00e1ln\u00fdch politick\u00fdch re\u017eim\u016f, se v\u0161\u00ed tou ukrutnost\u00ed, nad n\u00ed\u017e dodnes mnoz\u00ed krout\u00ed nev\u011b\u0159\u00edcn\u011b hlavou. Ono nejhor\u0161\u00ed na tom bylo, \u017ee to obludn\u00e9 zlo nep\u00e1chali \u017e\u00e1dn\u00ed netvo\u0159i s vl\u010d\u00edmi tes\u00e1ky, ale i docela oby\u010dejn\u00ed t\u00e1tov\u00e9 od rodin, proto\u017ee podlehli kolektivn\u00edm n\u00e1lad\u00e1m a sv\u00fdm p\u0159edsudk\u016fm. A jestli u\u017e mo\u017en\u00e1 v relativn\u011b poklidn\u00e9m devaten\u00e1ct\u00e9m stolet\u00ed bylo zad\u011bl\u00e1no na brut\u00e1ln\u00ed re\u017eimy, co zv\u00edt\u011bzily o p\u00e1r des\u00edtek let pozd\u011bji, tak si mus\u00edme kl\u00e1st ot\u00e1zky, zda i dneska tu nejsou jist\u00e9 z\u00e1rodky pro mo\u017en\u00e9 hr\u016fzy v bl\u00edzk\u00e9 \u010di vzd\u00e1len\u011bj\u0161\u00ed budoucnosti. T\u00edm jsem cht\u011bl \u0159\u00edct, \u017ee v \u017e\u00e1dn\u00e9m p\u0159\u00edpad\u011b nezpochyb\u0148uji debaty a diskuze o mo\u017en\u00e9m ohro\u017een\u00ed demokracie, ba naopak. Jenom\u017ee je tu jedno nesm\u00edrn\u011b d\u016fle\u017eit\u00e9 ALE.<\/p>\n<p><strong>&#8211; A sice?<\/strong><\/p>\n<p>Ale to by to muselo b\u00fdt my\u0161leno skute\u010dn\u011b se v\u0161\u00ed v\u00e1\u017enost\u00ed a poctivost\u00ed k sob\u011b i k druh\u00fdm lidem. Bohu\u017eel, mnoho \u201ebojovn\u00edk\u016f za dobro\u201c se naprosto v\u011bdom\u011b a \u00fa\u010delov\u011b zam\u011b\u0159uje jenom na vn\u011bj\u0161\u00ed str\u00e1nku v\u011bci, na tu viditelnou slupku, a tak tu m\u00e1me v\u0161echny ty zu\u0159iv\u00e9 kampan\u011b a \u0161tvanice. Jednou proti tri\u010dk\u016fm, podruh\u00e9 zase proti koncert\u016fm a r\u016fzn\u00fdm sraz\u016fm, a tak d\u00e1le a tak d\u00e1le. P\u0159itom on\u011bm lidem, co podobn\u00e9 z\u00e1tahy \u010di kampan\u011b organizuj\u00ed, v\u016fbec nejde o opravdov\u00fd boj proti n\u011bjak\u00e9mu nebezpe\u010d\u00ed a ohro\u017een\u00ed demokracie. Jim jde pouze a jedin\u011b o to, aby demonstrativn\u011b uk\u00e1zali, \u017ee jsou lep\u0161\u00ed ne\u017e ti, na kter\u00e9 ukazuj\u00ed prstem.<\/p>\n<p><strong>&#8211; A p\u0159itom je t\u0159\u00edskaj\u00ed hlava nehlava, obrazn\u011b \u0159e\u010deno\u2026<\/strong><\/p>\n<p>Zhruba p\u0159ed rokem jsem uve\u0159ejnil jeden blog, nazvan\u00fd \u201eNechte je zp\u00edvat. N\u00e1cky i pank\u00e1\u010de.\u201c Bylo to v \u010dase dvac\u00e1t\u00e9ho v\u00fdro\u010d\u00ed listopadov\u00e9 revoluce a j\u00e1 jsem vid\u011bl v televizi z\u00e1b\u011bry, jak policajti vyvl\u00e9kaj\u00ed z jak\u00e9si hospody rockov\u00e9 muzikanty i jejich fanou\u0161ky z publika a pak je nemilosrdn\u011b cpou do p\u0159ipraven\u00fdch anton\u016f a vezou kamsi k v\u00fdslechu. Nu, j\u00e1 si p\u016fvodn\u011b myln\u011b a naivn\u011b myslel, \u017ee to jsou z\u00e1b\u011bry star\u00e9 dvacet rok\u016f, abych hned n\u00e1sledn\u011b v \u0161oku zjistil, \u017ee jde o v\u011bci star\u00e9 pouh\u00e9 dva dny.<\/p>\n<p><strong>&#8211; Dost smutn\u00e1 vizitka na\u0161\u00ed sou\u010dasnosti, ne?<\/strong><\/p>\n<p>Podle m\u00e9ho nejhlub\u0161\u00edho p\u0159esv\u011bd\u010den\u00ed nen\u00ed \u017e\u00e1dn\u00fd d\u016fvod, aby policie zase znovu \u0161m\u00edrovala muzikanty, nasazovala jim \u0161t\u011bnice do s\u00e1l\u016f a kontrolovala jejich texty, jestli nejsou z\u00e1vadn\u00e9 a nebezpe\u010dn\u00e9, to je t\u00e9m\u011b\u0159 skand\u00e1ln\u00ed. Ti kluci sice n\u011bkdy zp\u00edvaj\u00ed nebety\u010dn\u00e9 voloviny a pitomosti, ale zav\u00edrat za to?! Opravdov\u00e9 nebezpe\u010d\u00ed pro demokracii \u010d\u00edh\u00e1 n\u011bkde jinde, a nav\u00edc si vezm\u011bte, jak jsou policejn\u00ed z\u00e1sahy selektivn\u00ed. Sta\u010d\u00ed proj\u00edt se Karlovou ulic\u00ed v centru Prahy a pomalu z ka\u017ed\u00e9ho kr\u00e1mu tam na v\u00e1s vybafne tri\u010dko s masov\u00fdm komunistick\u00fdm vrahem! To nikomu nevad\u00ed? Asi ne, je to p\u0159eci takov\u00e1 hezk\u00e1 fotka\u2026<\/p>\n<p><strong>&#8211; Hm. Neradostn\u00e9 truchliv\u00e9. A soudy v\u00e1m pak napa\u0159\u00ed podm\u00ednku jenom za to, \u017ee na sob\u011b m\u00e1te n\u011bjak\u00e9 naprosto nevinn\u00e9 triko se \u017eralokem \u010di p\u00e1r oby\u010dejn\u00fdmi p\u00edsmeny. Pr\u00fd je to od\u011bvn\u00ed zna\u010dka obl\u00edben\u00e1 mezi n\u00e1cky, a tak m\u00e1te holt sm\u016flu, i kdyby v\u00e1m to nevinn\u00e9 tri\u010dko zakoupila babi\u010dka k sv\u00e1tku.<\/strong><\/p>\n<p>Soudy, to je bohu\u017eel takov\u00fd st\u00e1t ve st\u00e1t\u011b a zna\u010dn\u00e1 m\u00edra sv\u00e9volnosti tam n\u011bkdy vede k rozsudk\u016fm, nad nimi\u017e pak \u010dlov\u011bk nev\u011b\u0159\u00edcn\u011b krout\u00ed hlavou. Pt\u00e1te se, co s t\u00edm? Inu, jednak vyu\u017e\u00edt v\u0161ech mo\u017en\u00fdch opravn\u00fdch prost\u0159edk\u016f, kter\u00e9 n\u00e1\u0161 pr\u00e1vn\u00ed \u0159\u00e1d nab\u00edz\u00ed, a potom je dobr\u00e9 si uv\u011bdomit, \u017ee ani soudci ne\u017eij\u00ed ve vzduchopr\u00e1zdnu a v\u011bt\u0161inou jsou poplatni obecn\u00e9mu m\u00edn\u011bn\u00ed, prezentovan\u00e9ho hlavn\u011b prost\u0159ednictv\u00edm velk\u00fdch m\u00e9di\u00ed. Tak\u017ee to znamen\u00e1 sna\u017eit se o co nejv\u011bt\u0161\u00ed propagaci my\u0161lenek svobody, bojovat s milovn\u00edky fale\u0161n\u00e9ho pojet\u00ed dobra velmi usilovn\u011b, vytrvale, nedat se zastra\u0161it a vytla\u010dit na okraj medi\u00e1ln\u00ed sf\u00e9ry. Pak se to ve\u0159ejn\u00e9 m\u00edn\u011bn\u00ed bude postupn\u011b m\u011bnit ve prosp\u011bch zdrav\u00e9ho rozumu a lidsk\u00e9 p\u0159irozenosti. J\u00e1 s\u00e1m bych stra\u0161n\u011b nerad \u017eil ve sv\u011bt\u011b um\u011bl\u00e9m, steriln\u00edm, omyvateln\u00e9m a \u0161ediv\u00e9m, proto\u017ee lid\u00e9 v\u017edycky byli, jsou a budou pest\u0159\u00ed a mnohotv\u00e1rn\u00ed. To je pot\u0159eba m\u00edt po\u0159\u00e1d p\u0159ed o\u010dima, jakmile se \u010dlov\u011bk pust\u00ed do n\u00e1zorov\u00e9ho souboje s majiteli pravdy.<\/p>\n","protected":false},"excerpt":{"rendered":"<p>&#8211; Jak si vysv\u011btlujete, \u017ee relativn\u011b mal\u00e9 skupiny r\u016fzn\u00fdch fale\u0161n\u00fdch humanist\u016f a bojovn\u00edk\u016f za lep\u0161\u00ed dne\u0161ky i z\u00edt\u0159ky t\u00e9m\u011b\u0159 bezv\u00fdhradn\u011b ovl\u00e1dly n\u00e1\u0161 politick\u00fd a medi\u00e1ln\u00ed prostor?<\/p>\n","protected":false},"author":1,"featured_media":0,"comment_status":"open","ping_status":"open","sticky":false,"template":"","format":"standard","meta":{"ngg_post_thumbnail":0,"footnotes":""},"categories":[13],"tags":[],"class_list":["post-2425","post","type-post","status-publish","format-standard","hentry","category-rozhovory"],"_links":{"self":[{"href":"https:\/\/www.ladislavjakl.cz\/index.php?rest_route=\/wp\/v2\/posts\/2425","targetHints":{"allow":["GET"]}}],"collection":[{"href":"https:\/\/www.ladislavjakl.cz\/index.php?rest_route=\/wp\/v2\/posts"}],"about":[{"href":"https:\/\/www.ladislavjakl.cz\/index.php?rest_route=\/wp\/v2\/types\/post"}],"author":[{"embeddable":true,"href":"https:\/\/www.ladislavjakl.cz\/index.php?rest_route=\/wp\/v2\/users\/1"}],"replies":[{"embeddable":true,"href":"https:\/\/www.ladislavjakl.cz\/index.php?rest_route=%2Fwp%2Fv2%2Fcomments&post=2425"}],"version-history":[{"count":4,"href":"https:\/\/www.ladislavjakl.cz\/index.php?rest_route=\/wp\/v2\/posts\/2425\/revisions"}],"predecessor-version":[{"id":2428,"href":"https:\/\/www.ladislavjakl.cz\/index.php?rest_route=\/wp\/v2\/posts\/2425\/revisions\/2428"}],"wp:attachment":[{"href":"https:\/\/www.ladislavjakl.cz\/index.php?rest_route=%2Fwp%2Fv2%2Fmedia&parent=2425"}],"wp:term":[{"taxonomy":"category","embeddable":true,"href":"https:\/\/www.ladislavjakl.cz\/index.php?rest_route=%2Fwp%2Fv2%2Fcategories&post=2425"},{"taxonomy":"post_tag","embeddable":true,"href":"https:\/\/www.ladislavjakl.cz\/index.php?rest_route=%2Fwp%2Fv2%2Ftags&post=2425"}],"curies":[{"name":"wp","href":"https:\/\/api.w.org\/{rel}","templated":true}]}}