{"id":2430,"date":"2012-08-16T15:42:36","date_gmt":"2012-08-16T13:42:36","guid":{"rendered":"http:\/\/www.ladislavjakl.cz\/?p=2430"},"modified":"2012-08-16T15:42:36","modified_gmt":"2012-08-16T13:42:36","slug":"odpoved-ladislava-jakla-moravanovi","status":"publish","type":"post","link":"https:\/\/www.ladislavjakl.cz\/?p=2430","title":{"rendered":"Odpov\u011b\u010f Ladislava Jakla Moravanovi"},"content":{"rendered":"<p>Dobr\u00fd den, pros\u00edm o sd\u011blen\u00ed, co v p\u0159\u00edpad\u011b zvolen\u00ed prezidentem \u010cR nab\u00eddnete n\u00e1m, kte\u0159\u00ed se hl\u00e1s\u00edme k moravsk\u00e9mu n\u00e1rodu.<\/p>\n<p><!--more-->P\u0159esto\u017ee jste byl \u010dasto hostem v televizi i novin\u00e1ch, dosud jsem nikdy<br \/>\nne\u010detl ani nesly\u0161el \u017e\u00e1dn\u00e9 Va\u0161e vyj\u00e1d\u0159en\u00ed na na\u0161i adresu. P\u0159itom v roce 1991 n\u00e1s bylo p\u0159es 1 300 000, v roce 2001 300 000 a v roce 2011 p\u0159es 600 000. Proto\u017ee se v sou\u010dasn\u00e9 dob\u011b ve\u0159ejn\u011b vyjad\u0159ujete k problematice 4 % homosexu\u00e1ln\u00ed men\u0161iny, douf\u00e1m, \u017ee si najdete \u010das na odpov\u011b\u010f i pro n\u00e1s. Je n\u00e1s dle posledn\u00edho s\u010d\u00edt\u00e1n\u00ed lidu, prov\u00e1d\u011bn\u00e9ho \u010cesk\u00fdm statistick\u00fdm \u00fa\u0159adem, v republice p\u0159es 6 %&#8230;<br \/>\nR\u00e1d bych v\u011bd\u011bl, jak se k n\u00e1m hodl\u00e1te v p\u0159\u00edpad\u011b zvolen\u00ed prezidentem chovat.<br \/>\nD\u011bkuji za odpov\u011b\u010f<br \/>\nRobert Keprt<\/p>\n<p>Dobr\u00fd den. Jako Moravan\u016fm v\u00e1m nenab\u00eddnu nic. Stejn\u011b jako nic nenab\u00eddnu Cheban\u016fm nebo Pra\u017ean\u016fm. Nab\u00edz\u00edm sv\u00e9 ideje a schopnosti v\u0161em lidem, kte\u0159\u00ed miluj\u00ed svobodu.<br \/>\nZdrav\u00ed<br \/>\nL. Jakl<\/p>\n","protected":false},"excerpt":{"rendered":"<p>Dobr\u00fd den, pros\u00edm o sd\u011blen\u00ed, co v p\u0159\u00edpad\u011b zvolen\u00ed prezidentem \u010cR nab\u00eddnete n\u00e1m, kte\u0159\u00ed se hl\u00e1s\u00edme k moravsk\u00e9mu n\u00e1rodu.<\/p>\n","protected":false},"author":1,"featured_media":0,"comment_status":"open","ping_status":"open","sticky":false,"template":"","format":"standard","meta":{"ngg_post_thumbnail":0,"footnotes":""},"categories":[17,13],"tags":[],"class_list":["post-2430","post","type-post","status-publish","format-standard","hentry","category-jakl-president","category-rozhovory"],"_links":{"self":[{"href":"https:\/\/www.ladislavjakl.cz\/index.php?rest_route=\/wp\/v2\/posts\/2430","targetHints":{"allow":["GET"]}}],"collection":[{"href":"https:\/\/www.ladislavjakl.cz\/index.php?rest_route=\/wp\/v2\/posts"}],"about":[{"href":"https:\/\/www.ladislavjakl.cz\/index.php?rest_route=\/wp\/v2\/types\/post"}],"author":[{"embeddable":true,"href":"https:\/\/www.ladislavjakl.cz\/index.php?rest_route=\/wp\/v2\/users\/1"}],"replies":[{"embeddable":true,"href":"https:\/\/www.ladislavjakl.cz\/index.php?rest_route=%2Fwp%2Fv2%2Fcomments&post=2430"}],"version-history":[{"count":1,"href":"https:\/\/www.ladislavjakl.cz\/index.php?rest_route=\/wp\/v2\/posts\/2430\/revisions"}],"predecessor-version":[{"id":2431,"href":"https:\/\/www.ladislavjakl.cz\/index.php?rest_route=\/wp\/v2\/posts\/2430\/revisions\/2431"}],"wp:attachment":[{"href":"https:\/\/www.ladislavjakl.cz\/index.php?rest_route=%2Fwp%2Fv2%2Fmedia&parent=2430"}],"wp:term":[{"taxonomy":"category","embeddable":true,"href":"https:\/\/www.ladislavjakl.cz\/index.php?rest_route=%2Fwp%2Fv2%2Fcategories&post=2430"},{"taxonomy":"post_tag","embeddable":true,"href":"https:\/\/www.ladislavjakl.cz\/index.php?rest_route=%2Fwp%2Fv2%2Ftags&post=2430"}],"curies":[{"name":"wp","href":"https:\/\/api.w.org\/{rel}","templated":true}]}}