{"id":2438,"date":"2012-08-17T16:51:45","date_gmt":"2012-08-17T14:51:45","guid":{"rendered":"http:\/\/www.ladislavjakl.cz\/?p=2438"},"modified":"2012-08-17T16:51:45","modified_gmt":"2012-08-17T14:51:45","slug":"odpovedi-ladislava-jakla-na-otazky-volice","status":"publish","type":"post","link":"https:\/\/www.ladislavjakl.cz\/?p=2438","title":{"rendered":"Odpov\u011bdi Ladislava Jakla na ot\u00e1zky voli\u010de"},"content":{"rendered":"<p><strong>&#8211; Jak\u00fd m\u00e1te pohled na leg\u00e1ln\u00ed dr\u017een\u00ed st\u0159eln\u00fdch zbran\u00ed civiln\u00edmi osobami pro vlastn\u00ed obranu? <\/strong><\/p>\n<p>Jsem pro.<\/p>\n<p><!--more--><\/p>\n<p><strong>&#8211; Jste pro zachov\u00e1n\u00ed, zp\u0159\u00edsn\u011bn\u00ed anebo naopak uvoln\u011bn\u00ed na\u0161eho Z\u00e1kona o zbran\u00edch a st\u0159elivu? <\/strong><\/p>\n<p>Zachov\u00e1n\u00ed, mo\u017en\u00e1 uvoln\u011bn\u00ed.<\/p>\n<p><strong>&#8211; Mysl\u00edte si, \u017ee by \u00fapln\u00fd z\u00e1kaz dr\u017een\u00ed a no\u0161en\u00ed leg\u00e1ln\u00edch zbran\u00ed sn\u00ed\u017eil n\u00e1silnou kriminalitu? <\/strong><\/p>\n<p><strong> <\/strong>Jsem si jist, \u017ee ne. Sp\u00ed\u0161e naopak.<\/p>\n<p><strong>&#8211; Jak\u00fd m\u00e1te pohled na praktickou aplikaci na\u0161\u00edm soudnictv\u00edm paragraf\u016f o nutn\u00e9 obran\u011b a krajn\u00ed nouzi?<\/strong><\/p>\n<p>Zde bych byl hodn\u011b opatrn\u00fd. Z\u00e1kony jsou v po\u0159\u00e1dku, zd\u00e1 se. O praxi nem\u00e1m souhrnn\u00e1 \u010d\u00edsla. Ale nejsou mi moc sympati\u010dt\u00ed hrdinov\u00e9, kte\u0159\u00ed k\u0159i\u010d\u00ed, \u017ee ka\u017ed\u00e9ho naru\u0161itele hned odpr\u00e1sknou. Jako kdyby se na to t\u011b\u0161ili. Pou\u017eit\u00ed zbran\u011b je skute\u010dn\u011b krajnost\u00ed, ne l\u00e1kavou \u0161anc\u00ed uk\u00e1zat, \u017ee jsem v pr\u00e1vu.<\/p>\n<p><strong> &#8211; Mysl\u00edte si, \u017ee by bylo vhodn\u00e9 do na\u0161eho pr\u00e1vn\u00edho \u0159\u00e1du zakotvit i tzv. doktr\u00ednu hradu (Castle Doctrine)? <\/strong><\/p>\n<p>Ne. Lidsk\u00fd \u017eivot je p\u0159\u00edli\u0161 cenn\u00fd. Jak\u00fdkoli. Ale vlastnictv\u00ed mus\u00ed po\u017e\u00edvat zv\u00fd\u0161en\u00e9 ochrany, hlavn\u011b v soudn\u00ed praxi.<\/p>\n<p><strong>&#8211; Jak\u00fd m\u00e1te n\u00e1zor na sou\u010dasn\u00e9 \u201e\u0159e\u0161en\u00ed\u201c tzv. \u201er\u00f3msk\u00e9\u201c kriminality a jak\u00e9 \u0159e\u0161en\u00ed pova\u017eujete za nejlep\u0161\u00ed Vy? <\/strong><\/p>\n<p><strong> <\/strong>Nejlep\u0161\u00ed \u0159e\u0161en\u00ed je \u017e\u00e1dn\u00e9 speci\u00e1ln\u00ed \u0159e\u0161en\u00ed. Rovn\u00fd p\u0159\u00edstup ke v\u0161em pachatel\u016fm trestn\u00fdch \u010din\u016f. Ale myslet si, \u017ee soci\u00e1ln\u011b vy\u0159azen\u00ed p\u00e1chaj\u00edc\u00ed zlo\u010diny po n\u011bjak\u00e9m geni\u00e1ln\u00edm opat\u0159en\u00ed zmiz\u00ed ze sv\u011bta, je naivn\u00ed. To se nepoda\u0159ilo nikde.<\/p>\n<p><strong>&#8211; Co si mysl\u00edte o neust\u00e1l\u00e9m \u201eutahov\u00e1n\u00ed \u0161roub\u016f\u201c (hrani\u010d\u00edc\u00ed ji\u017e mnohdy s \u0161ikanou \u0159idi\u010d\u016f) v oblasti individu\u00e1ln\u00ed dopravy? <\/strong><\/p>\n<p><strong> <\/strong>Jsem proti. Z\u00e1sadn\u011b. \u0158idi\u010d m\u00e1 b\u00fdt zcela zodpov\u011bdn\u00fd za jakoukoli \u00fajmu, kterou zp\u016fsob\u00ed. Ne b\u00fdt p\u0159edem \u0161ikanov\u00e1n. Zak\u00e1zali telefonovat, p\u0159\u00ed\u0161t\u011b zak\u00e1\u017eou pohladit spolujezdkyni koleno.<\/p>\n<p><strong>&#8211; Mysl\u00edte si, \u017ee by bezpe\u010dnosti na\u0161\u00ed dopravy prosp\u011blo m\u00e9n\u011b p\u0159edpis\u016f a (mnohdy zcela zbyte\u010dn\u00fdch) zna\u010dek, aby \u0159idi\u010di na silnic\u00edch za\u010dali znovu sami p\u0159em\u00fd\u0161let a nespol\u00e9hali se jen na z\u00e1kon? <\/strong><\/p>\n<p><strong> <\/strong>Jist\u011b. Sta\u010d\u00ed p\u0159edpis jeden: nesm\u00ed\u0161 nikomu zp\u016fsobit \u00fajmu.<\/p>\n<p><strong>&#8211; M\u011blo by se p\u0159id\u011blov\u00e1n\u00ed \u0159idi\u010dsk\u00fdch pr\u016fkaz\u016f zp\u0159\u00edsnit, zachovat st\u00e1vaj\u00edc\u00ed stav anebo naopak je\u0161t\u011b v\u00edce uvolnit? <\/strong><\/p>\n<p><strong> <\/strong>Uvolnit. Nejv\u00edce zabit\u00fdch je kuchy\u0148sk\u00fdm no\u017eem. Bude i na n\u011bj jednou t\u0159eba &#8222;\u0159idi\u010d\u00e1k&#8220;?<\/p>\n<p><strong>&#8211; Jste pro zachov\u00e1n\u00ed nulov\u00e9 tolerance na alkohol za volantem? <\/strong><\/p>\n<p><strong> <\/strong>Ne. Jsem pro zru\u0161en\u00ed trestnosti alkoholu za volantem. A posuzovat alkohol jen jako p\u0159it\u011b\u017euj\u00edc\u00ed okolnost p\u0159i nehod\u011b.<\/p>\n<p><strong>&#8211; S t\u00edm souvis\u00ed i ot\u00e1zka nep\u0159esn\u00fdch test\u016f na alkohol v dechu pomoc\u00ed (jinde ve sv\u011bt\u011b pouze orienta\u010dn\u00edch) p\u0159\u00edstroj\u016f novelou z\u00e1kona postaven\u00fdch na rove\u0148 p\u0159esn\u00e9 krevn\u00ed zkou\u0161ce \u2013 je to podle V\u00e1s v po\u0159\u00e1dku? <\/strong><\/p>\n<p>Jsem proti p\u0159edb\u011b\u017en\u00e9mu fouk\u00e1n\u00ed v\u016fbec.<\/p>\n<p><strong>&#8211; Jak\u00fd m\u00e1te n\u00e1zor na novelu z\u00e1kona, kter\u00e1 u konkr\u00e9tn\u00edch dopravn\u00edch p\u0159estupk\u016f (nespr\u00e1vn\u00e9 parkov\u00e1n\u00ed a rychlost zm\u011b\u0159en\u00e1 automatick\u00fdm radarem) zpoplat\u0148uje \u00fastavn\u00ed pr\u00e1vo nevypov\u00eddat proti sob\u011b nebo osob\u011b bl\u00edzk\u00e9?<\/strong><\/p>\n<p><strong> <\/strong>Je to pr\u016flom do tradi\u010dn\u00edch pr\u00e1v.<\/p>\n","protected":false},"excerpt":{"rendered":"<p>&#8211; Jak\u00fd m\u00e1te pohled na leg\u00e1ln\u00ed dr\u017een\u00ed st\u0159eln\u00fdch zbran\u00ed civiln\u00edmi osobami pro vlastn\u00ed obranu? Jsem pro.<\/p>\n","protected":false},"author":1,"featured_media":0,"comment_status":"open","ping_status":"open","sticky":false,"template":"","format":"standard","meta":{"ngg_post_thumbnail":0,"footnotes":""},"categories":[17,13],"tags":[],"class_list":["post-2438","post","type-post","status-publish","format-standard","hentry","category-jakl-president","category-rozhovory"],"_links":{"self":[{"href":"https:\/\/www.ladislavjakl.cz\/index.php?rest_route=\/wp\/v2\/posts\/2438","targetHints":{"allow":["GET"]}}],"collection":[{"href":"https:\/\/www.ladislavjakl.cz\/index.php?rest_route=\/wp\/v2\/posts"}],"about":[{"href":"https:\/\/www.ladislavjakl.cz\/index.php?rest_route=\/wp\/v2\/types\/post"}],"author":[{"embeddable":true,"href":"https:\/\/www.ladislavjakl.cz\/index.php?rest_route=\/wp\/v2\/users\/1"}],"replies":[{"embeddable":true,"href":"https:\/\/www.ladislavjakl.cz\/index.php?rest_route=%2Fwp%2Fv2%2Fcomments&post=2438"}],"version-history":[{"count":1,"href":"https:\/\/www.ladislavjakl.cz\/index.php?rest_route=\/wp\/v2\/posts\/2438\/revisions"}],"predecessor-version":[{"id":2439,"href":"https:\/\/www.ladislavjakl.cz\/index.php?rest_route=\/wp\/v2\/posts\/2438\/revisions\/2439"}],"wp:attachment":[{"href":"https:\/\/www.ladislavjakl.cz\/index.php?rest_route=%2Fwp%2Fv2%2Fmedia&parent=2438"}],"wp:term":[{"taxonomy":"category","embeddable":true,"href":"https:\/\/www.ladislavjakl.cz\/index.php?rest_route=%2Fwp%2Fv2%2Fcategories&post=2438"},{"taxonomy":"post_tag","embeddable":true,"href":"https:\/\/www.ladislavjakl.cz\/index.php?rest_route=%2Fwp%2Fv2%2Ftags&post=2438"}],"curies":[{"name":"wp","href":"https:\/\/api.w.org\/{rel}","templated":true}]}}