{"id":2449,"date":"2012-08-27T12:55:13","date_gmt":"2012-08-27T10:55:13","guid":{"rendered":"http:\/\/www.ladislavjakl.cz\/?p=2449"},"modified":"2012-08-27T12:55:13","modified_gmt":"2012-08-27T10:55:13","slug":"nacista-ladislav-jakl-rok-pote","status":"publish","type":"post","link":"https:\/\/www.ladislavjakl.cz\/?p=2449","title":{"rendered":"Nacista Ladislav Jakl rok pot\u00e9"},"content":{"rendered":"<p>D\u00edv\u010d\u00ed kapela s\u00a0n\u00e1zvem Kund\u00ed orgie v\u011brna sv\u00e9mu n\u00e1zvu  p\u0159edv\u00e1d\u011bla soulo\u017e na olt\u00e1\u0159i k\u0159es\u0165ansk\u00e9ho chr\u00e1mu, aby si ud\u011blala reklamu.  Te\u010f m\u00e1 opleta\u010dky se z\u00e1konem. \u0160iky pokrokov\u00fdch novin\u00e1\u0159\u016f zvedly sv\u016fj  mocn\u00fd hlas a volaj\u00ed \u201cpus\u0165te sestry dom\u016f!\u201c<\/p>\n<p><!--more--><\/p>\n<div>\n<p>Nem\u00e1m tu\u0161en\u00ed, zda proces  je veden v\u016f\u010di on\u00e9 kapele kv\u016fli jej\u00edm text\u016fm nebo kv\u016fli v\u00fdtr\u017enosti  v\u00a0kostele. Pokrokov\u00ed novin\u00e1\u0159i to ale asi v\u011bd\u00ed a byli i u toho, proto\u017ee  jeden od druh\u00e9ho opisuj\u00ed, jak je kapela souzena za \u201emodlitbu\u201c proti  mocn\u00fdm. Pokud je souzena za sv\u00e9 texty, m\u00e1m na jej\u00ed st\u00edh\u00e1n\u00ed stejn\u00fd n\u00e1zor,  jak\u00fd m\u00e1m na vztahov\u00e1n\u00ed trestn\u00edho \u0159\u00e1du proti jak\u00fdmkoli p\u00edsn\u00edm u\u017e n\u011bkolik  desetilet\u00ed. P\u0159esto si o pok\u0159iku pokrokov\u00fdch novin\u00e1\u0159\u016f mysl\u00edm sv\u00e9.<\/p>\n<p>Pro\u010d? Proto\u017ee p\u0159esn\u011b p\u0159ed rokem ze m\u011b \u00fapln\u011b stejn\u00ed novin\u00e1\u0159i ud\u011blali  nacistu pr\u00e1v\u011b za n\u00e1zor, \u017ee kapely nemaj\u00ed b\u00fdt trestn\u011b st\u00edh\u00e1ny za svou  hudbu, i kdyby zp\u00edvaly sebev\u011bt\u0161\u00ed pitomosti, i kdyby obsah p\u00edsn\u00ed byl  s\u00a0m\u00fdmi n\u00e1zory zcela neslu\u010diteln\u00fd. Podle t\u011bchto novin\u00e1\u0159\u016f se tak zast\u00e1v\u00e1m  boj\u016fvek, \u0161\u00ed\u0159\u00edc\u00edch rasistick\u00e9 a nacistick\u00e9 n\u00e1zory. Logika je to asi  stejn\u00e1, jako kdyby ze m\u011b n\u011bkdo d\u011blal spolupachatele vra\u017ed za n\u00e1zor, \u017ee  lide maj\u00ed m\u00edt svobodu chodit po chodn\u00edku. Tak on t\u00edm vlastn\u011b \u0159\u00edk\u00e1, \u017ee tu  svobodu maj\u00ed m\u00edt vrazi!<\/p>\n<p>Byl jsem tehdy po n\u011bkolik dn\u016f nejprop\u00edran\u011bj\u0161\u00ed osobou v\u00a0\u010desk\u00e9m  medi\u00e1ln\u00edm prost\u0159ed\u00ed. V\u00a0novin\u00e1ch i v\u00a0televiz\u00edch se krasoduchov\u00e9  p\u0159edh\u00e1n\u011bli v\u00a0odsudc\u00edch, p\u0159id\u00e1vali se i politici, zelen\u00ed extremist\u00e9  dokonce po\u017e\u00e1dali o m\u00e9 p\u0159e\u0161et\u0159en\u00ed N\u00e1rodn\u00edm bezpe\u010dnostn\u00edm \u00fa\u0159adem. A co  jsem tak stra\u0161n\u00e9ho \u0159ekl? \u0160lo o slova ve t\u0159i roky star\u00e9m blogu:<\/p>\n<p>\u201e<em>Mezi kapelami jsou r\u016fzn\u00e9 vypatlan\u00e9 makovice, kter\u00e9 zp\u00edvaj\u00ed fakt  nesnesiteln\u00e9 hovadiny. Jedny se zelen\u00fdm\u00a0\u010d\u00edrem na hlav\u011b v\u00e1\u0161niv\u011b vyk\u0159ikuj\u00ed  proti soukrom\u00fdm bank\u00e1m a zvolen\u00fdm parlament\u016fm, jin\u00e9 vy\u0159v\u00e1vaj\u00ed proti  negr\u016fm a \u017elut\u00fdm. Jsou to pitomci, kter\u00e9 by rodi\u010de m\u011bli vytahat za  u\u0161iska. Ale je zatracen\u00fd rozd\u00edl mezi skute\u010dn\u00fdm n\u00e1sil\u00edm, kter\u00e9 je odporn\u00e9  v\u00a0ka\u017ed\u00e9 podob\u011b a s\u00a0jakoukoli motivac\u00ed, a zu\u0159iv\u00fdm zp\u011bvem n\u011bjak\u00fdch  trubek. N\u00e1sil\u00ed je t\u0159eba trestat d\u016fsledn\u011b a tvrd\u011b. Ale trestat n\u011bkoho za  p\u00edsni\u010dky, jakkoli pitom\u00e9?<\/em>\u201c<\/p>\n<p>To jsou ale n\u00e1ckovsk\u00e9 v\u011bty jedna b\u00e1se\u0148, \u017ee? Byl jsem v\u00a0dob\u011b spu\u0161t\u011bn\u00ed  t\u00e9hle kampan\u011b zrovna ve Wroclawi a reagoval jsem na ni jedinou v\u011btou: \u201e<em>J<\/em><em>e zaj\u00edmav\u00e9, kolik lid\u00ed je ochotno trestat \u010dlov\u011bka za n\u00e1zor, \u017ee nen\u00ed spr\u00e1vn\u00e9 trestat \u010dlov\u011bka za n\u00e1zor<\/em>.\u201c  \u00a0A vid\u00edte, je\u0161t\u011b dnes se objevuj\u00ed \u010dl\u00e1nky a blogy, kter\u00e9 varuj\u00ed p\u0159ed m\u00fdm  \u201ehn\u011bd\u00fdm terorem\u201c pr\u00e1v\u011b na z\u00e1klad\u011b t\u011bchto slov. A jejich auto\u0159i by i  trestali.<\/p>\n<p>Na t\u00e9ma onoho blogu jsem p\u0159ed dv\u011bma lety poskytl rozhovor novin\u00e1\u0159i Jaroslavu Sm\u00edlkovi. Jeho pln\u00e9 zn\u011bn\u00ed je zde: <a href=\"https:\/\/www.ladislavjakl.cz\/?p=2425\">https:\/\/www.ladislavjakl.cz\/?p=2425<\/a> Co slovo, to vyzn\u00e1n\u00ed nacisty, nen\u00ed-li\u017e pravda? A proto\u017ee v\u00a0m\u00fdch  n\u00e1zorech novin\u00e1\u0159i nic \u201ez\u00e1vadn\u00e9ho\u201c nena\u0161li, ud\u011blali ze m\u011b nacistu kv\u016fli  faktu, \u017ee rozhovoru byl p\u0159\u00edtomen \u010dlov\u011bk, \u00fadajn\u011b sp\u0159\u00edzn\u011bn\u00fd s\u00a0n\u011bjakou  kapelou, kter\u00e1 \u00fadajn\u011b zp\u00edvala rasistick\u00e9 texty. J\u00e1 to nev\u00edm, novin\u00e1\u0159i to  tak\u00e9 nev\u011bd\u00ed. V\u00ed to pr\u00fd jeden aktivista, kter\u00fd to nahl\u00e1sil po roce  novin\u00e1\u0159i Viktorovi z\u00a0Mlad\u00e9 Fronty Dnes a \u201eskand\u00e1l\u201c byl na sv\u011bt\u011b. Jakl  ud\u011bluje rozhovory nacist\u016fm, no to je hr\u016fza!<\/p>\n<p>Myslel jsem si, \u017ee d\u016fle\u017eit\u00e9 je, <strong>co<\/strong> \u010dlov\u011bk \u0159\u00edk\u00e1.  Rozhovory jsem u\u017e poskytl dokonce i den\u00edku Mlad\u00e1 fronta dnes a nestyd\u00edm  se za to. Ale asi bych m\u011bl. A m\u011bl bych se pt\u00e1t ka\u017ed\u00e9ho \u010dlov\u011bka, se  kter\u00fdm mluv\u00edm, jestli n\u00e1hodou neposlouch\u00e1 nevhodn\u00e9 kapely, t\u0159eba Kund\u00ed  orgie.<\/p>\n<p>Ne, j\u00e1 nejsem z\u00a0cukru a nepot\u0159ebuji f\u0148ukat. A\u0165 si doty\u010dn\u00ed novin\u00e1\u0159i  trhnou nohou, \u017ee. Fendrychov\u00e9, Kom\u00e1rci a jim podobn\u00ed denunci\u00e1to\u0159i. Jen\u017ee  nejde o mne ale o obecn\u00fd trend. Tito aktivist\u00e9 nemaj\u00ed argument. Nemaj\u00ed  na to. Tak se sna\u017e\u00ed oponenty o\u010dernit, pomluvit, zdiskreditovat. Tak  vypad\u00e1 medi\u00e1ln\u00ed polemika a medi\u00e1ln\u00ed politika dne\u0161ka. Dobrou chu\u0165.<\/p>\n<p><a href=\"http:\/\/jakl.blog.idnes.cz\/c\/283569\/Nacista-Ladislav-Jakl-rok-pote.html\" target=\"_self\">Zdroj<\/a><\/div>\n","protected":false},"excerpt":{"rendered":"<p>D\u00edv\u010d\u00ed kapela s\u00a0n\u00e1zvem Kund\u00ed orgie v\u011brna sv\u00e9mu n\u00e1zvu p\u0159edv\u00e1d\u011bla soulo\u017e na olt\u00e1\u0159i k\u0159es\u0165ansk\u00e9ho chr\u00e1mu, aby si ud\u011blala reklamu. Te\u010f m\u00e1 opleta\u010dky se z\u00e1konem. \u0160iky pokrokov\u00fdch novin\u00e1\u0159\u016f zvedly sv\u016fj mocn\u00fd hlas a volaj\u00ed \u201cpus\u0165te sestry dom\u016f!\u201c<\/p>\n","protected":false},"author":1,"featured_media":0,"comment_status":"open","ping_status":"open","sticky":false,"template":"","format":"standard","meta":{"ngg_post_thumbnail":0,"footnotes":""},"categories":[1],"tags":[],"class_list":["post-2449","post","type-post","status-publish","format-standard","hentry","category-publikovane-clanky"],"_links":{"self":[{"href":"https:\/\/www.ladislavjakl.cz\/index.php?rest_route=\/wp\/v2\/posts\/2449","targetHints":{"allow":["GET"]}}],"collection":[{"href":"https:\/\/www.ladislavjakl.cz\/index.php?rest_route=\/wp\/v2\/posts"}],"about":[{"href":"https:\/\/www.ladislavjakl.cz\/index.php?rest_route=\/wp\/v2\/types\/post"}],"author":[{"embeddable":true,"href":"https:\/\/www.ladislavjakl.cz\/index.php?rest_route=\/wp\/v2\/users\/1"}],"replies":[{"embeddable":true,"href":"https:\/\/www.ladislavjakl.cz\/index.php?rest_route=%2Fwp%2Fv2%2Fcomments&post=2449"}],"version-history":[{"count":1,"href":"https:\/\/www.ladislavjakl.cz\/index.php?rest_route=\/wp\/v2\/posts\/2449\/revisions"}],"predecessor-version":[{"id":2450,"href":"https:\/\/www.ladislavjakl.cz\/index.php?rest_route=\/wp\/v2\/posts\/2449\/revisions\/2450"}],"wp:attachment":[{"href":"https:\/\/www.ladislavjakl.cz\/index.php?rest_route=%2Fwp%2Fv2%2Fmedia&parent=2449"}],"wp:term":[{"taxonomy":"category","embeddable":true,"href":"https:\/\/www.ladislavjakl.cz\/index.php?rest_route=%2Fwp%2Fv2%2Fcategories&post=2449"},{"taxonomy":"post_tag","embeddable":true,"href":"https:\/\/www.ladislavjakl.cz\/index.php?rest_route=%2Fwp%2Fv2%2Ftags&post=2449"}],"curies":[{"name":"wp","href":"https:\/\/api.w.org\/{rel}","templated":true}]}}