{"id":2451,"date":"2012-08-27T12:59:45","date_gmt":"2012-08-27T10:59:45","guid":{"rendered":"http:\/\/www.ladislavjakl.cz\/?p=2451"},"modified":"2012-08-27T12:59:45","modified_gmt":"2012-08-27T10:59:45","slug":"odpovedi-ladislava-jakla-studentovi","status":"publish","type":"post","link":"https:\/\/www.ladislavjakl.cz\/?p=2451","title":{"rendered":"Odpov\u011bdi Ladislava Jakla studentovi"},"content":{"rendered":"<p><strong>1. Co p\u0159esn\u011b mysl\u00edte pod pojmy &#8222;havlistick\u00fd&#8220; \u010di &#8222;levicov\u011b liber\u00e1ln\u00ed&#8220;? U levicov\u011b liber\u00e1ln\u00edho m\u00e1m svou teorii, kter\u00e1 je jist\u011b spr\u00e1vn\u00e1, ale p\u0159i rozmluv\u011b s p\u0159\u00e1teli i nep\u0159\u00e1teli, kdy\u017e se sna\u017e\u00edm obh\u00e1jit v\u00e1\u0161 n\u00e1zor, se kter\u00fdm souhlas\u00edm, nem\u00e1m o co se u tohoto t\u00e9matu op\u0159\u00edt, proto\u017ee jsem v\u017edy na\u0159knut ze sv\u00e9 interpretace va\u0161eho textu. U havlistick\u00e9ho nem\u00e1m nejmen\u0161\u00ed tu\u0161en\u00ed. <\/strong><\/p>\n<p><strong><!--more--><\/strong><br \/>\nJ\u00e1 se nebudu pokou\u0161et o definici. \u0158ekl jsem to v mnoha stovk\u00e1ch \u010dl\u00e1nk\u016f a jin\u00fdch ve\u0159ejn\u00fdch vystoupen\u00ed. Snad jen, \u017ee jde o formu socialismu, n\u00e1siln\u00e9ho kolektivismu, kter\u00fd ale narozd\u00edl od \u010dist\u00e9ho soci\u00e1ldemokratismu hal\u00ed sv\u00e9 z\u00e1m\u011bry do intelektu\u00e1ln\u00ed mlhy.<\/p>\n<p><strong>2. Co v\u00e1s jako liber\u00e1la a\u017e libertari\u00e1na vedlo k signov\u00e1n\u00ed Manifestu D.O.S.T.? Zahrnuje a\u017e p\u0159esp\u0159\u00edli\u0161 konzervativn\u00edch hodnot. Snad krom\u011b posledn\u00edho bodu nedotknutelnosti soukrom\u00e9ho vlastnictv\u00ed v\u0161echny. N\u011bkter\u00e9 jsou z m\u00e9ho pohledu formulov\u00e1ny dokonce dosti nacionalisticky. Mohl byste mi to pros\u00edm osv\u011btlit?<br \/>\n<\/strong><br \/>\nS\u00e1m sob\u011b neum\u00edm d\u00e1vat n\u00e1lepky, ale pova\u017euji se za \u010dlov\u011bka velmi konzervativn\u00edho v mnoha ohledech. Nacionalistick\u00e9ho nespat\u0159uji na Akci D.O.S.T. nic.<\/p>\n<p><strong>3. Nikde jsem nena\u0161el va\u0161e explicitn\u00ed vyj\u00e1d\u0159en\u00ed n\u00e1zoru na homosexualitu. Nemysl\u00edm t\u00edm, zda ji tolerujete (to jsem objevil). Jde mi o to, zda v\u00e1m vad\u00ed \u010di je v\u00e1m opravdu up\u0159\u00edmn\u011b jedno, jak jsou lid\u00e9 zam\u011b\u0159en\u00ed.<br \/>\n<\/strong><br \/>\nNapsal jsem na toto t\u00e9ma mnoho text\u016f u\u017e p\u0159ed mnoha lety. Nejv\u00edce asi p\u0159ed \u0161esti lety kolem z\u00e1kona o st\u00e1tn\u00ed registraci homosexu\u00e1ln\u00edch p\u00e1r\u016f. Nem\u00e1m \u017e\u00e1dnou pot\u0159ebu se vymezovat v\u016f\u010di lidem pro povahu jejich sexu\u00e1ln\u00edch aktivit. Ale jsem z\u00e1sadn\u011b proti ideologii, kter\u00e1 d\u011bl\u00e1 z homosexuality t\u00e9ma slou\u017e\u00edc\u00ed k rozbit\u00ed tradi\u010dn\u00edch spole\u010densk\u00fdch hodnot.<\/p>\n<p><strong>4. V n\u00e1vaznosti na p\u0159edchoz\u00ed ot\u00e1zku bych r\u00e1d polemizoval (a p\u0159\u00edpadn\u011b se nechal p\u0159esv\u011bd\u010dit) s va\u0161\u00edm n\u00e1zorem na rodinu, p\u0159\u00edpadn\u011b registrovan\u00e9 partnerstv\u00ed. Beru argumenty, \u017ee jde o st\u00e1tn\u00ed instituce s privilegii a i povinnostmi, kter\u00fdm do sou\u017eit\u00ed dvou lid\u00ed nic nen\u00ed. Av\u0161ak d\u00edv\u00e1m se na tyto instituce z pohledu organiza\u010dn\u00edho. P\u0159\u00edstup k informac\u00edm o rodinn\u00e9m p\u0159\u00edslu\u0161n\u00edku je snaz\u0161\u00ed. Nap\u0159. l\u00e9ka\u0159 rychleji zjist\u00ed, zda neposkytuje informace n\u011bkomu, kdo nen\u00ed opr\u00e1vn\u011bn. Nejsou tyto instituce i ur\u010dit\u00fdm r\u00e1mcem, kter\u00fd zaji\u0161\u0165uje mou svobodu p\u0159ed ostatn\u00edmi? Nespadaj\u00ed ji\u017e do toho nutn\u00e9ho, co by st\u00e1t zaji\u0161\u0165ovat m\u011bl, tedy moje pr\u00e1va a svobody?<br \/>\n<\/strong><br \/>\nNe, nic na t\u011bch n\u00e1mitk\u00e1ch nen\u00ed pravdou. Pov\u00edda\u010dky o informac\u00edch od l\u00e9ka\u0159\u016f jsou jednou z b\u011b\u017en\u00fdch l\u017e\u00ed. Na to nepot\u0159ebujete \u017e\u00e1dnou st\u00e1tem uznanou registraci. Jinak by takov\u00fd institut u\u017e d\u00e1vno po\u017eadovaly ne stovky homosexu\u00e1ln\u00edch p\u00e1r\u016f ale stovky tis\u00edc nesezdan\u00fdch heterosexu\u00e1ln\u00edch p\u00e1r\u016f. Jak to, \u017ee jim to nechyb\u00ed? Nen\u00ed \u017e\u00e1dn\u00fd probl\u00e9m d\u00e1t l\u00e9ka\u0159i pokyn. Nav\u00edc jsem nikdy nesly\u0161el o tom, \u017ee by registrovan\u00ed partne\u0159i tento institut za \u0161est let jedinkr\u00e1t pou\u017eili v tomto smyslu.<\/p>\n","protected":false},"excerpt":{"rendered":"<p>1. Co p\u0159esn\u011b mysl\u00edte pod pojmy &#8222;havlistick\u00fd&#8220; \u010di &#8222;levicov\u011b liber\u00e1ln\u00ed&#8220;? U levicov\u011b liber\u00e1ln\u00edho m\u00e1m svou teorii, kter\u00e1 je jist\u011b spr\u00e1vn\u00e1, ale p\u0159i rozmluv\u011b s p\u0159\u00e1teli i nep\u0159\u00e1teli, kdy\u017e se sna\u017e\u00edm obh\u00e1jit v\u00e1\u0161 n\u00e1zor, se kter\u00fdm souhlas\u00edm, nem\u00e1m o co se u tohoto t\u00e9matu op\u0159\u00edt, proto\u017ee jsem v\u017edy na\u0159knut ze sv\u00e9 interpretace va\u0161eho textu. U havlistick\u00e9ho [&hellip;]<\/p>\n","protected":false},"author":1,"featured_media":0,"comment_status":"open","ping_status":"open","sticky":false,"template":"","format":"standard","meta":{"ngg_post_thumbnail":0,"footnotes":""},"categories":[17,13],"tags":[],"class_list":["post-2451","post","type-post","status-publish","format-standard","hentry","category-jakl-president","category-rozhovory"],"_links":{"self":[{"href":"https:\/\/www.ladislavjakl.cz\/index.php?rest_route=\/wp\/v2\/posts\/2451","targetHints":{"allow":["GET"]}}],"collection":[{"href":"https:\/\/www.ladislavjakl.cz\/index.php?rest_route=\/wp\/v2\/posts"}],"about":[{"href":"https:\/\/www.ladislavjakl.cz\/index.php?rest_route=\/wp\/v2\/types\/post"}],"author":[{"embeddable":true,"href":"https:\/\/www.ladislavjakl.cz\/index.php?rest_route=\/wp\/v2\/users\/1"}],"replies":[{"embeddable":true,"href":"https:\/\/www.ladislavjakl.cz\/index.php?rest_route=%2Fwp%2Fv2%2Fcomments&post=2451"}],"version-history":[{"count":1,"href":"https:\/\/www.ladislavjakl.cz\/index.php?rest_route=\/wp\/v2\/posts\/2451\/revisions"}],"predecessor-version":[{"id":2452,"href":"https:\/\/www.ladislavjakl.cz\/index.php?rest_route=\/wp\/v2\/posts\/2451\/revisions\/2452"}],"wp:attachment":[{"href":"https:\/\/www.ladislavjakl.cz\/index.php?rest_route=%2Fwp%2Fv2%2Fmedia&parent=2451"}],"wp:term":[{"taxonomy":"category","embeddable":true,"href":"https:\/\/www.ladislavjakl.cz\/index.php?rest_route=%2Fwp%2Fv2%2Fcategories&post=2451"},{"taxonomy":"post_tag","embeddable":true,"href":"https:\/\/www.ladislavjakl.cz\/index.php?rest_route=%2Fwp%2Fv2%2Ftags&post=2451"}],"curies":[{"name":"wp","href":"https:\/\/api.w.org\/{rel}","templated":true}]}}