{"id":2453,"date":"2012-08-27T13:02:53","date_gmt":"2012-08-27T11:02:53","guid":{"rendered":"http:\/\/www.ladislavjakl.cz\/?p=2453"},"modified":"2012-08-27T13:02:53","modified_gmt":"2012-08-27T11:02:53","slug":"odpovedi-ladislava-jakla-volicce","status":"publish","type":"post","link":"https:\/\/www.ladislavjakl.cz\/?p=2453","title":{"rendered":"Odpov\u011bdi Ladislava Jakla voli\u010dce"},"content":{"rendered":"<p><strong>Dobr\u00fd den, pane Jakle, zam\u00fd\u0161l\u00edte financovat vlastn\u00ed prezidentskou kampan v takov\u00e9m rozsahu, jakou dovoluje prov\u00e1d\u011bc\u00ed z\u00e1kon? <\/strong><\/p>\n<p><strong> <\/strong>Nev\u00edm, kde bych na to vzal.<\/p>\n<p><!--more--><\/p>\n<p><strong>Nen\u00ed V\u00e1m l\u00edto zbyte\u010dn\u011b vyhozen\u00fdch pen\u011bz, kter\u00e9 jsou pot\u0159eba v jin\u00fdch oblastech ve\u0159ejn\u00e9ho \u017eivota? <\/strong><\/p>\n<p>J\u00e1 \u017e\u00e1dn\u00e9 pen\u00edze vyhazovat nebudu a mimochodem, pen\u00edze na zviditel\u0148ov\u00e1n\u00ed d\u016fle\u017eit\u00fdch my\u0161lenek ur\u010dit\u011b nejsou &#8222;zbyte\u010dn\u011b vyhozen\u00e9&#8220;.<\/p>\n<p><strong>Pro\u010d je Va\u0161i sponzo\u0159i nesm\u011bruj\u00ed jinam &#8211; p\u0159\u00edmo tam, kde lidem chyb\u00ed&#8230; <\/strong><\/p>\n<p><strong> <\/strong>\u017d\u00e1dn\u00e9 sponzory nem\u00e1m. A pokud se n\u011bjak\u00fd najde, jist\u011b pro to bude m\u00edt sv\u016fj d\u016fvod. Nap\u0159\u00edklad, \u017ee chce podpo\u0159it my\u0161lenky, kter\u00e9 podle n\u011bj za podporu stoj\u00ed.<\/p>\n<p><strong>Mysl\u00edm si, \u017ee pokud bych byla zvolena prezidentem, nemohla by mne tato funkce, kter\u00e1 vzejde z t\u00e9to &#8222;zaplacen\u00e9 podpory&#8220; t\u011b\u0161it. <\/strong><\/p>\n<p><strong> <\/strong>To vzka\u017ete prezidentsk\u00fdm uchaze\u010d\u016fm, rozhazuj\u00edc\u00edm des\u00edtky milion\u016f, kter\u00e9 jist\u011b nedostali kv\u016fli idej\u00edm ale jako z\u00e1lohu na budouc\u00ed protekci.<\/p>\n<p><strong>T\u00edmto zp\u016fsobem m\u00e1 p\u0159em\u00fd\u0161let ka\u017ed\u00fd \u010dlov\u011bk, ale bohu\u017eel tomu tak dnes nen\u00ed. Proto dnes \u017eijeme ve spole\u010dnosti s makrorozd\u00edly v soci\u00e1ln\u00edm postaven\u00ed, ve sv\u011bt\u011b megaboh\u00e1\u010d\u016f se statis\u00edcov\u00fdmi p\u0159\u00edjmy, kte\u0159\u00ed \u017eij\u00ed luxusem a mrh\u00e1n\u00edm a naproti tomu lid\u00ed, kte\u0159\u00ed mus\u00ed vych\u00e1zet z p\u0159\u00edjmem huboko pod pr\u016fm\u011brn\u00fdm platem a zb\u00fdv\u00e1 jim m\u00e1lo nebo v\u016fbec nic na spo\u0159en\u00ed. <\/strong><\/p>\n<p><strong> <\/strong>\u010cesk\u00e1 spole\u010dnost je spole\u010dnost\u00ed s nejmen\u0161\u00edmi soci\u00e1ln\u00edmi rozd\u00edly na sv\u011bt\u011b. Ka\u017ed\u00fd m\u00e1 pr\u00e1vo sv\u016fj majetek u\u017e\u00edvat dle sv\u00e9 v\u016fle, v\u0161e ostatn\u00ed je cesta k n\u00e1sil\u00ed a diktatu\u0159e.<\/p>\n<p><strong>Dovolte mi je\u0161t\u011b n\u00e1zor na osobu budouc\u00edho prezidenta \u010cesk\u00e9 republiky. Mysl\u00edm, \u017ee mimo jin\u00e9 kladn\u00e9 osobnostn\u00ed str\u00e1nky, jako je p\u0159edev\u0161\u00edm soci\u00e1ln\u00ed c\u00edt\u011bn\u00ed, empatie, ochota naslouchat a pom\u00e1hat druh\u00fdm, skromnost aj. by se m\u011bl zam\u011b\u0159it na pos\u00edlen\u00ed samostatnosti republiky p\u0159edev\u0161\u00edm v oblasti zem\u011bd\u011blstv\u00ed a zaji\u0161t\u011bn\u00ed n\u00e1rodn\u00edho bohatstv\u00ed (nerostn\u00e9 suroviny, pam\u00e1tky aj.). <\/strong><\/p>\n<p><strong> <\/strong>Prezident zcela jist\u011b nem\u016f\u017ee b\u00fdt asoci\u00e1ln\u00ed blbec. To ale nesta\u010d\u00ed. M\u011bl by zast\u00e1vat my\u0161lenky, kv\u016fle kter\u00fdm je volen. Ne my\u0161lenky obecn\u00e9ho dobra ale konKr\u00e9tn\u00ed politick\u00e9 principy a hodnoty.<\/p>\n<p>Zdrav\u00ed L. Jakl<\/p>\n","protected":false},"excerpt":{"rendered":"<p>Dobr\u00fd den, pane Jakle, zam\u00fd\u0161l\u00edte financovat vlastn\u00ed prezidentskou kampan v takov\u00e9m rozsahu, jakou dovoluje prov\u00e1d\u011bc\u00ed z\u00e1kon? Nev\u00edm, kde bych na to vzal.<\/p>\n","protected":false},"author":1,"featured_media":0,"comment_status":"open","ping_status":"open","sticky":false,"template":"","format":"standard","meta":{"ngg_post_thumbnail":0,"footnotes":""},"categories":[17,13],"tags":[],"class_list":["post-2453","post","type-post","status-publish","format-standard","hentry","category-jakl-president","category-rozhovory"],"_links":{"self":[{"href":"https:\/\/www.ladislavjakl.cz\/index.php?rest_route=\/wp\/v2\/posts\/2453","targetHints":{"allow":["GET"]}}],"collection":[{"href":"https:\/\/www.ladislavjakl.cz\/index.php?rest_route=\/wp\/v2\/posts"}],"about":[{"href":"https:\/\/www.ladislavjakl.cz\/index.php?rest_route=\/wp\/v2\/types\/post"}],"author":[{"embeddable":true,"href":"https:\/\/www.ladislavjakl.cz\/index.php?rest_route=\/wp\/v2\/users\/1"}],"replies":[{"embeddable":true,"href":"https:\/\/www.ladislavjakl.cz\/index.php?rest_route=%2Fwp%2Fv2%2Fcomments&post=2453"}],"version-history":[{"count":1,"href":"https:\/\/www.ladislavjakl.cz\/index.php?rest_route=\/wp\/v2\/posts\/2453\/revisions"}],"predecessor-version":[{"id":2454,"href":"https:\/\/www.ladislavjakl.cz\/index.php?rest_route=\/wp\/v2\/posts\/2453\/revisions\/2454"}],"wp:attachment":[{"href":"https:\/\/www.ladislavjakl.cz\/index.php?rest_route=%2Fwp%2Fv2%2Fmedia&parent=2453"}],"wp:term":[{"taxonomy":"category","embeddable":true,"href":"https:\/\/www.ladislavjakl.cz\/index.php?rest_route=%2Fwp%2Fv2%2Fcategories&post=2453"},{"taxonomy":"post_tag","embeddable":true,"href":"https:\/\/www.ladislavjakl.cz\/index.php?rest_route=%2Fwp%2Fv2%2Ftags&post=2453"}],"curies":[{"name":"wp","href":"https:\/\/api.w.org\/{rel}","templated":true}]}}