{"id":2457,"date":"2012-08-27T13:07:28","date_gmt":"2012-08-27T11:07:28","guid":{"rendered":"http:\/\/www.ladislavjakl.cz\/?p=2457"},"modified":"2012-08-27T13:07:28","modified_gmt":"2012-08-27T11:07:28","slug":"ladislav-jakl-pro-parlamentni-listy-o-poulicnim-predvadeni-homosexu","status":"publish","type":"post","link":"https:\/\/www.ladislavjakl.cz\/?p=2457","title":{"rendered":"Ladislav Jakl pro Parlamentn\u00ed listy o pouli\u010dn\u00edm p\u0159edv\u00e1d\u011bn\u00ed homosexu"},"content":{"rendered":"<p><strong>1) Z\u00fa\u010dastnil jste se protestu za pr\u00e1va homosexu\u00e1l\u016f? <\/strong><\/p>\n<p>Ne. <!--more--><\/p>\n<p><strong>2) Pro\u010d?<\/strong><\/p>\n<p>Proto\u017ee ne\u0161lo o protest za pr\u00e1va, kter\u00e1 jim nikdo neup\u00edr\u00e1, ale o sexu\u00e1ln\u00ed exhibici.<\/p>\n<p><strong>3) Protestu se z\u00fa\u010dastnilo 10 tis\u00edc lid\u00ed, p\u0159ekvapilo V\u00e1s to?<\/strong><\/p>\n<p>Nev\u00edm, kdo je po\u010d\u00edtal, ale nep\u0159ekvapilo. P\u0159ekvapilo by m\u011b, kdyby jich bylo v\u00edc ne\u017e 410 tis\u00edc.<\/p>\n<p><strong>4) Jak hodnot\u00edte p\u0159\u00edstup sou\u010dasn\u00e9 spole\u010dnosti k\u00a0homosexu\u00e1l\u016fm?<\/strong><\/p>\n<p>Jako p\u0159im\u011b\u0159en\u00fd.<\/p>\n<p><strong> <\/strong><\/p>\n<p><strong>5) St\u00e1le se najde dost lid\u00ed, kte\u0159\u00ed homosexualitu pova\u017euj\u00ed za nemoc. Jak si tento n\u00e1zor na za\u010d\u00e1tku 21. stolet\u00ed vysv\u011btlujete?<\/strong><\/p>\n<p>T\u00edm, \u017ee i v\u00a021. stolet\u00ed z\u016fstaly zachov\u00e1ny zbytky rozumu. Homosexualita byla ze seznamu nemoc\u00ed vy\u0161krtnuta WHO politick\u00fdm rozhodnut\u00edm.<\/p>\n<p><strong> <\/strong><\/p>\n<p><strong>6) Prim\u00e1tor Svoboda je n\u011bkter\u00fdmi spolustran\u00edky kritizov\u00e1n za podporu t\u00e9to akce. Jak jeho p\u0159\u00edstup hodnot\u00edte?<\/strong><\/p>\n<p>Negativn\u011b. Ok\u00e1zal\u00e9 p\u0159edv\u00e1d\u011bn\u00ed sexu v\u00a0ulic\u00edch nem\u00e1 m\u00edt ve\u0159ejnou podporu.<\/p>\n<p><strong> <\/strong><\/p>\n<p><strong>7) M\u011bli by podle V\u00e1s m\u00edt homosexu\u00e1lov\u00e9 pr\u00e1vo na adopci d\u011bt\u00ed?<\/strong><\/p>\n<p>Nikdo nesm\u00ed m\u00edt \u201epr\u00e1vo\u201c na adopci. Ani heterosexu\u00e1lov\u00e9. P\u0159i rozhodov\u00e1n\u00ed o sv\u011b\u0159en\u00ed d\u00edt\u011bte do p\u00e9\u010de mus\u00ed rozhodovat jeho z\u00e1jem a ne n\u011b\u010d\u00ed n\u00e1rok na \u017eivou hra\u010dku.<\/p>\n","protected":false},"excerpt":{"rendered":"<p>1) Z\u00fa\u010dastnil jste se protestu za pr\u00e1va homosexu\u00e1l\u016f? Ne.<\/p>\n","protected":false},"author":1,"featured_media":0,"comment_status":"open","ping_status":"open","sticky":false,"template":"","format":"standard","meta":{"ngg_post_thumbnail":0,"footnotes":""},"categories":[13],"tags":[],"class_list":["post-2457","post","type-post","status-publish","format-standard","hentry","category-rozhovory"],"_links":{"self":[{"href":"https:\/\/www.ladislavjakl.cz\/index.php?rest_route=\/wp\/v2\/posts\/2457","targetHints":{"allow":["GET"]}}],"collection":[{"href":"https:\/\/www.ladislavjakl.cz\/index.php?rest_route=\/wp\/v2\/posts"}],"about":[{"href":"https:\/\/www.ladislavjakl.cz\/index.php?rest_route=\/wp\/v2\/types\/post"}],"author":[{"embeddable":true,"href":"https:\/\/www.ladislavjakl.cz\/index.php?rest_route=\/wp\/v2\/users\/1"}],"replies":[{"embeddable":true,"href":"https:\/\/www.ladislavjakl.cz\/index.php?rest_route=%2Fwp%2Fv2%2Fcomments&post=2457"}],"version-history":[{"count":1,"href":"https:\/\/www.ladislavjakl.cz\/index.php?rest_route=\/wp\/v2\/posts\/2457\/revisions"}],"predecessor-version":[{"id":2458,"href":"https:\/\/www.ladislavjakl.cz\/index.php?rest_route=\/wp\/v2\/posts\/2457\/revisions\/2458"}],"wp:attachment":[{"href":"https:\/\/www.ladislavjakl.cz\/index.php?rest_route=%2Fwp%2Fv2%2Fmedia&parent=2457"}],"wp:term":[{"taxonomy":"category","embeddable":true,"href":"https:\/\/www.ladislavjakl.cz\/index.php?rest_route=%2Fwp%2Fv2%2Fcategories&post=2457"},{"taxonomy":"post_tag","embeddable":true,"href":"https:\/\/www.ladislavjakl.cz\/index.php?rest_route=%2Fwp%2Fv2%2Ftags&post=2457"}],"curies":[{"name":"wp","href":"https:\/\/api.w.org\/{rel}","templated":true}]}}