{"id":2459,"date":"2012-08-27T13:11:05","date_gmt":"2012-08-27T11:11:05","guid":{"rendered":"http:\/\/www.ladislavjakl.cz\/?p=2459"},"modified":"2012-08-27T13:11:05","modified_gmt":"2012-08-27T11:11:05","slug":"odpovedi-ladislava-jakla-liberecakovi","status":"publish","type":"post","link":"https:\/\/www.ladislavjakl.cz\/?p=2459","title":{"rendered":"Odpov\u011bdi Ladislava Jakla Libere\u010d\u00e1kovi"},"content":{"rendered":"<p>Dovoluji si reagovat na  televizn\u00ed rozhovor pana prezidenta k rozd\u011blen\u00ed \u010ceskoslovenska. Jako obvykle jsou pro mne z\u00e1v\u011bry pana prezidenta po\u017eitkem, ov\u0161em v tomto bolestn\u00e9m t\u00e9matu m\u00e9n\u011b.<\/p>\n<p><!--more-->Zaujala mne teze pana prezidenta, \u017ee rozd\u011blen\u00ed \u010ceskoslovenska dopadlo dob\u0159e, rozvoln\u011bn\u00ed EU by nebyla hr\u016fza a glosa historika, \u017ee historick\u00e1 role \u010ceskoslovenska se v roce 1992 vy\u010derpala. To mne vedlo k nutk\u00e1n\u00ed si dovolit V\u00e1m napsat tuto nevy\u017e\u00e1danou \u00favahu.<\/p>\n<p>Prvn\u00ed ot\u00e1zkou pro mne je, jak\u00fd dal\u0161\u00ed z\u00e1kladn\u00ed k\u00e1men mohli p\u0159i konstituov\u00e1n\u00ed spole\u010dn\u00e9ho st\u00e1tu jeho zakladatel\u00e9 v roce 1918  polo\u017eit, aby se historick\u00e1 role \u010ceskoslovenska nevy\u010derpala a neskon\u010dilo po osmdes\u00e1ti letech rozpadem. Jin\u00fdmi slovy zda mohla b\u00fdt idea \u010dechoslovakismu zachov\u00e1na do dne\u0161n\u00edch dn\u016f.<\/p>\n<p><span style=\"color: #3366ff;\"><em>\u017d\u00e1dn\u00fd takov\u00fd potenci\u00e1ln\u00ed z\u00e1kladn\u00ed k\u00e1men neexistuje. Rozpad byl nevyhnuteln\u00fd. Do\u0161lo by k n\u011bmu u\u017e v roce 1948 nebo 1968, kdyby tehdy existovala demokracie. \u010ceskoslovensko sehr\u00e1lo pozitivn\u00ed roli, minim\u00e1ln\u011b v z\u00e1chran\u011b samotn\u00e9 n\u00e1rodn\u00ed existence Slov\u00e1k\u016f a v etablov\u00e1n\u00ed \u010cech\u016f jako st\u00e1totvorn\u00e9ho n\u00e1roda v\u016f\u010di do t\u00e9 doby vl\u00e1dnouc\u00edm N\u011bmc\u016fm. Tato pozitivn\u00ed role se vy\u010derpala u\u017e v roce 1938. L.J.<\/em><\/span><\/p>\n<p>Jedin\u00e9, co mne napadlo, je, \u017ee spr\u00e1vn\u00edm centrem,hlavn\u00edm m\u011bstem, nov\u00e9ho st\u00e1tu p\u0159i jeho zalo\u017een\u00ed nem\u011bla b\u00fdt Praha. TGM mohl jako mimo\u0159\u00e1dn\u00e1 autorita prosadit ideu hlavn\u00edho m\u011bsta n\u011bkde na \u010desko-slovensk\u00e9m pomez\u00ed. Mohlo j\u00edm b\u00fdt nap\u0159 Uhersk\u00e9 hradi\u0161t\u011b, Zl\u00edn, Tren\u010d\u00edn, Byt\u010da, nebo je\u0161t\u011b l\u00e9pe nov\u011b vystav\u011bn\u00e9 spr\u00e1vn\u00ed centrum, jak to ud\u011blali Brazilci. Hospod\u00e1\u0159sk\u00e1 s\u00edla st\u00e1tu byla dostate\u010dn\u00e1, aby to bylo zvl\u00e1dnuteln\u00e9. T\u00edm by jist\u011b byla pos\u00edlena identifikace Slov\u00e1k\u016f se spole\u010dn\u00fdm st\u00e1tem i idea jednotn\u00e9ho \u010deskoslovensk\u00e9ho n\u00e1roda. Do Prahy by zkr\u00e1tka nebylo pro Slov\u00e1ky tak daleko a nebylo by to \u201ehlavn\u00ed m\u011bsto \u010cech\u016f\u201c, tak, jak to mohli c\u00edtit a z\u0159ejm\u011b i c\u00edtili.<\/p>\n<p><em><span style=\"color: #3366ff;\">Toto \u0159e\u0161n\u00ed by \u010ce\u0161i nikdy nep\u0159ijali. Ch\u00e1pali rozpad Rakouska jako n\u00e1vrat k samostatn\u00e9mu \u010desk\u00e9mu st\u00e1tu s jeho z\u00e1kladn\u00edmi atributy, v\u010detn\u011b zcela samoz\u0159ejm\u00e9ho politick\u00e9ho centra. Jak\u00e9koli jin\u00e9 \u0159e\u0161en\u00ed by bylo um\u011bl\u00fdm soci\u00e1ln\u00edm in\u017een\u00fdrstv\u00edm, projevem k\u0159e\u010dovit\u00e9ho konstruktivismu, neodvozen\u00e9ho od lidov\u00e9 v\u016fle. L.J.<br \/>\n<\/span><\/em><\/p>\n<p>D\u016fle\u017eit\u011bj\u0161\u00ed v\u0161ak je, jak by se v sou\u010dasnosti v\u00edce dalo podpo\u0159it to, \u017ee dva samostatn\u00e9 st\u00e1ty maj\u00ed spolu nadstandardn\u00ed vztahy a jsou propojeny mnoha vazbami a spole\u010dn\u00fdmi z\u00e1jmy. Zvl\u00e1\u0161t\u011b dr\u00e1\u017ediv\u00e1 je ot\u00e1zka, jak s touto , v porovn\u00e1n\u00ed s jak\u00fdmikoli jin\u00fdmi dv\u011bma evropsk\u00fdmi st\u00e1ty, komparativn\u00ed v\u00fdhodou nalo\u017eit pro p\u0159\u00edpad, \u017ee dojde k rozvoln\u011bn\u00ed Evropsk\u00e9 unie a n\u00e1rodn\u00ed st\u00e1ty z\u00edskaj\u00ed na v\u00fdznamu. Sout\u011b\u017een\u00ed, \u010di soupe\u0159en\u00ed mezi st\u00e1ty se dnes odehr\u00e1v\u00e1 zejm\u00e9na na ekonomick\u00e9m poli. Co takhle vybudovat na hranic\u00edch spole\u010dn\u00fd \u010desko-slovensk\u00fd projekt  &#8211; v\u00fdrobn\u00ed park, bezceln\u00ed z\u00f3nu, da\u0148ov\u00fd r\u00e1j, \u201eekonomick\u00fd Brusel\u201c?! \u00dazem\u00ed, kter\u00e9 by silou byznysu propojilo z\u00e1jmy obou st\u00e1t\u016f a uk\u00e1zalo, \u017ee nov\u00e9 \u010cesko-Slovensko m\u016f\u017ee sehr\u00e1t svoji novou historickou roli v bou\u0159liv\u011bj\u0161\u00edch dob\u00e1ch, kter\u00e9 v Evrop\u011b jist\u011b zase p\u0159ijdou. Ur\u010dit\u011b je to \u00favaha po\u0161etil\u00e1, \u0161koln\u00ed, ale snad nap\u0159\u00edklad osobnost Va\u0161eho form\u00e1tu by z n\u00ed mohla n\u011bco \u017eivotaschopn\u00e9ho vyk\u0159esat.<\/p>\n<p><span style=\"color: #3366ff;\"><em>Mysl\u00edm, \u017ee to jsou my\u0161lenky hnan\u00e9 sp\u00ed\u0161e nostalgi\u00ed ne\u017e skute\u010dn\u00fdmi z\u00e1jmy a jejich efektivn\u00edm dosahov\u00e1n\u00edm. Naopak o\u010dek\u00e1v\u00e1m v\u00fdvoj od sou\u010dasn\u00fdch nadstandardn\u00edch k norm\u00e1ln\u00edm standardn\u00edm vztah\u016fm.L.J.<\/em><\/span><\/p>\n<p>Hezk\u00e9 dny a po\u0159\u00e1d dr\u017e\u00edm palce co to jde.<\/p>\n<p><span style=\"color: #3366ff;\"><em> D\u011bkuji moc. Zdrav\u00ed L. Jakl <\/em><\/span><\/p>\n","protected":false},"excerpt":{"rendered":"<p>Dovoluji si reagovat na televizn\u00ed rozhovor pana prezidenta k rozd\u011blen\u00ed \u010ceskoslovenska. Jako obvykle jsou pro mne z\u00e1v\u011bry pana prezidenta po\u017eitkem, ov\u0161em v tomto bolestn\u00e9m t\u00e9matu m\u00e9n\u011b.<\/p>\n","protected":false},"author":1,"featured_media":0,"comment_status":"open","ping_status":"open","sticky":false,"template":"","format":"standard","meta":{"ngg_post_thumbnail":0,"footnotes":""},"categories":[13],"tags":[],"class_list":["post-2459","post","type-post","status-publish","format-standard","hentry","category-rozhovory"],"_links":{"self":[{"href":"https:\/\/www.ladislavjakl.cz\/index.php?rest_route=\/wp\/v2\/posts\/2459","targetHints":{"allow":["GET"]}}],"collection":[{"href":"https:\/\/www.ladislavjakl.cz\/index.php?rest_route=\/wp\/v2\/posts"}],"about":[{"href":"https:\/\/www.ladislavjakl.cz\/index.php?rest_route=\/wp\/v2\/types\/post"}],"author":[{"embeddable":true,"href":"https:\/\/www.ladislavjakl.cz\/index.php?rest_route=\/wp\/v2\/users\/1"}],"replies":[{"embeddable":true,"href":"https:\/\/www.ladislavjakl.cz\/index.php?rest_route=%2Fwp%2Fv2%2Fcomments&post=2459"}],"version-history":[{"count":2,"href":"https:\/\/www.ladislavjakl.cz\/index.php?rest_route=\/wp\/v2\/posts\/2459\/revisions"}],"predecessor-version":[{"id":2461,"href":"https:\/\/www.ladislavjakl.cz\/index.php?rest_route=\/wp\/v2\/posts\/2459\/revisions\/2461"}],"wp:attachment":[{"href":"https:\/\/www.ladislavjakl.cz\/index.php?rest_route=%2Fwp%2Fv2%2Fmedia&parent=2459"}],"wp:term":[{"taxonomy":"category","embeddable":true,"href":"https:\/\/www.ladislavjakl.cz\/index.php?rest_route=%2Fwp%2Fv2%2Fcategories&post=2459"},{"taxonomy":"post_tag","embeddable":true,"href":"https:\/\/www.ladislavjakl.cz\/index.php?rest_route=%2Fwp%2Fv2%2Ftags&post=2459"}],"curies":[{"name":"wp","href":"https:\/\/api.w.org\/{rel}","templated":true}]}}