{"id":2462,"date":"2012-08-28T16:37:03","date_gmt":"2012-08-28T14:37:03","guid":{"rendered":"http:\/\/www.ladislavjakl.cz\/?p=2462"},"modified":"2012-08-28T16:37:03","modified_gmt":"2012-08-28T14:37:03","slug":"jakl-nabizim-nazory-ne-sluzby-bohatym-klientum","status":"publish","type":"post","link":"https:\/\/www.ladislavjakl.cz\/?p=2462","title":{"rendered":"Jakl: Nab\u00edz\u00edm n\u00e1zory, ne slu\u017eby bohat\u00fdm klient\u016fm"},"content":{"rendered":"<div>Prezidentsk\u00fd  &#8222;aspirant&#8220; Ladislav Jakl tvrd\u00ed: Budu takov\u00fd, jak\u00fd jsem. V kampani  nebudu b\u011bhat maraton \u010di l\u00e9tat balonem. Nebudu si hr\u00e1t na supermana.<\/div>\n<div style=\"margin-top: 15px;\"><!--more--><strong><span style=\"font-size: x-small;\">19.srpen 2012<\/span><\/strong> &#8211; <strong><span style=\"font-size: x-small;\">18:15<\/span><\/strong><\/div>\n<div>&#8222;J\u00e1 nab\u00edz\u00edm sv\u00e9  n\u00e1zory, ne slu\u017eby bohat\u00fdm klient\u016fm jako jin\u00ed. Nehodl\u00e1m se rovn\u011b\u017e  najednou zbl\u00e1znit a hr\u00e1t si na n\u011bkoho jin\u00e9ho, sk\u00e1kat pad\u00e1kem, pot\u00e1p\u011bt  se, b\u011bhat maratony \u010di l\u00e9tat balonem. Voli\u010di maj\u00ed volit kandid\u00e1ty za to,  \u017ee jsou takov\u00ed, jac\u00ed jsou, ne za to, \u017ee p\u00e1r t\u00fddn\u016f ze sebe d\u011blaj\u00ed n\u011bkoho  jin\u00e9ho. Budu d\u00e1l takov\u00fd, jak\u00fd jsem byl v\u017edy. Ono je to i o dost  levn\u011bj\u0161\u00ed, ne\u017e si najednou hr\u00e1t na supermana,&#8220; uvedl Jakl v rozhovoru pro  server KohoVolit.eu.<\/p>\n<p>Na ot\u00e1zku, jak\u00e1 opat\u0159en\u00ed hodl\u00e1 p\u0159ijmout, aby finance jeho kampan\u011b byly otev\u0159em\u00e9, odv\u011btil:<\/p>\n<p>&#8222;Nezam\u011bstn\u00e1v\u00e1m  des\u00edtky a stovky \u00b4dobrovoln\u00edk\u016f\u00b4, nedost\u00e1v\u00e1m \u017e\u00e1dn\u00e9 miliony od lid\u00ed,  kte\u0159\u00ed si mezi jin\u00fdmi prezidentsk\u00fdmi aspiranty plat\u00ed sv\u00e9 kon\u011b a o\u010dek\u00e1vaj\u00ed  od nich, \u017ee se jim to pak v podob\u011b protekce vr\u00e1t\u00ed. Pokud budu vyv\u00edjet  n\u011bjak\u00e9 placen\u00e9 propaga\u010dn\u00ed aktivity, ur\u010dit\u011b tak ud\u011bl\u00e1m podle v\u0161ech dan\u00fdch  pravidel,&#8220; \u0159ekl.<\/p>\n<p>V kampani zat\u00edm neutratil ani korunu a ani to  nem\u00e1 v bl\u00edzk\u00e9 budoucnosti v \u00famyslu. Opravdov\u00e1 kampa\u0148 m\u00e1 podle n\u011bj smysl  a\u017e tehdy, kdy\u017e se aspirant skute\u010dn\u011b stane kandid\u00e1tem. Tedy pot\u00e9, co  spln\u00ed z\u00e1konem p\u0159edepsan\u00e9 podm\u00ednky.<\/p>\n<p>A kolik hodl\u00e1 do volebn\u00ed  kampan\u011b investovat alespo\u0148 pozd\u011bji? &#8222;J\u00e1 \u017e\u00e1dn\u00e9 pen\u00edze na tento \u00fa\u010del  nem\u00e1m,&#8220; \u0159\u00edk\u00e1. Ur\u010dit\u011b budu ze sv\u00e9ho financovat nap\u0159\u00edklad r\u016fzn\u00e9 cestov\u00e1n\u00ed,  pokud bude t\u0159eba. Mo\u017en\u00e1 n\u011bjak\u00e9 pen\u00edze utrat\u00ed jednotlivci nebo sujekty,  kte\u0159\u00ed m\u011b budou cht\u00edt podpo\u0159it, nap\u0159. Svobodn\u00ed. Ti s mou podporou hodlaj\u00ed  spojit svou krajskou a sen\u00e1tn\u00ed kampa\u0148 a jist\u011b na to \u00fa\u010det maj\u00ed.&#8220;<\/p>\n<p><em>(abb, foto: arch.)<\/em><\/div>\n<div><em><a href=\"http:\/\/www.prvnizpravy.cz\/zpravy\/z-domova\/jakl-nabizim-nazory-ne-sluzby-bohatym-klientum\/\" target=\"_blank\"><em>Zdroj<\/em><\/a><br \/>\n<\/em><\/div>\n","protected":false},"excerpt":{"rendered":"<p>Prezidentsk\u00fd &#8222;aspirant&#8220; Ladislav Jakl tvrd\u00ed: Budu takov\u00fd, jak\u00fd jsem. V kampani nebudu b\u011bhat maraton \u010di l\u00e9tat balonem. Nebudu si hr\u00e1t na supermana.<\/p>\n","protected":false},"author":1,"featured_media":0,"comment_status":"open","ping_status":"open","sticky":false,"template":"","format":"standard","meta":{"ngg_post_thumbnail":0,"footnotes":""},"categories":[17,11],"tags":[],"class_list":["post-2462","post","type-post","status-publish","format-standard","hentry","category-jakl-president","category-ozvena"],"_links":{"self":[{"href":"https:\/\/www.ladislavjakl.cz\/index.php?rest_route=\/wp\/v2\/posts\/2462","targetHints":{"allow":["GET"]}}],"collection":[{"href":"https:\/\/www.ladislavjakl.cz\/index.php?rest_route=\/wp\/v2\/posts"}],"about":[{"href":"https:\/\/www.ladislavjakl.cz\/index.php?rest_route=\/wp\/v2\/types\/post"}],"author":[{"embeddable":true,"href":"https:\/\/www.ladislavjakl.cz\/index.php?rest_route=\/wp\/v2\/users\/1"}],"replies":[{"embeddable":true,"href":"https:\/\/www.ladislavjakl.cz\/index.php?rest_route=%2Fwp%2Fv2%2Fcomments&post=2462"}],"version-history":[{"count":1,"href":"https:\/\/www.ladislavjakl.cz\/index.php?rest_route=\/wp\/v2\/posts\/2462\/revisions"}],"predecessor-version":[{"id":2463,"href":"https:\/\/www.ladislavjakl.cz\/index.php?rest_route=\/wp\/v2\/posts\/2462\/revisions\/2463"}],"wp:attachment":[{"href":"https:\/\/www.ladislavjakl.cz\/index.php?rest_route=%2Fwp%2Fv2%2Fmedia&parent=2462"}],"wp:term":[{"taxonomy":"category","embeddable":true,"href":"https:\/\/www.ladislavjakl.cz\/index.php?rest_route=%2Fwp%2Fv2%2Fcategories&post=2462"},{"taxonomy":"post_tag","embeddable":true,"href":"https:\/\/www.ladislavjakl.cz\/index.php?rest_route=%2Fwp%2Fv2%2Ftags&post=2462"}],"curies":[{"name":"wp","href":"https:\/\/api.w.org\/{rel}","templated":true}]}}