{"id":2470,"date":"2012-08-28T16:44:02","date_gmt":"2012-08-28T14:44:02","guid":{"rendered":"http:\/\/www.ladislavjakl.cz\/?p=2470"},"modified":"2012-08-28T16:44:02","modified_gmt":"2012-08-28T14:44:02","slug":"klausuv-tajemnik-jakl-beze-strachu-o-ruskych-kundich-orgiich","status":"publish","type":"post","link":"https:\/\/www.ladislavjakl.cz\/?p=2470","title":{"rendered":"Klaus\u016fv tajemn\u00edk Jakl beze strachu o rusk\u00fdch Kund\u00edch orgi\u00edch"},"content":{"rendered":"<p>Na \u00favod p\u00ed\u0161e o rusk\u00e9 d\u00edv\u010d\u00ed skupin\u011b, jej\u00ed\u017e jm\u00e9no p\u0159ekl\u00e1d\u00e1 jako \u201eKund\u00ed  orgie\u201c a kter\u00e1 pr\u00fd v\u011brna sv\u00e9mu n\u00e1zvu p\u0159edv\u00e1d\u011bla na olt\u00e1\u0159i k\u0159es\u0165ansk\u00e9ho  chr\u00e1mu soulo\u017e, aby si ud\u011blala reklamu. Te\u010f kv\u016fli tomu m\u00e1 opl\u00e9ta\u010dky se  z\u00e1konem a \u0161iky pokrokov\u00fdch novin\u00e1\u0159\u016f se mohou zbl\u00e1znit.<\/p>\n<p><!--more--><\/p>\n<p>Sv\u00e9 si v\u0161ak mysl\u00ed o \u201epokrokov\u00fdch\u201c novin\u00e1\u0159\u00edch, kte\u0159\u00ed spustili na  obhajobu rusk\u00fdch punkerek k\u0159ik. \u201eProto\u017ee p\u0159esn\u011b p\u0159ed rokem ze m\u011b \u00fapln\u011b  stejn\u00ed novin\u00e1\u0159i ud\u011blali nacistu pr\u00e1v\u011b za n\u00e1zor, \u017ee kapely nemaj\u00ed b\u00fdt  trestn\u011b st\u00edh\u00e1ny za svou hudbu, i kdyby zp\u00edvaly sebev\u011bt\u0161\u00ed pitomosti,\u201c  p\u0159ipom\u00edn\u00e1 jeden ze\u00a0 sv\u00fdch skand\u00e1l\u016f.<\/p>\n<p>P\u0159ipom\u00edn\u00e1, jak jej strana Zelen\u00fdch dokonce nech\u00e1vala p\u0159e\u0161et\u0159it NB\u00da jako  bezpe\u010dnostn\u00ed hrozbu, proto\u017ee si kdosi vzpomn\u011bl na t\u0159i roky star\u00e1 slova  na Jaklov\u011b blogu. Tam p\u0159ipom\u00edn\u00e1, \u017ee mezi kapelami zp\u00edvaj\u00ed r\u016fzn\u00e9  &#8222;vypatlan\u00e9 makovice, kter\u00e9 by za jejich pitominy proti negr\u016fm a \u017elut\u00fdm  m\u011bli rodi\u010de vytahat za u\u0161i&#8220;.<\/p>\n<p>\u201eAle je zatracen\u00fd rozd\u00edl mezi skute\u010dn\u00fdm n\u00e1sil\u00edm, kter\u00e9 je odporn\u00e9 v  ka\u017ed\u00e9 podob\u011b a s jakoukoli motivac\u00ed, a zu\u0159iv\u00fdm zp\u011bvem n\u011bjak\u00fdch trubek.  N\u00e1sil\u00ed je t\u0159eba trestat d\u016fsledn\u011b a tvrd\u011b. Ale trestat n\u011bkoho za  p\u00edsni\u010dky, jakkoli pitom\u00e9?\u201c pt\u00e1 se \u0159e\u010dnicky.<\/p>\n<p>N\u00e1sledn\u011b mu pr\u00fd na\u0161li dal\u0161\u00ed n\u00e1ckovsk\u00fd vroubek, kdy\u017e poskytl rozhovor,  p\u0159i jeho\u017e po\u0159\u00edzen\u00ed byl p\u0159\u00edtomen n\u011bjak\u00fd \u00fadajn\u00fd n\u00e1cek. \u201eRozhovory jsem u\u017e  poskytl dokonce i den\u00edku Mlad\u00e1 fronta Dnes a nestyd\u00edm se za to. Ale asi  bych m\u011bl. A m\u011bl bych se pt\u00e1t ka\u017ed\u00e9ho \u010dlov\u011bka, se kter\u00fdm mluv\u00edm, jestli  n\u00e1hodou neposlouch\u00e1 nevhodn\u00e9 kapely, t\u0159eba Kund\u00ed orgie,\u201c uzav\u00edr\u00e1 rocker,  kandiduj\u00edc\u00ed na prezidenta republiky.<\/p>\n<p><a href=\"http:\/\/www.parlamentnilisty.cz\/zpravy\/Klausuv-tajemnik-Jakl-beze-strachu-o-ruskych-Kundich-orgiich-243521\" target=\"_blank\">Zdroj<\/a><\/p>\n","protected":false},"excerpt":{"rendered":"<p>Na \u00favod p\u00ed\u0161e o rusk\u00e9 d\u00edv\u010d\u00ed skupin\u011b, jej\u00ed\u017e jm\u00e9no p\u0159ekl\u00e1d\u00e1 jako \u201eKund\u00ed orgie\u201c a kter\u00e1 pr\u00fd v\u011brna sv\u00e9mu n\u00e1zvu p\u0159edv\u00e1d\u011bla na olt\u00e1\u0159i k\u0159es\u0165ansk\u00e9ho chr\u00e1mu soulo\u017e, aby si ud\u011blala reklamu. Te\u010f kv\u016fli tomu m\u00e1 opl\u00e9ta\u010dky se z\u00e1konem a \u0161iky pokrokov\u00fdch novin\u00e1\u0159\u016f se mohou zbl\u00e1znit.<\/p>\n","protected":false},"author":1,"featured_media":0,"comment_status":"open","ping_status":"open","sticky":false,"template":"","format":"standard","meta":{"ngg_post_thumbnail":0,"footnotes":""},"categories":[11],"tags":[],"class_list":["post-2470","post","type-post","status-publish","format-standard","hentry","category-ozvena"],"_links":{"self":[{"href":"https:\/\/www.ladislavjakl.cz\/index.php?rest_route=\/wp\/v2\/posts\/2470","targetHints":{"allow":["GET"]}}],"collection":[{"href":"https:\/\/www.ladislavjakl.cz\/index.php?rest_route=\/wp\/v2\/posts"}],"about":[{"href":"https:\/\/www.ladislavjakl.cz\/index.php?rest_route=\/wp\/v2\/types\/post"}],"author":[{"embeddable":true,"href":"https:\/\/www.ladislavjakl.cz\/index.php?rest_route=\/wp\/v2\/users\/1"}],"replies":[{"embeddable":true,"href":"https:\/\/www.ladislavjakl.cz\/index.php?rest_route=%2Fwp%2Fv2%2Fcomments&post=2470"}],"version-history":[{"count":1,"href":"https:\/\/www.ladislavjakl.cz\/index.php?rest_route=\/wp\/v2\/posts\/2470\/revisions"}],"predecessor-version":[{"id":2471,"href":"https:\/\/www.ladislavjakl.cz\/index.php?rest_route=\/wp\/v2\/posts\/2470\/revisions\/2471"}],"wp:attachment":[{"href":"https:\/\/www.ladislavjakl.cz\/index.php?rest_route=%2Fwp%2Fv2%2Fmedia&parent=2470"}],"wp:term":[{"taxonomy":"category","embeddable":true,"href":"https:\/\/www.ladislavjakl.cz\/index.php?rest_route=%2Fwp%2Fv2%2Fcategories&post=2470"},{"taxonomy":"post_tag","embeddable":true,"href":"https:\/\/www.ladislavjakl.cz\/index.php?rest_route=%2Fwp%2Fv2%2Ftags&post=2470"}],"curies":[{"name":"wp","href":"https:\/\/api.w.org\/{rel}","templated":true}]}}