{"id":2472,"date":"2012-08-28T16:45:23","date_gmt":"2012-08-28T14:45:23","guid":{"rendered":"http:\/\/www.ladislavjakl.cz\/?p=2472"},"modified":"2012-08-28T16:45:23","modified_gmt":"2012-08-28T14:45:23","slug":"hlas-normalu-v-homosexualisty-okupovane-praze","status":"publish","type":"post","link":"https:\/\/www.ladislavjakl.cz\/?p=2472","title":{"rendered":"Hlas norm\u00e1lu v homosexualisty okupovan\u00e9 Praze"},"content":{"rendered":"<div>Pod  sochou svat\u00e9ho V\u00e1clava na pra\u017esk\u00e9m V\u00e1clavsk\u00e9m n\u00e1m\u011bst\u00ed po\u0159\u00e1dala v sobotu  dopoledne Akce D.O.S.T. protest proti homosexualismu.<\/div>\n<div><\/div>\n<div><!--more--><\/div>\n<div style=\"margin-top: 15px;\"><strong><span style=\"font-size: x-small;\">18.srpen 2012<\/span><\/strong> &#8211; <strong><span style=\"font-size: x-small;\">19:47<\/span><\/strong><\/div>\n<p>A\u017e t\u0159i stovky  \u00fa\u010dastn\u00edk\u016f akce s n\u00e1zvem &#8222;Obrana hrdosti norm\u00e1ln\u00edch lid\u00ed&#8220; si vyslechly  zdravice a proslovy n\u011bkolika \u0159e\u010dn\u00edk\u016f, prokl\u00e1dan\u00e9 krylovsk\u00fdmi p\u00edsn\u011bmi  Tom\u00e1\u0161e Hameta.<\/p>\n<p>&#8222;Prim\u00e1tor Svoboda, hanba n\u00e1roda,&#8220; provolal  nap\u0159\u00edklad p\u0159edseda ob\u010dansk\u00e9ho sdru\u017een\u00ed \u00b4Ob\u010dan\u00e9 v Praze za sv\u00e1 pr\u00e1va\u00b4  Karel Berka v souvislosti se z\u00e1\u0161titou, kterou akci homosexu\u00e1l\u016f poskytl  prim\u00e1tor Prahy Bohuslav Svoboda.<\/p>\n<p>Je hanba ODS, \u017ee se v n\u00ed nena\u0161ly  osobnosti, kter\u00e9 by proti prim\u00e1torovu populistick\u00e9mu gestu vystoupily,  \u0159ekl p\u0159edseda Akce D.O.S.T. Michal Sem\u00edn, kter\u00fd cel\u00e9 shrom\u00e1\u017ed\u011bn\u00ed  moderoval. Sv\u011btlo v\u00fdjimkou je ale podle n\u011bj poslanec ODS Jaroslav  Plach\u00fd, kter\u00fd setk\u00e1n\u00ed zaslal zdravici.<\/p>\n<p>&#8222;Jestli je v\u00e1m \u017eivot  na\u0161eho n\u00e1roda mil\u00fd, podpo\u0159te tradi\u010dn\u00ed rodinu,&#8220; vzk\u00e1zal v n\u011bm Plach\u00fd sv\u00fdm  koleg\u016fm v politice. K\u0159ep\u010den\u00ed homosexu\u00e1l\u016f, kter\u00e9ho bude za malou chv\u00edli  Praha sv\u011bdkem, po\u0161lap\u00e1v\u00e1 svatov\u00e1clavskou tradici zem\u011b a rozhodn\u011b nen\u00ed  n\u011b\u010d\u00edm, na co by m\u011bla b\u00fdt Praha hrd\u00e1. Naopak &#8211; je to ostuda pro Prahu a  pro prim\u00e1tora zvl\u00e1\u0161t\u011b, kdy\u017e nech\u00e1pe duchovn\u00ed v\u00fdznam souso\u0161\u00ed sv. V\u00e1clava,  \u0159ekl Plach\u00fd. Pr\u00e1v\u011b od sochy sv. V\u00e1clava m\u00e1 pozd\u011bj\u0161\u00ed pochod  homosexualist\u016f a levi\u010d\u00e1k\u016f vyrazit, co\u017e konzervativci pova\u017euj\u00ed za  jednozna\u010dn\u00fd projev provokace a konfrontace.<\/p>\n<p>Shrom\u00e1\u017ed\u011bn\u00ed  pozdravili i dva kandid\u00e1ti na prezidenta, Ji\u0159\u00ed Karas a Ladislav Jakl.  &#8222;Protestuji proti tomu, \u017ee homosexu\u00e1lov\u00e9 cht\u011bj\u00ed dnes projevit svoji  nad\u0159azenost v\u016f\u010di n\u00e1m, norm\u00e1ln\u00edm ob\u010dan\u016fm,&#8220; vysv\u011btlil svou \u00fa\u010dast diplomat  Karas, kter\u00fd p\u0159i\u0161el osobn\u011b.<\/p>\n<p>Prezident\u016fv tajemn\u00edk tlumo\u010dil sv\u00e9  sympatie akci na obranu konzervativn\u00edch hodnot dopisem z Chebu. Podle  n\u011bj se zde dnes sejdou dv\u011b skupiny &#8211; jednu by popsal jako skupinu  p\u0159esv\u011bd\u010denou o tom, \u017ee &#8222;co se ukazuje pod pe\u0159inou, nem\u00e1 se ukazovat na  ve\u0159ejnosti&#8220;, druh\u00e1 by se zase dala charakterizovat slovy &#8222;koukej bejt  tolerantn\u00ed, nebo dostane\u0161 po tlam\u011b&#8220;. Je jasn\u00e9, \u017ee j\u00e1 se hl\u00e1s\u00edm k prvn\u00edmu  t\u00e1boru, \u0159ekl Jakl.<\/p>\n<p>Hrad zastupoval i dal\u0161\u00ed bl\u00edzk\u00fd spolupracovn\u00edk  prezidenta Klause, vicekancl\u00e9\u0159 Petr H\u00e1jek. Pozdravil konzervativce  jm\u00e9nem prezidenta republiky a ve sv\u00e9m projevu si v\u0161\u00edmal hlavn\u011b role  m\u00e9di\u00ed, kter\u00e1 &#8211; &#8222;p\u011bkn\u011b po bol\u0161evicku jednotn\u00e1&#8220; &#8211; se letos stala tak\u0159ka  registrovan\u00fdmi partnery t\u00e9to n\u00e1borov\u00e9 akce homosexualist\u016f.<\/p>\n<p>Michal  Sem\u00edn na z\u00e1v\u011br p\u0159e\u010detl prohl\u00e1\u0161en\u00ed v\u00edce ne\u017e 120 p\u0159edstavitel\u016f  prorodinn\u00fdch organizac\u00ed z cel\u00e9ho sv\u011bta, kter\u00e9 odm\u00edtav\u00fd postoj Akce  D.O.S.T. k pochodu homosexualist\u016f podpo\u0159ily.<\/p>\n<p>Nete\u0159 Martina Luther  Kinga Alveda King, b\u00fdval\u00fd guvern\u00e9r st\u00e1tu Arkansas Mike Huckabee, b\u00fdval\u00fd  v\u016fdce v\u011bt\u0161iny ve Sn\u011bmovn\u011b reprezentant\u016f Tom DeLay, Yehuda Levin,  reprezentuj\u00edc\u00ed v\u00edce jak 1200 ortodoxn\u00edch rab\u00edn\u016f a des\u00edtky p\u0159edstavitel\u016f  prorodinn\u00fdch organizac\u00ed z USA, Evropy a Latinsk\u00e9 Ameriky \u2013 ti v\u0161ichni  p\u0159ipojili sv\u016fj podpis pod prohl\u00e1\u0161en\u00ed, iniciovan\u00e9 Sv\u011btov\u00fdm kongresem  rodin, na podporu odm\u00edtav\u00e9ho stanoviska Akce D.O.S.T. k festivalu Prague  Pride a politick\u00e9 z\u00e1\u0161tit\u011b dom\u00e1c\u00ed i zahrani\u010dn\u00ed, j\u00ed\u017e se mu nepr\u00e1vem  dostalo.<\/p>\n<p>&#8222;Neum\u00edme si p\u0159edstavit hor\u0161\u00ed formu kulturn\u00edho  imperialismu, ne\u017e kdy\u017e se Washington pokou\u0161\u00ed p\u0159inutit spole\u010dnosti,  uzn\u00e1vaj\u00edc\u00ed tradi\u010dn\u00ed hodnoty, uznat opr\u00e1vn\u011bnost homosexu\u00e1ln\u00ed agendy.  Vyjad\u0159ujeme sv\u00e9 uzn\u00e1n\u00ed Michalu Sem\u00ednovi, p\u0159edsedovi Akce D.O.S.T., a  dal\u0161\u00edm p\u0159edstavitel\u016fm \u010desk\u00fdch prorodinn\u00fdch organizac\u00ed, za jejich  neochv\u011bjnou obranu p\u0159irozen\u00e9 rodiny,&#8220; stoj\u00ed v tomto prohl\u00e1\u0161en\u00ed.<\/p>\n<p>Setk\u00e1n\u00ed  zakon\u010dil zp\u011bv svatov\u00e1clavsk\u00e9ho chor\u00e1lu, pot\u00e9 se n\u011bkte\u0159\u00ed z \u00fa\u010dastn\u00edk\u016f  p\u0159ipojili k k Pochodu pro rodinu, kter\u00fd po\u0159\u00e1daj\u00ed Mlad\u00ed k\u0159es\u0165an\u0161t\u00ed  demokrat\u00e9 pod z\u00e1\u0161titou arcibiskupa Dominika Duky a kter\u00fd projde v  bl\u00edzkosti srazu \u00fa\u010dastn\u00edk\u016f duhov\u00e9ho pr\u016fvodu.<\/p>\n<p>&#8222;Homosexu\u00e1ln\u00ed \u017eivotn\u00ed  styl nen\u00ed u\u017e z anatomick\u00e9ho d\u016fvodu zam\u011b\u0159en v\u016fbec k mo\u017enosti plozen\u00ed a z  toho d\u016fvodu tak\u00e9 nezasluhuje \u017e\u00e1dnou spole\u010denskou ochranu,&#8220; \u0159ekl na  Michal Sem\u00edn, p\u0159edseda akce D.O.S.T. Nar\u00e1\u017eel tak na politickou podporu  Prague Pride, ke kter\u00e9 se hl\u00e1s\u00ed nap\u0159\u00edklad pra\u017esk\u00fd prim\u00e1tor.<\/p>\n<p>P\u0159\u00edznivci  akce D.O.S.T. dorazili na V\u00e1clavsk\u00e9 n\u00e1m\u011bst\u00ed vyzbrojen\u00ed transparenty s  n\u00e1pisy jako &#8222;Nesm\u00ed\u0161 obcovat s mu\u017eem jako se \u017eenou, je to ohavnost!&#8220; nebo  &#8222;Dost bylo homosexualismu!&#8220; a &#8222;Unie otc\u016f &#8211; D\u011bti maj\u00ed pr\u00e1vo na oba  rodi\u010de!&#8220;.<\/p>\n<p>Na n\u00e1m\u011bst\u00ed byla tak\u00e9 mo\u017enost podpo\u0159it kandid\u00e1ta na prezidenta Ji\u0159\u00edho Karase a tak\u00e9 jeho &#8222;soupe\u0159e&#8220; Ladislava Jakla.<\/p>\n<p><a href=\"http:\/\/www.prvnizpravy.cz\/zpravy\/z-domova\/hlas-normalu-v-homosexualisty-okupovane-praze\/\" target=\"_blank\">Zdroj<\/a><\/p>\n","protected":false},"excerpt":{"rendered":"<p>Pod sochou svat\u00e9ho V\u00e1clava na pra\u017esk\u00e9m V\u00e1clavsk\u00e9m n\u00e1m\u011bst\u00ed po\u0159\u00e1dala v sobotu dopoledne Akce D.O.S.T. protest proti homosexualismu.<\/p>\n","protected":false},"author":1,"featured_media":0,"comment_status":"open","ping_status":"open","sticky":false,"template":"","format":"standard","meta":{"ngg_post_thumbnail":0,"footnotes":""},"categories":[11],"tags":[],"class_list":["post-2472","post","type-post","status-publish","format-standard","hentry","category-ozvena"],"_links":{"self":[{"href":"https:\/\/www.ladislavjakl.cz\/index.php?rest_route=\/wp\/v2\/posts\/2472","targetHints":{"allow":["GET"]}}],"collection":[{"href":"https:\/\/www.ladislavjakl.cz\/index.php?rest_route=\/wp\/v2\/posts"}],"about":[{"href":"https:\/\/www.ladislavjakl.cz\/index.php?rest_route=\/wp\/v2\/types\/post"}],"author":[{"embeddable":true,"href":"https:\/\/www.ladislavjakl.cz\/index.php?rest_route=\/wp\/v2\/users\/1"}],"replies":[{"embeddable":true,"href":"https:\/\/www.ladislavjakl.cz\/index.php?rest_route=%2Fwp%2Fv2%2Fcomments&post=2472"}],"version-history":[{"count":1,"href":"https:\/\/www.ladislavjakl.cz\/index.php?rest_route=\/wp\/v2\/posts\/2472\/revisions"}],"predecessor-version":[{"id":2473,"href":"https:\/\/www.ladislavjakl.cz\/index.php?rest_route=\/wp\/v2\/posts\/2472\/revisions\/2473"}],"wp:attachment":[{"href":"https:\/\/www.ladislavjakl.cz\/index.php?rest_route=%2Fwp%2Fv2%2Fmedia&parent=2472"}],"wp:term":[{"taxonomy":"category","embeddable":true,"href":"https:\/\/www.ladislavjakl.cz\/index.php?rest_route=%2Fwp%2Fv2%2Fcategories&post=2472"},{"taxonomy":"post_tag","embeddable":true,"href":"https:\/\/www.ladislavjakl.cz\/index.php?rest_route=%2Fwp%2Fv2%2Ftags&post=2472"}],"curies":[{"name":"wp","href":"https:\/\/api.w.org\/{rel}","templated":true}]}}