{"id":2474,"date":"2012-08-28T16:47:32","date_gmt":"2012-08-28T14:47:32","guid":{"rendered":"http:\/\/www.ladislavjakl.cz\/?p=2474"},"modified":"2012-08-28T16:47:32","modified_gmt":"2012-08-28T14:47:32","slug":"ladislav-jakl-o-trestu-smrti","status":"publish","type":"post","link":"https:\/\/www.ladislavjakl.cz\/?p=2474","title":{"rendered":"Ladislav Jakl o trestu smrti"},"content":{"rendered":"<p><strong>Dobr\u00fd den, pane Jakle. \u0158ada Va\u0161ich n\u00e1zor\u016f je mi sympatick\u00e1 a zva\u017euji, \u017ee podpo\u0159\u00edm Va\u0161\u00ed kandidaturu na prezidenta. M\u00e1m jedin\u00fd dotaz &#8211; jak\u00fd je V\u00e1\u0161 n\u00e1zor na trest smrti a budete podporovat jeho znovuzaveden\u00ed? Nem\u00edn\u00edm tajit, \u017ee jsem jednozna\u010dn\u00fd zast\u00e1nce trestu smrti a budu podporovat takov\u00e9 kandid\u00e1ty, kte\u0159\u00ed maj\u00ed stejn\u00fd nebo podobn\u00fd n\u00e1zor. D\u011bkuji za ochotu a p\u0159eji p\u0159\u00edjemn\u00fd den. <\/strong><\/p>\n<p><strong>M. S.<\/strong><\/p>\n<p><strong><!--more--><\/strong><em>Dobr\u00fd den.<\/em><\/p>\n<p><em>Pominu to, \u017ee na p\u0159\u00edpadn\u00e9 zaveden\u00ed trestu smrti prezident nem\u00e1 vliv, nem\u00e1 ani podle na\u0161\u00ed \u00fastavy pr\u00e1vo navrhovat z\u00e1kony nebo jejich zm\u011bny. D\u00e1le to, \u017ee trest smrti u n\u00e1s zakazuj\u00ed mezin\u00e1rodn\u00ed \u00famluvy a \u010dlenstv\u00ed v Rade Evropy.<\/em><\/p>\n<p><em>Ale t\u00edm bych se vyh\u00fdbal sv\u00e9mu n\u00e1zoru:<\/em><\/p>\n<p><em>Jakkoli u V\u00e1s \u017e\u00e1dn\u00fd bod nez\u00edsk\u00e1m, mus\u00edm \u0159\u00edci v t\u00e9to v\u011bci za sebe NE.<\/em><\/p>\n<p><em>St\u00e1t nem\u00e1 pr\u00e1vo br\u00e1t \u017eivot. St\u00e1t ho nikomu nedal. V t\u00e9to v\u011bci nepou\u017e\u00edv\u00e1m nep\u0159\u00edm\u00e9 argumenty typu &#8222;riziko justi\u010dn\u00edho omylu&#8220;. Podle mne trest smrti nem\u00e1 dost ani jasn\u00fd vin\u00edk. Proto\u017ee z\u00e1kladn\u00ed idea, \u017ee \u017eivot je v\u00edc ne\u017e lidsk\u00fd z\u00e1kon, je hlub\u0161\u00ed ne\u017e jak\u00fdkoli konkr\u00e9tn\u00ed p\u0159\u00edpad konkr\u00e9tn\u00edho zlo\u010dince.<\/em><\/p>\n<p><em>Zdrav\u00ed L. Jakl <\/em><\/p>\n","protected":false},"excerpt":{"rendered":"<p>Dobr\u00fd den, pane Jakle. \u0158ada Va\u0161ich n\u00e1zor\u016f je mi sympatick\u00e1 a zva\u017euji, \u017ee podpo\u0159\u00edm Va\u0161\u00ed kandidaturu na prezidenta. M\u00e1m jedin\u00fd dotaz &#8211; jak\u00fd je V\u00e1\u0161 n\u00e1zor na trest smrti a budete podporovat jeho znovuzaveden\u00ed? Nem\u00edn\u00edm tajit, \u017ee jsem jednozna\u010dn\u00fd zast\u00e1nce trestu smrti a budu podporovat takov\u00e9 kandid\u00e1ty, kte\u0159\u00ed maj\u00ed stejn\u00fd nebo podobn\u00fd n\u00e1zor. D\u011bkuji za [&hellip;]<\/p>\n","protected":false},"author":1,"featured_media":0,"comment_status":"open","ping_status":"open","sticky":false,"template":"","format":"standard","meta":{"ngg_post_thumbnail":0,"footnotes":""},"categories":[17,13],"tags":[],"class_list":["post-2474","post","type-post","status-publish","format-standard","hentry","category-jakl-president","category-rozhovory"],"_links":{"self":[{"href":"https:\/\/www.ladislavjakl.cz\/index.php?rest_route=\/wp\/v2\/posts\/2474","targetHints":{"allow":["GET"]}}],"collection":[{"href":"https:\/\/www.ladislavjakl.cz\/index.php?rest_route=\/wp\/v2\/posts"}],"about":[{"href":"https:\/\/www.ladislavjakl.cz\/index.php?rest_route=\/wp\/v2\/types\/post"}],"author":[{"embeddable":true,"href":"https:\/\/www.ladislavjakl.cz\/index.php?rest_route=\/wp\/v2\/users\/1"}],"replies":[{"embeddable":true,"href":"https:\/\/www.ladislavjakl.cz\/index.php?rest_route=%2Fwp%2Fv2%2Fcomments&post=2474"}],"version-history":[{"count":1,"href":"https:\/\/www.ladislavjakl.cz\/index.php?rest_route=\/wp\/v2\/posts\/2474\/revisions"}],"predecessor-version":[{"id":2475,"href":"https:\/\/www.ladislavjakl.cz\/index.php?rest_route=\/wp\/v2\/posts\/2474\/revisions\/2475"}],"wp:attachment":[{"href":"https:\/\/www.ladislavjakl.cz\/index.php?rest_route=%2Fwp%2Fv2%2Fmedia&parent=2474"}],"wp:term":[{"taxonomy":"category","embeddable":true,"href":"https:\/\/www.ladislavjakl.cz\/index.php?rest_route=%2Fwp%2Fv2%2Fcategories&post=2474"},{"taxonomy":"post_tag","embeddable":true,"href":"https:\/\/www.ladislavjakl.cz\/index.php?rest_route=%2Fwp%2Fv2%2Ftags&post=2474"}],"curies":[{"name":"wp","href":"https:\/\/api.w.org\/{rel}","templated":true}]}}