{"id":2490,"date":"2012-08-31T14:34:38","date_gmt":"2012-08-31T12:34:38","guid":{"rendered":"http:\/\/www.ladislavjakl.cz\/?p=2490"},"modified":"2012-08-31T14:34:38","modified_gmt":"2012-08-31T12:34:38","slug":"podekovani-josefu-chuchmovi","status":"publish","type":"post","link":"https:\/\/www.ladislavjakl.cz\/?p=2490","title":{"rendered":"Pod\u011bkov\u00e1n\u00ed Josefu Chuchmovi"},"content":{"rendered":"<p>Ahoj, Joz\u00edfku, ty kluku u\u0161at\u00e1, tos mi ale ud\u011blal radost! Fakt m\u011b pot\u011b\u0161ilo, \u017ee na m\u011b po\u0159\u00e1d tak hezky mysl\u00ed\u0161 a \u017ee mi dokonce p\u0159es str\u00e1nky den\u00edku Mlad\u00e1 fronta pos\u00edl\u00e1\u0161 rady a podn\u011bty pro mou p\u0159\u00ed\u0161t\u00ed pr\u00e1ci prezidenta republiky.<\/p>\n<p><!--more-->S nad\u0161en\u00edm jsem si p\u0159e\u010detl tvou v\u011btu z 25. srpna, ve kter\u00e9 mi rad\u00ed\u0161 toto &#8222;S nov\u00fdm \u010desk\u00fdm prezidentem (d\u00edky, Pepo) by m\u011blo p\u0159ij\u00edt nov\u00e9 ko\u0161t\u011b, kter\u00e9 by z t\u011bchto ubytovac\u00edch prostor (my\u0161leno z prostor na Pra\u017esk\u00e9m hrad\u011b) vymetlo ka\u017ed\u00e9ho zam\u011bstnance, kter\u00fd m\u00e1  trval\u00e9 bydli\u0161t\u011b a rodinu v hlavn\u00edm m\u011bst\u011b.&#8220;<\/p>\n<p>Hrozn\u011b r\u00e1d se podle tv\u00e9 rady za\u0159\u00edd\u00edm, jen m\u00e1m ale prosbu, jestli bys mi nedal seznam t\u011bch zam\u011bstnanc\u016f, bydl\u00edc\u00edch na Hrad\u011b a maj\u00edc\u00edch rodinu a trval\u00e9 bydli\u0161t\u011b v Praze. J\u00e1 jsem toti\u017e o \u017e\u00e1dn\u00e9m takov\u00e9m nikdy nesly\u0161el. Ale ty ur\u010dit\u011b t\u00edm seznamem disponuje\u0161, p\u0159ece bys jinak nepsal slova, ze kter\u00fdch by si \u010dten\u00e1\u0159 odvodil, \u017ee n\u011bkdo takov\u00fd existuje, kdybys o \u017e\u00e1dn\u00e9m takov\u00e9m s jistotou nev\u011bd\u011bl. Nechce se mi v\u011b\u0159it, \u017ee bys n\u011bco takov\u00e9ho psal, ani\u017e bys takov\u00fd seznam m\u011bl. To by o tob\u011b spolu\u017e\u00e1ci \u0159\u00edkali, \u017ee jsi bol\u0161evick\u00fd hajzl\u00edk, pln\u00fdm pr\u00e1vem, a takov\u00e1 p\u0159edstava se mi p\u0159\u00ed\u010d\u00ed. Jestli ten seznam nem\u00e1\u0161 zrovna poruce, koukni se, pros\u00edm, do archivu sv\u00fdch \u010dl\u00e1nk\u016f z doby prezidentov\u00e1n\u00ed V\u00e1clava Havla, tam se to ur\u010dit\u011b ve smyslu tv\u00e9ho hesla &#8222;padni komu padni&#8220; hem\u017e\u00ed principi\u00e1ln\u00ed kritikou pom\u011br\u016f na Hrad\u011b.<\/p>\n<p>Velmi mi otev\u0159ela o\u010di i tv\u00e1 v\u011bta o tom, \u017ee ka\u017ed\u00fd zam\u011bstnanec by m\u011bl na Pra\u017esk\u00fd hrad doj\u00ed\u017ed\u011bt, proto\u017ee &#8222;stranit se mal\u00fdch ka\u017edodenn\u00edch provozn\u00edch martyri\u00ed, to vede k opouzd\u0159en\u00ed mysli (tys byl v\u017edycky b\u00e1sn\u00edk), ke ztr\u00e1t\u011b citu pro ka\u017edodennost a n\u00e1ladu ve spole\u010dnosti&#8220;. Kone\u010dn\u011b v\u00edm, co mi p\u0159i\u0161lo zvl\u00e1\u0161tn\u00ed na jednom instalat\u00e9rovi ze Spr\u00e1vy pra\u017esk\u00e9ho hradu, kter\u00fd bydl\u00ed jen kousek od Hradu a chod\u00ed do pr\u00e1ce p\u011b\u0161ky. On m\u00e1 ur\u010dit\u011b opouzd\u0159enou mysl a nav\u00edc ztratil smysl pro n\u00e1ladu ve spole\u010dnosti! U\u017e je mi to jasn\u00e9 a to jen d\u00edky tob\u011b!<\/p>\n<p>Je\u0161t\u011b jednou t\u011b moc zdrav\u00edm a nezapome\u0148 na m\u011b s t\u00edm seznamem, abych se do toho vymet\u00e1n\u00ed dal, jakmile nastoup\u00edm do \u00fa\u0159adu.<\/p>\n<p>Tv\u016fj<\/p>\n<p>L\u00e1\u010fa Jakl<\/p>\n","protected":false},"excerpt":{"rendered":"<p>Ahoj, Joz\u00edfku, ty kluku u\u0161at\u00e1, tos mi ale ud\u011blal radost! Fakt m\u011b pot\u011b\u0161ilo, \u017ee na m\u011b po\u0159\u00e1d tak hezky mysl\u00ed\u0161 a \u017ee mi dokonce p\u0159es str\u00e1nky den\u00edku Mlad\u00e1 fronta pos\u00edl\u00e1\u0161 rady a podn\u011bty pro mou p\u0159\u00ed\u0161t\u00ed pr\u00e1ci prezidenta republiky.<\/p>\n","protected":false},"author":1,"featured_media":0,"comment_status":"open","ping_status":"open","sticky":false,"template":"","format":"standard","meta":{"ngg_post_thumbnail":0,"footnotes":""},"categories":[10],"tags":[],"class_list":["post-2490","post","type-post","status-publish","format-standard","hentry","category-zlehka"],"_links":{"self":[{"href":"https:\/\/www.ladislavjakl.cz\/index.php?rest_route=\/wp\/v2\/posts\/2490","targetHints":{"allow":["GET"]}}],"collection":[{"href":"https:\/\/www.ladislavjakl.cz\/index.php?rest_route=\/wp\/v2\/posts"}],"about":[{"href":"https:\/\/www.ladislavjakl.cz\/index.php?rest_route=\/wp\/v2\/types\/post"}],"author":[{"embeddable":true,"href":"https:\/\/www.ladislavjakl.cz\/index.php?rest_route=\/wp\/v2\/users\/1"}],"replies":[{"embeddable":true,"href":"https:\/\/www.ladislavjakl.cz\/index.php?rest_route=%2Fwp%2Fv2%2Fcomments&post=2490"}],"version-history":[{"count":1,"href":"https:\/\/www.ladislavjakl.cz\/index.php?rest_route=\/wp\/v2\/posts\/2490\/revisions"}],"predecessor-version":[{"id":2491,"href":"https:\/\/www.ladislavjakl.cz\/index.php?rest_route=\/wp\/v2\/posts\/2490\/revisions\/2491"}],"wp:attachment":[{"href":"https:\/\/www.ladislavjakl.cz\/index.php?rest_route=%2Fwp%2Fv2%2Fmedia&parent=2490"}],"wp:term":[{"taxonomy":"category","embeddable":true,"href":"https:\/\/www.ladislavjakl.cz\/index.php?rest_route=%2Fwp%2Fv2%2Fcategories&post=2490"},{"taxonomy":"post_tag","embeddable":true,"href":"https:\/\/www.ladislavjakl.cz\/index.php?rest_route=%2Fwp%2Fv2%2Ftags&post=2490"}],"curies":[{"name":"wp","href":"https:\/\/api.w.org\/{rel}","templated":true}]}}